{"id":111941,"date":"2021-02-23T13:33:14","date_gmt":"2021-02-23T18:33:14","guid":{"rendered":"https:\/\/linitiative.ca\/International\/lois-organiques-regissant-le-systeme-electoral-les-principaux-amendements\/"},"modified":"2021-02-23T13:33:14","modified_gmt":"2021-02-23T18:33:14","slug":"lois-organiques-regissant-le-systeme-electoral-les-principaux-amendements","status":"publish","type":"post","link":"https:\/\/linitiative.ca\/International\/lois-organiques-regissant-le-systeme-electoral-les-principaux-amendements\/","title":{"rendered":"Lois organiques r\u00e9gissant le syst\u00e8me \u00e9lectoral: Les principaux amendements"},"content":{"rendered":"<div class=\"single-featured\"><img alt=\"\" data-src=\"http:\/\/www.mapoujda.ma\/map\/uploads\/2021\/02\/Le-ministre-de-l\u2019Int\u00e9rieur-Abdelouafi-Laftit-750\u00d7430-MAP.jpg\"\/><\/div>\n<div class=\"entry-content clearfix single-post-content\" readability=\"59\">\n<p class=\"c4\">Voici les principaux amendements pr\u00e9vus par les projets de lois organiques r\u00e9gissant le syst\u00e8me \u00e9lectoral, tels que pr\u00e9sent\u00e9s, mardi, par le ministre de l\u2019Int\u00e9rieur, Abdelouafi Laftit, devant la Commission de l\u2019int\u00e9rieur, des collectivit\u00e9s territoriales, de l\u2019habitat et de la politique de la ville \u00e0 la Chambre des repr\u00e9sentants :<\/p>\n<p class=\"c4\"><strong>\u2013<\/strong> La circonscription nationale remplac\u00e9e par des circonscriptions r\u00e9gionales;<\/p>\n<p class=\"c4\"><strong>\u2013<\/strong> R\u00e9vocation de tout d\u00e9put\u00e9 ayant quitt\u00e9 le parti politique avec lequel il s\u2019\u00e9tait pr\u00e9sent\u00e9 aux \u00e9lections;<\/p>\n<p class=\"c4\"><strong>\u2013<\/strong> R\u00e9vocation de tout d\u00e9put\u00e9 ayant quitt\u00e9 son groupe ou groupement parlementaire;<\/p>\n<p class=\"c4\"><strong>\u2013<\/strong> Le mandat de pr\u00e9sident de conseil d\u2019une commune de plus de 300.000 habitants, incompatible\u00a0avec celui de d\u00e9put\u00e9 ou de conseiller;<\/p>\n<p class=\"c4\"><strong>\u2013<\/strong> Maintien d\u2019un groupe parlementaire pour le patronat au sein de la Chambre des conseillers;<\/p>\n<p class=\"c4\"><strong>\u2013<\/strong> Augmentation du montant des dons, legs et lib\u00e9ralit\u00e9s en num\u00e9raire ou en nature autoris\u00e9s pour les partis politiques de 300.000 DH \u00e0 500.000 DH par an et par donateur.<\/p>\n<\/div>\n<p>Auteur: Soufiane ELAHMAR<br \/>\n<a href=\"http:\/\/www.mapoujda.ma\/fr\/lois-organiques-regissant-le-systeme-electoral-les-principaux-amendements\/\">Cliquez ici pour lire l&rsquo;article depuis sa source.<\/a><\/p>\n","protected":false},"excerpt":{"rendered":"<p>Voici les principaux amendements pr\u00e9vus par les projets de lois organiques r\u00e9gissant le syst\u00e8me \u00e9lectoral, tels que pr\u00e9sent\u00e9s, mardi, par le ministre de l\u2019Int\u00e9rieur, Abdelouafi Laftit, devant la Commission de l\u2019int\u00e9rieur, des collectivit\u00e9s territoriales, de l\u2019habitat et de la politique de la ville \u00e0 la Chambre des repr\u00e9sentants : \u2013 La circonscription nationale remplac\u00e9e par [&hellip;]<\/p>\n","protected":false},"author":1788,"featured_media":0,"comment_status":"closed","ping_status":"closed","sticky":false,"template":"","format":"standard","meta":{"fifu_image_url":"http:\/\/www.mapoujda.ma\/map\/uploads\/2021\/02\/Le-ministre-de-l\u2019Int\u00e9rieur-Abdelouafi-Laftit-750\u00d7430-MAP.jpg","fifu_image_alt":"Lois organiques r\u00e9gissant le syst\u00e8me \u00e9lectoral: Les principaux amendements","footnotes":""},"categories":[54,76],"tags":[],"class_list":["post-111941","post","type-post","status-publish","format-standard","hentry","category-maroc","category-regions"],"_links":{"self":[{"href":"https:\/\/linitiative.ca\/International\/wp-json\/wp\/v2\/posts\/111941","targetHints":{"allow":["GET"]}}],"collection":[{"href":"https:\/\/linitiative.ca\/International\/wp-json\/wp\/v2\/posts"}],"about":[{"href":"https:\/\/linitiative.ca\/International\/wp-json\/wp\/v2\/types\/post"}],"author":[{"embeddable":true,"href":"https:\/\/linitiative.ca\/International\/wp-json\/wp\/v2\/users\/1788"}],"replies":[{"embeddable":true,"href":"https:\/\/linitiative.ca\/International\/wp-json\/wp\/v2\/comments?post=111941"}],"version-history":[{"count":0,"href":"https:\/\/linitiative.ca\/International\/wp-json\/wp\/v2\/posts\/111941\/revisions"}],"wp:attachment":[{"href":"https:\/\/linitiative.ca\/International\/wp-json\/wp\/v2\/media?parent=111941"}],"wp:term":[{"taxonomy":"category","embeddable":true,"href":"https:\/\/linitiative.ca\/International\/wp-json\/wp\/v2\/categories?post=111941"},{"taxonomy":"post_tag","embeddable":true,"href":"https:\/\/linitiative.ca\/International\/wp-json\/wp\/v2\/tags?post=111941"}],"curies":[{"name":"wp","href":"https:\/\/api.w.org\/{rel}","templated":true}]}}