{"id":111942,"date":"2021-02-23T16:07:54","date_gmt":"2021-02-23T21:07:54","guid":{"rendered":"https:\/\/linitiative.ca\/International\/m-otmani-salue-le-recrutement-de-650-personnes-en-situation-de-handicap-depuis-2018\/"},"modified":"2021-02-23T16:07:54","modified_gmt":"2021-02-23T21:07:54","slug":"m-otmani-salue-le-recrutement-de-650-personnes-en-situation-de-handicap-depuis-2018","status":"publish","type":"post","link":"https:\/\/linitiative.ca\/International\/m-otmani-salue-le-recrutement-de-650-personnes-en-situation-de-handicap-depuis-2018\/","title":{"rendered":"M. Otmani salue le recrutement de 650 personnes en situation de handicap depuis 2018"},"content":{"rendered":"<p class=\"c4\">Le Chef de gouvernement, Saad Dine El Otmani, a salu\u00e9 l\u2019augmentation du nombre des personnes en situation de handicap qui ont \u00e9t\u00e9 recrut\u00e9es dans les administrations publiques \u00e0 environ 650 personnes depuis d\u00e9cembre 2018, la date de d\u00e9roulement du premier concours d\u00e9di\u00e9 \u00e0 cette cat\u00e9gorie dans l\u2019histoire du Maroc.<\/p>\n<p class=\"c4\">M. Otmani, qui a visit\u00e9 mardi deux centres accueillant depuis lundi ce concours, a indiqu\u00e9 que \u00ab\u00a0cette initiative s\u2019inscrit dans le cadre du respect des engagements du gouvernement envers les personnes en situation de handicap\u00a0\u00bb, relevant que l\u2019ambition est de leur offrir des possibilit\u00e9s d\u2019int\u00e9grer la fonction publique apr\u00e8s le passage d\u2019un concours unifi\u00e9, selon un communiqu\u00e9 du D\u00e9partement du Chef du gouvernement.<\/p>\n<p class=\"c4\">Le Chef de gouvernement a indiqu\u00e9, dans une d\u00e9claration \u00e0 l\u2019issue de sa visite aux centres d\u2019examens qui ont eu lieu au si\u00e8ge de la D\u00e9l\u00e9gation de l\u2019Entraide nationale \u00e0 Sal\u00e9 ainsi qu\u2019\u00e0 l\u2019Ecole nationale sup\u00e9rieure de l\u2019administration (ENSA) de Rabat, que \u00ab\u00a0ces personnes en situation de handicap ont besoin de notre attention. C\u2019est pour cette raison que nous avons d\u00e9cid\u00e9 de leur consacrer un concours unifi\u00e9 pour rattraper l\u2019incapacit\u00e9 d\u2019atteindre les 7% qui leur sont allou\u00e9s du total des postes dans la fonction publique selon la circulaire publi\u00e9e depuis l\u2019ann\u00e9e 2000\u00a0\u00bb.<\/p>\n<p class=\"c4\">L\u2019initiative du concours unifi\u00e9 organis\u00e9 pour la troisi\u00e8me fois cons\u00e9cutive rev\u00eat une grande importance au regard de l\u2019augmentation du nombre des personnes retenues qui int\u00e9greront la fonction publique, poursuit M. El Otmani.<\/p>\n<p class=\"c4\">Cette ann\u00e9e, et en raison des circonstances de la pand\u00e9mie \u00ab\u00a0Covid-19\u00a0\u00bb, 30 centres r\u00e9partis dans les diff\u00e9rentes r\u00e9gions du Royaume ont \u00e9t\u00e9 mis \u00e0 disposition des candidats pour passer les concours unifi\u00e9s d\u00e9di\u00e9s aux personnes en situation de handicap, note le communiqu\u00e9.<\/p>\n<p class=\"c4\">Les candidatures ont \u00e9t\u00e9, en outre, pr\u00e9sent\u00e9es par voie num\u00e9rique via la plateforme de la fonction publique, en plus de l\u2019adoption de la plateforme \u00ab\u00a0Khadamaty\u00a0\u00bb lanc\u00e9e par le minist\u00e8re de la Solidarit\u00e9, du d\u00e9veloppement social, de l\u2019\u00e9galit\u00e9 et de la famille pour l\u2019obtention des attestations de handicap \u00e0 pr\u00e9senter lors de l\u2019enregistrement \u00e9lectronique.<\/p>\n<p class=\"c4\">Le concours unifi\u00e9 des personnes en situation de handicap, qui se tient en f\u00e9vrier 2021, est le troisi\u00e8me du genre dans l\u2019histoire du Maroc, sachant que le premier concours a \u00e9t\u00e9 organis\u00e9, le 23 d\u00e9cembre 2018, pour recruter 50 administrateurs 3\u00e8me grade, dans lequel 942 candidats ont particip\u00e9.<\/p>\n<p>Auteur: Soufiane ELAHMAR<br \/>\n<a href=\"http:\/\/www.mapoujda.ma\/fr\/m-otmani-salue-le-recrutement-de-650-personnes-en-situation-de-handicap-depuis-2018\/\">Cliquez ici pour lire l&rsquo;article depuis sa source.<\/a><\/p>\n","protected":false},"excerpt":{"rendered":"<p>Le Chef de gouvernement, Saad Dine El Otmani, a salu\u00e9 l\u2019augmentation du nombre des personnes en situation de handicap qui ont \u00e9t\u00e9 recrut\u00e9es dans les administrations publiques \u00e0 environ 650 personnes depuis d\u00e9cembre 2018, la date de d\u00e9roulement du premier concours d\u00e9di\u00e9 \u00e0 cette cat\u00e9gorie dans l\u2019histoire du Maroc. M. Otmani, qui a visit\u00e9 mardi [&hellip;]<\/p>\n","protected":false},"author":1788,"featured_media":0,"comment_status":"closed","ping_status":"closed","sticky":false,"template":"","format":"standard","meta":{"fifu_image_url":"","fifu_image_alt":"","footnotes":""},"categories":[54,76],"tags":[],"class_list":["post-111942","post","type-post","status-publish","format-standard","hentry","category-maroc","category-regions"],"_links":{"self":[{"href":"https:\/\/linitiative.ca\/International\/wp-json\/wp\/v2\/posts\/111942","targetHints":{"allow":["GET"]}}],"collection":[{"href":"https:\/\/linitiative.ca\/International\/wp-json\/wp\/v2\/posts"}],"about":[{"href":"https:\/\/linitiative.ca\/International\/wp-json\/wp\/v2\/types\/post"}],"author":[{"embeddable":true,"href":"https:\/\/linitiative.ca\/International\/wp-json\/wp\/v2\/users\/1788"}],"replies":[{"embeddable":true,"href":"https:\/\/linitiative.ca\/International\/wp-json\/wp\/v2\/comments?post=111942"}],"version-history":[{"count":0,"href":"https:\/\/linitiative.ca\/International\/wp-json\/wp\/v2\/posts\/111942\/revisions"}],"wp:attachment":[{"href":"https:\/\/linitiative.ca\/International\/wp-json\/wp\/v2\/media?parent=111942"}],"wp:term":[{"taxonomy":"category","embeddable":true,"href":"https:\/\/linitiative.ca\/International\/wp-json\/wp\/v2\/categories?post=111942"},{"taxonomy":"post_tag","embeddable":true,"href":"https:\/\/linitiative.ca\/International\/wp-json\/wp\/v2\/tags?post=111942"}],"curies":[{"name":"wp","href":"https:\/\/api.w.org\/{rel}","templated":true}]}}