{"id":111943,"date":"2021-02-24T08:32:43","date_gmt":"2021-02-24T13:32:43","guid":{"rendered":"https:\/\/linitiative.ca\/International\/maroc-telecom-explique-les-raisons-des-perturbations-de-la-navigation\/"},"modified":"2021-02-24T08:32:43","modified_gmt":"2021-02-24T13:32:43","slug":"maroc-telecom-explique-les-raisons-des-perturbations-de-la-navigation","status":"publish","type":"post","link":"https:\/\/linitiative.ca\/International\/maroc-telecom-explique-les-raisons-des-perturbations-de-la-navigation\/","title":{"rendered":"Maroc Telecom explique les raisons des perturbations de la navigation"},"content":{"rendered":"<p class=\"c4\">Maroc Telecom a annonc\u00e9, mercredi, que dans le cadre de la maintenance r\u00e9guli\u00e8re des infrastructures r\u00e9seaux, une coupure volontaire du c\u00e2ble sous-marin Atlas Offshore, reliant Asilah \u00e0 Marseille, a eu lieu vendredi dernier pour une remise en service pr\u00e9vue mercredi.<\/p>\n<p class=\"c4\">\u00ab\u00a0Dans le cadre de la maintenance r\u00e9guli\u00e8re des infrastructures r\u00e9seaux, une coupure volontaire du c\u00e2ble sous-marin Atlas Offshore, reliant Asilah \u00e0 Marseille, a eu lieu le vendredi 19\/02\/2021 pour une remise en service pr\u00e9vue le 25\/02\/2021\u00a0\u00bb, indique l\u2019op\u00e9rateur dans un communiqu\u00e9.<\/p>\n<p class=\"c4\">Cette op\u00e9ration vise \u00e0 anticiper des probl\u00e8mes de qualit\u00e9 de service et l\u2019am\u00e9lioration des performances, pr\u00e9cise Maroc Telecom, ajoutant qu\u2019au cours de cette op\u00e9ration, tout le trafic international transitant par ledit c\u00e2ble a \u00e9t\u00e9 bascul\u00e9 sur le c\u00e2ble sous-marin Loukkos reliant Asilah \u00e0 S\u00e9ville.<\/p>\n<p class=\"c4\">Certaines perturbations intermittentes de qualit\u00e9 de service ont \u00e9t\u00e9 constat\u00e9es, notamment la lenteur de la navigation sur Facebook, Instagram et sur WhatsApp, note la m\u00eame source.<\/p>\n<p class=\"c4\">Maroc Telecom assure ainsi avoir r\u00e9tabli la situation lundi dernier en soir\u00e9e et ce bien avant la remise en service du c\u00e2ble sous-marin Atlas Offshore, tout en pr\u00e9sentant ses excuses pour la g\u00eane occasionn\u00e9e.<\/p>\n<p>Auteur: Soufiane ELAHMAR<br \/>\n<a href=\"http:\/\/www.mapoujda.ma\/fr\/maroc-telecom-explique-les-raisons-des-perturbations-de-la-navigation\/\">Cliquez ici pour lire l&rsquo;article depuis sa source.<\/a><\/p>\n","protected":false},"excerpt":{"rendered":"<p>Maroc Telecom a annonc\u00e9, mercredi, que dans le cadre de la maintenance r\u00e9guli\u00e8re des infrastructures r\u00e9seaux, une coupure volontaire du c\u00e2ble sous-marin Atlas Offshore, reliant Asilah \u00e0 Marseille, a eu lieu vendredi dernier pour une remise en service pr\u00e9vue mercredi. \u00ab\u00a0Dans le cadre de la maintenance r\u00e9guli\u00e8re des infrastructures r\u00e9seaux, une coupure volontaire du c\u00e2ble [&hellip;]<\/p>\n","protected":false},"author":1788,"featured_media":0,"comment_status":"closed","ping_status":"closed","sticky":false,"template":"","format":"standard","meta":{"fifu_image_url":"","fifu_image_alt":"","footnotes":""},"categories":[54,76],"tags":[],"class_list":["post-111943","post","type-post","status-publish","format-standard","hentry","category-maroc","category-regions"],"_links":{"self":[{"href":"https:\/\/linitiative.ca\/International\/wp-json\/wp\/v2\/posts\/111943","targetHints":{"allow":["GET"]}}],"collection":[{"href":"https:\/\/linitiative.ca\/International\/wp-json\/wp\/v2\/posts"}],"about":[{"href":"https:\/\/linitiative.ca\/International\/wp-json\/wp\/v2\/types\/post"}],"author":[{"embeddable":true,"href":"https:\/\/linitiative.ca\/International\/wp-json\/wp\/v2\/users\/1788"}],"replies":[{"embeddable":true,"href":"https:\/\/linitiative.ca\/International\/wp-json\/wp\/v2\/comments?post=111943"}],"version-history":[{"count":0,"href":"https:\/\/linitiative.ca\/International\/wp-json\/wp\/v2\/posts\/111943\/revisions"}],"wp:attachment":[{"href":"https:\/\/linitiative.ca\/International\/wp-json\/wp\/v2\/media?parent=111943"}],"wp:term":[{"taxonomy":"category","embeddable":true,"href":"https:\/\/linitiative.ca\/International\/wp-json\/wp\/v2\/categories?post=111943"},{"taxonomy":"post_tag","embeddable":true,"href":"https:\/\/linitiative.ca\/International\/wp-json\/wp\/v2\/tags?post=111943"}],"curies":[{"name":"wp","href":"https:\/\/api.w.org\/{rel}","templated":true}]}}