{"id":111945,"date":"2021-02-24T14:06:01","date_gmt":"2021-02-24T19:06:01","guid":{"rendered":"https:\/\/linitiative.ca\/International\/rencontre-a-oujda-sur-le-droit-dacces-a-linformation\/"},"modified":"2021-02-24T14:06:01","modified_gmt":"2021-02-24T19:06:01","slug":"rencontre-a-oujda-sur-le-droit-dacces-a-linformation","status":"publish","type":"post","link":"https:\/\/linitiative.ca\/International\/rencontre-a-oujda-sur-le-droit-dacces-a-linformation\/","title":{"rendered":"Rencontre \u00e0 Oujda sur le droit d\u2019acc\u00e8s \u00e0 l\u2019information"},"content":{"rendered":"<p class=\"c4\">\u00ab\u00a0Les enjeux politiques et sociaux du droit d\u2019acc\u00e8s des citoyens et des citoyennes \u00e0 l\u2019information dans la r\u00e9gion de l\u2019Oriental\u00a0\u00bb est le th\u00e8me d\u2019une table-ronde organis\u00e9e, mercredi \u00e0 Oujda, par l\u2019Association de coop\u00e9ration pour le d\u00e9veloppement et la culture (ACODEC).<\/p>\n<p class=\"c4\">La rencontre a \u00e9t\u00e9 marqu\u00e9e par la pr\u00e9sentation des recommandations d\u2019une \u00e9tude ax\u00e9e sur l\u2019acc\u00e8s des citoyens et des citoyennes \u00e0 l\u2019information dans les provinces de Larache, Oujda et Al Hoceima, suivie d\u2019un d\u00e9bat sur les d\u00e9fis de l\u2019acc\u00e8s \u00e0 l\u2019information au niveau communal.<\/p>\n<p class=\"c4\">Les discussions ont port\u00e9 notamment sur les dispositions de la Loi 31-13 relative au droit d\u2019acc\u00e8s \u00e0 l\u2019information, les m\u00e9canismes de la gouvernance et la mise en application au niveau communal du droit d\u2019acc\u00e8s \u00e0 l\u2019information.<\/p>\n<p class=\"c4\">Cette rencontre, qui r\u00e9unit des fonctionnaires, des \u00e9lus et des acteurs associatifs de cinq communes de la pr\u00e9fecture d\u2019Oujda-Angad, s\u2019inscrit dans le cadre du projet \u00ab\u00a0Appui \u00e0 la consolidation des dynamiques de participation d\u00e9mocratique au niveau provincial, r\u00e9gional et national pour contribuer \u00e0 la r\u00e9duction des in\u00e9galit\u00e9s socio\u00e9conomiques\u00a0\u00bb, a indiqu\u00e9 le pr\u00e9sident d\u2019ACODEC, Rezzouki Miloud.<\/p>\n<p class=\"c4\">Ce projet, a-t-il pr\u00e9cis\u00e9 dans une d\u00e9claration \u00e0 la MAP, est men\u00e9 dans trois provinces (Oujda, Larache et Al Hoceima) en partenariat avec les organisations non gouvernementales \u00ab\u00a0Mouvement pour la Paix (MPDL)\u00a0\u00bb et \u00ab\u00a0Oxfam\u00a0\u00bb et b\u00e9n\u00e9ficie d\u2019un appui financier de l\u2019Agence espagnole de coop\u00e9ration internationale pour le d\u00e9veloppement (AECID).<\/p>\n<p class=\"c4\">L\u2019objectif dudit projet est de renforcer la d\u00e9mocratie participative et la participation citoyenne \u00e0 la gestion de la chose publique, a dit M. Rezzouki, notant que cette rencontre, qui se veut une session de formation sur \u00ab\u00a0l\u2019acc\u00e8s \u00e0 l\u2019information\u00a0\u00bb, constitue une occasion pour pr\u00e9senter, analyser et enrichir une \u00e9tude r\u00e9alis\u00e9e par l\u2019ACODEC \u00e0 ce sujet au niveau de la r\u00e9gion de l\u2019Oriental.<\/p>\n<p class=\"c4\">De son c\u00f4t\u00e9, Khadija Rebbah, militante des droits de la femme a relev\u00e9 que la crise engendr\u00e9e \u00e0 plusieurs niveaux par la pand\u00e9mie du nouveau coronavirus (Covid-19), tant sur le plan national que sur le plan international, requiert plus que jamais la consolidation de l\u2019\u00e9difice d\u00e9mocratique, et plus particuli\u00e8rement la d\u00e9mocratie participative \u00e0 l\u2019\u00e9chelon territorial.<\/p>\n<p class=\"c4\">Et de souligner que l\u2019un des principaux fondements de la d\u00e9mocratie participative est l\u2019acc\u00e8s l\u2019information, faisant savoir que la table-ronde qu\u2019organise l\u2019ACODEC en pr\u00e9sence d\u2019un groupe de jeunes, des deux sexes, tend \u00e0 expliquer et \u00e0 mettre la lumi\u00e8re sur le droits d\u2019acc\u00e8s \u00e0 l\u2019information.<\/p>\n<p class=\"c4\">Elle ambitionne \u00e9galement d\u2019assurer une formation sur les diff\u00e9rentes questions li\u00e9es \u00e0 l\u2019acc\u00e8s \u00e0 l\u2019information en tant que pilier indispensable de la d\u00e9mocratie participative, a encore ajout\u00e9 Mme Rebbah, qui porte aussi un int\u00e9r\u00eat actif aux sujets de la gouvernance et du d\u00e9veloppement au niveau territorial.<\/p>\n<p>Auteur: Soufiane ELAHMAR<br \/>\n<a href=\"http:\/\/www.mapoujda.ma\/fr\/rencontre-a-oujda-sur-le-droit-dacces-a-linformation\/\">Cliquez ici pour lire l&rsquo;article depuis sa source.<\/a><\/p>\n","protected":false},"excerpt":{"rendered":"<p>\u00ab\u00a0Les enjeux politiques et sociaux du droit d\u2019acc\u00e8s des citoyens et des citoyennes \u00e0 l\u2019information dans la r\u00e9gion de l\u2019Oriental\u00a0\u00bb est le th\u00e8me d\u2019une table-ronde organis\u00e9e, mercredi \u00e0 Oujda, par l\u2019Association de coop\u00e9ration pour le d\u00e9veloppement et la culture (ACODEC). La rencontre a \u00e9t\u00e9 marqu\u00e9e par la pr\u00e9sentation des recommandations d\u2019une \u00e9tude ax\u00e9e sur l\u2019acc\u00e8s [&hellip;]<\/p>\n","protected":false},"author":1788,"featured_media":0,"comment_status":"closed","ping_status":"closed","sticky":false,"template":"","format":"standard","meta":{"fifu_image_url":"","fifu_image_alt":"","footnotes":""},"categories":[54,76],"tags":[],"class_list":["post-111945","post","type-post","status-publish","format-standard","hentry","category-maroc","category-regions"],"_links":{"self":[{"href":"https:\/\/linitiative.ca\/International\/wp-json\/wp\/v2\/posts\/111945","targetHints":{"allow":["GET"]}}],"collection":[{"href":"https:\/\/linitiative.ca\/International\/wp-json\/wp\/v2\/posts"}],"about":[{"href":"https:\/\/linitiative.ca\/International\/wp-json\/wp\/v2\/types\/post"}],"author":[{"embeddable":true,"href":"https:\/\/linitiative.ca\/International\/wp-json\/wp\/v2\/users\/1788"}],"replies":[{"embeddable":true,"href":"https:\/\/linitiative.ca\/International\/wp-json\/wp\/v2\/comments?post=111945"}],"version-history":[{"count":0,"href":"https:\/\/linitiative.ca\/International\/wp-json\/wp\/v2\/posts\/111945\/revisions"}],"wp:attachment":[{"href":"https:\/\/linitiative.ca\/International\/wp-json\/wp\/v2\/media?parent=111945"}],"wp:term":[{"taxonomy":"category","embeddable":true,"href":"https:\/\/linitiative.ca\/International\/wp-json\/wp\/v2\/categories?post=111945"},{"taxonomy":"post_tag","embeddable":true,"href":"https:\/\/linitiative.ca\/International\/wp-json\/wp\/v2\/tags?post=111945"}],"curies":[{"name":"wp","href":"https:\/\/api.w.org\/{rel}","templated":true}]}}