{"id":111947,"date":"2021-02-24T09:56:39","date_gmt":"2021-02-24T14:56:39","guid":{"rendered":"https:\/\/linitiative.ca\/International\/microcredit-la-fondation-cdg-appuie-163-projets\/"},"modified":"2021-02-24T09:56:39","modified_gmt":"2021-02-24T14:56:39","slug":"microcredit-la-fondation-cdg-appuie-163-projets","status":"publish","type":"post","link":"https:\/\/linitiative.ca\/International\/microcredit-la-fondation-cdg-appuie-163-projets\/","title":{"rendered":"Microcr\u00e9dit: La Fondation CDG appuie 163 projets"},"content":{"rendered":"<p class=\"rtejustify\">La Fondation CDG a accorde\u0301 des aides financi\u00e8res a\u0300 163 micro-projets suite \u00e0 l\u2019appel a\u0300 projets lance\u0301 en juin 2020, lors de la 6e \u00e9dition du Programme national d\u2019appui aux activit\u00e9s g\u00e9n\u00e9ratrices de revenus (AGR) via le microcr\u00e9dit. Ces aides repr\u00e9sentent au total 2,5 millions de DH.<\/p>\n<p class=\"rtejustify\">Ce programme a \u00e9t\u00e9 initi\u00e9 en 2014 par la Fondation CDG avec divers partenaires, savoir le Centre Mohammed VI de soutien a\u0300 la microfinance solidaire, Microfinance solidaire, la F\u00e9d\u00e9ration nationale des associations de microcr\u00e9dit (FNAM) et le Fonds Jai\u0308da. Quelque 225 candidats porteurs de micro-projets provenant de diff\u00e9rentes r\u00e9gions ont particip\u00e9 \u00e0 cette \u00e9dition.<\/p>\n<p class=\"rtejustify\">L\u2019aide financi\u00e8re attribu\u00e9e leur permet de financer une partie ou la totalit\u00e9 de leur apport personnel, sans d\u00e9passer 50% du co\u00fbt du projet et a\u0300 la limite du plafond du cr\u00e9dit attribue\u0301 par les AMC. Les b\u00e9n\u00e9ficiaires seront form\u00e9s par le Centre Mohammed VI et auront un accompagnement du Fonds Jaida et de la FNAM via les AMC en vue de garantir la viabilit\u00e9\u0301 et la p\u00e9rennit\u00e9\u0301 de leurs projets.<\/p>\n<p class=\"rtejustify\">\u00a0<\/p>\n<p>Auteur: mbasraoui<br \/>\n<a href=\"https:\/\/www.leconomiste.com\/flash-infos\/microcredit-la-fondation-cdg-appuie-163-projets\">Cliquez ici pour lire l&rsquo;article depuis sa source.<\/a><\/p>\n","protected":false},"excerpt":{"rendered":"<p>La Fondation CDG a accorde\u0301 des aides financi\u00e8res a\u0300 163 micro-projets suite \u00e0 l\u2019appel a\u0300 projets lance\u0301 en juin 2020, lors de la 6e \u00e9dition du Programme national d\u2019appui aux activit\u00e9s g\u00e9n\u00e9ratrices de revenus (AGR) via le microcr\u00e9dit. Ces aides repr\u00e9sentent au total 2,5 millions de DH. Ce programme a \u00e9t\u00e9 initi\u00e9 en 2014 par [&hellip;]<\/p>\n","protected":false},"author":1763,"featured_media":0,"comment_status":"closed","ping_status":"closed","sticky":false,"template":"","format":"standard","meta":{"fifu_image_url":"","fifu_image_alt":"","footnotes":""},"categories":[78,54],"tags":[],"class_list":["post-111947","post","type-post","status-publish","format-standard","hentry","category-economie","category-maroc"],"_links":{"self":[{"href":"https:\/\/linitiative.ca\/International\/wp-json\/wp\/v2\/posts\/111947","targetHints":{"allow":["GET"]}}],"collection":[{"href":"https:\/\/linitiative.ca\/International\/wp-json\/wp\/v2\/posts"}],"about":[{"href":"https:\/\/linitiative.ca\/International\/wp-json\/wp\/v2\/types\/post"}],"author":[{"embeddable":true,"href":"https:\/\/linitiative.ca\/International\/wp-json\/wp\/v2\/users\/1763"}],"replies":[{"embeddable":true,"href":"https:\/\/linitiative.ca\/International\/wp-json\/wp\/v2\/comments?post=111947"}],"version-history":[{"count":0,"href":"https:\/\/linitiative.ca\/International\/wp-json\/wp\/v2\/posts\/111947\/revisions"}],"wp:attachment":[{"href":"https:\/\/linitiative.ca\/International\/wp-json\/wp\/v2\/media?parent=111947"}],"wp:term":[{"taxonomy":"category","embeddable":true,"href":"https:\/\/linitiative.ca\/International\/wp-json\/wp\/v2\/categories?post=111947"},{"taxonomy":"post_tag","embeddable":true,"href":"https:\/\/linitiative.ca\/International\/wp-json\/wp\/v2\/tags?post=111947"}],"curies":[{"name":"wp","href":"https:\/\/api.w.org\/{rel}","templated":true}]}}