{"id":111948,"date":"2021-02-24T10:36:55","date_gmt":"2021-02-24T15:36:55","guid":{"rendered":"https:\/\/linitiative.ca\/International\/maroc-ue-baisse-des-echanges-de-bien-en-2020\/"},"modified":"2021-02-24T10:36:55","modified_gmt":"2021-02-24T15:36:55","slug":"maroc-ue-baisse-des-echanges-de-bien-en-2020","status":"publish","type":"post","link":"https:\/\/linitiative.ca\/International\/maroc-ue-baisse-des-echanges-de-bien-en-2020\/","title":{"rendered":"Maroc-UE: Baisse des \u00e9changes de bien en 2020"},"content":{"rendered":"<p class=\"rtejustify\">Les \u00e9changes de biens entre le Maroc et l\u2019Union europ\u00e9enne (UE) ont recul\u00e9 l&rsquo;ann\u00e9e derni\u00e8re par rapport aux trois ann\u00e9es pr\u00e9c\u00e9dentes, pour s&rsquo;\u00e9tablir \u00e0 35 milliards d&rsquo;euros, selon les donn\u00e9es de la D\u00e9l\u00e9gation de l\u2019Union europ\u00e9enne \u00e0 Rabat.<\/p>\n<p class=\"rtejustify\">Ce repli s&rsquo;explique par les impacts de la pand\u00e9mie Covid-19 sur les \u00e9changes internationaux. Dans le d\u00e9tail, les exportations marocaines vers l&rsquo;UE ont atteint 15 milliards d&rsquo;euros, alors que ses importations depuis les pays de l&rsquo;UE atteignent 20 milliards d&rsquo;euros.<\/p>\n<p class=\"rtejustify\">Selon la D\u00e9l\u00e9gation, le commerce Maroc-UE repr\u00e9sente pr\u00e8s de 60% des \u00e9changes ext\u00e9rieurs du Royaume, le Maroc restant le 1er partenaire de l\u2019UE en M\u00e9diterran\u00e9e du Sud. Pour leur part, les \u00e9changes commerciaux agricoles entre le Maroc et l\u2019UE ont atteint pr\u00e8s de 4,6 milliards d\u2019euros en 2020, repr\u00e9sentant 13% des \u00e9changes totaux de biens entre les deux parties.<\/p>\n<p class=\"rtejustify\">Les \u00e9changes agricoles ont, de leur c\u00f4t\u00e9, augment\u00e9 malgr\u00e9 la pand\u00e9mie. Depuis l\u2019entr\u00e9e en vigueur de l\u2019accord agricole en 2012, les exportations marocaines \u00e0 destination de l\u2019UE ont plus doubl\u00e9 (2,2x) pour se situer \u00e0 2,5 milliards d\u2019euros en 2020 (16% des exportations marocaines globales vers l\u2019UE).<\/p>\n<p class=\"rtejustify\">\u00a0<\/p>\n<p>Auteur: mbasraoui<br \/>\n<a href=\"https:\/\/www.leconomiste.com\/flash-infos\/maroc-ue-baisse-des-echanges-de-bien-en-2020\">Cliquez ici pour lire l&rsquo;article depuis sa source.<\/a><\/p>\n","protected":false},"excerpt":{"rendered":"<p>Les \u00e9changes de biens entre le Maroc et l\u2019Union europ\u00e9enne (UE) ont recul\u00e9 l&rsquo;ann\u00e9e derni\u00e8re par rapport aux trois ann\u00e9es pr\u00e9c\u00e9dentes, pour s&rsquo;\u00e9tablir \u00e0 35 milliards d&rsquo;euros, selon les donn\u00e9es de la D\u00e9l\u00e9gation de l\u2019Union europ\u00e9enne \u00e0 Rabat. Ce repli s&rsquo;explique par les impacts de la pand\u00e9mie Covid-19 sur les \u00e9changes internationaux. Dans le d\u00e9tail, [&hellip;]<\/p>\n","protected":false},"author":1763,"featured_media":0,"comment_status":"closed","ping_status":"closed","sticky":false,"template":"","format":"standard","meta":{"fifu_image_url":"","fifu_image_alt":"","footnotes":""},"categories":[78,54],"tags":[],"class_list":["post-111948","post","type-post","status-publish","format-standard","hentry","category-economie","category-maroc"],"_links":{"self":[{"href":"https:\/\/linitiative.ca\/International\/wp-json\/wp\/v2\/posts\/111948","targetHints":{"allow":["GET"]}}],"collection":[{"href":"https:\/\/linitiative.ca\/International\/wp-json\/wp\/v2\/posts"}],"about":[{"href":"https:\/\/linitiative.ca\/International\/wp-json\/wp\/v2\/types\/post"}],"author":[{"embeddable":true,"href":"https:\/\/linitiative.ca\/International\/wp-json\/wp\/v2\/users\/1763"}],"replies":[{"embeddable":true,"href":"https:\/\/linitiative.ca\/International\/wp-json\/wp\/v2\/comments?post=111948"}],"version-history":[{"count":0,"href":"https:\/\/linitiative.ca\/International\/wp-json\/wp\/v2\/posts\/111948\/revisions"}],"wp:attachment":[{"href":"https:\/\/linitiative.ca\/International\/wp-json\/wp\/v2\/media?parent=111948"}],"wp:term":[{"taxonomy":"category","embeddable":true,"href":"https:\/\/linitiative.ca\/International\/wp-json\/wp\/v2\/categories?post=111948"},{"taxonomy":"post_tag","embeddable":true,"href":"https:\/\/linitiative.ca\/International\/wp-json\/wp\/v2\/tags?post=111948"}],"curies":[{"name":"wp","href":"https:\/\/api.w.org\/{rel}","templated":true}]}}