{"id":111953,"date":"2021-02-24T11:00:00","date_gmt":"2021-02-24T16:00:00","guid":{"rendered":"https:\/\/linitiative.ca\/International\/la-crise-au-tigre-est-hors-de-controle\/"},"modified":"2021-02-24T11:00:00","modified_gmt":"2021-02-24T16:00:00","slug":"la-crise-au-tigre-est-hors-de-controle","status":"publish","type":"post","link":"https:\/\/linitiative.ca\/International\/la-crise-au-tigre-est-hors-de-controle\/","title":{"rendered":"La crise au Tigr\u00e9 est  \u00ab hors de contr\u00f4le \u00bb"},"content":{"rendered":"<p class=\"p1 c3\"><span class=\"c2\"><strong>Le Temps-Agences- L\u2019UE a jug\u00e9, hier, la situation dans le nord de l\u2019\u00c9thiopie, en proie \u00e0 de sanglants combats, \u00ab militairement et humainement incontr\u00f4lable\u00bb.<\/strong><\/span><\/p>\n<p class=\"p2 c4\">\u00a0<\/p>\n<p class=\"p3 c5\"><span class=\"c2\">La crise dans la r\u00e9gion \u00e9thiopienne du Tigr\u00e9, th\u00e9\u00e2tre d\u2019un conflit entre ses autorit\u00e9s dissidentes et le pouvoir f\u00e9d\u00e9ral, semble \u00ab hors de contr\u00f4le \u00bb, a averti hier le ministre finlandais des Affaires \u00e9trang\u00e8res, Pekka Haavisto, de retour d\u2019une mission pour l\u2019Union europ\u00e9enne (UE).<\/span><\/p>\n<p class=\"p3 c5\"><span class=\"c2\">\u00ab La situation est militairement, humainement et sur le plan humanitaire, incontr\u00f4lable \u00bb, a-t-il d\u00e9clar\u00e9 lors d\u2019une rencontre avec la presse \u00e0 Bruxelles. Pekka Haavisto a r\u00e9it\u00e9r\u00e9 les appels urgents de la communaut\u00e9 internationale pour que le gouvernement \u00e9thiopien autorise un acc\u00e8s humanitaire total au Tigr\u00e9.<\/span><\/p>\n<p class=\"p2 c4\">\u00a0<\/p>\n<p class=\"p4 c6\"><span class=\"c2\"><strong>Afflux de r\u00e9fugi\u00e9s en Europe<\/strong><\/span><\/p>\n<p class=\"p3 c5\"><span class=\"c2\">Le ministre finlandais a averti que le Soudan voisin avait du mal \u00e0 faire face \u00e0 l\u2019afflux de dizaines de milliers de Tigr\u00e9ens qui y ont fui et que ces r\u00e9fugi\u00e9s risquent de vouloir gagner l\u2019Europe, \u00e9voquant \u00ab le d\u00e9but d\u2019une autre crise de r\u00e9fugi\u00e9s potentiellement importante dans le monde \u00bb.<\/span><\/p>\n<p class=\"p3 c5\"><span class=\"c2\">Le Tigr\u00e9 est le th\u00e9\u00e2tre de combats depuis d\u00e9but novembre 2020, apr\u00e8s la d\u00e9cision du premier ministre \u00e9thiopien Abiy Ahmed d\u2019envoyer l\u2019arm\u00e9e \u00e9thiopienne en d\u00e9loger le Front de lib\u00e9ration du Peuple du Tigr\u00e9 (TPLF), parti qui dirigeait alors la r\u00e9gion et contestait depuis plusieurs mois l\u2019autorit\u00e9 du gouvernement f\u00e9d\u00e9ral.<\/span><\/p>\n<p class=\"p2 c4\">\u00a0<\/p>\n<p class=\"p4 c6\"><span class=\"c2\"><strong>Entrave \u00e0 l\u2019aide humanitaire<\/strong><\/span><\/p>\n<p class=\"p3 c5\"><span class=\"c2\">Les troupes \u00e9thiopiennes ont pris la capitale r\u00e9gionale Mekele fin novembre, mais le TPLF a assur\u00e9 continuer la lutte et des affrontements continuent d\u2019\u00eatre signal\u00e9s, entravant l\u2019acheminement de l\u2019aide humanitaire. \u00ab Cette op\u00e9ration a dur\u00e9 plus de trois mois et nous n\u2019en voyons pas la fin \u00bb, a comment\u00e9 Pekka Haavisto.<\/span><\/p>\n<p class=\"p3 c5\"><span class=\"c2\">Il a d\u00e9plor\u00e9 que les dirigeants \u00e9thiopiens n\u2019aient pas r\u00e9ussi \u00e0 fournir une \u00ab image claire \u00bb de la situation au Tigr\u00e9, notamment concernant l\u2019implication largement document\u00e9e des forces de l\u2019\u00c9rythr\u00e9e voisine, malgr\u00e9 les d\u00e9n\u00e9gations d\u2019Addis Abeba et d\u2019Asmara.<\/span><\/p>\n<p class=\"p3 c5\"><span class=\"c2\">La Commission europ\u00e9enne a en d\u00e9cembre suspendu le versement de quelque 90 millions d\u2019euros (98 millions de francs) d\u2019aide budg\u00e9taire \u00e0 l\u2019\u00c9thiopie, faute pour Addis Abeba de garantir un acc\u00e8s humanitaire total au Tigr\u00e9.<\/span><\/p>\n<p>Auteur: letemps1<br \/>\n<a href=\"http:\/\/www.letemps.com.tn\/article\/119431\/la-crise-au-tigr%C3%A9-est-%C2%AB-hors-de-contr%C3%B4le-%C2%BB\">Cliquez ici pour lire l&rsquo;article depuis sa source.<\/a><\/p>\n","protected":false},"excerpt":{"rendered":"<p>Le Temps-Agences- L\u2019UE a jug\u00e9, hier, la situation dans le nord de l\u2019\u00c9thiopie, en proie \u00e0 de sanglants combats, \u00ab militairement et humainement incontr\u00f4lable\u00bb. \u00a0 La crise dans la r\u00e9gion \u00e9thiopienne du Tigr\u00e9, th\u00e9\u00e2tre d\u2019un conflit entre ses autorit\u00e9s dissidentes et le pouvoir f\u00e9d\u00e9ral, semble \u00ab hors de contr\u00f4le \u00bb, a averti hier le ministre [&hellip;]<\/p>\n","protected":false},"author":1773,"featured_media":0,"comment_status":"closed","ping_status":"closed","sticky":false,"template":"","format":"standard","meta":{"fifu_image_url":"","fifu_image_alt":"","footnotes":""},"categories":[73,55],"tags":[],"class_list":["post-111953","post","type-post","status-publish","format-standard","hentry","category-actualite","category-tunisie"],"_links":{"self":[{"href":"https:\/\/linitiative.ca\/International\/wp-json\/wp\/v2\/posts\/111953","targetHints":{"allow":["GET"]}}],"collection":[{"href":"https:\/\/linitiative.ca\/International\/wp-json\/wp\/v2\/posts"}],"about":[{"href":"https:\/\/linitiative.ca\/International\/wp-json\/wp\/v2\/types\/post"}],"author":[{"embeddable":true,"href":"https:\/\/linitiative.ca\/International\/wp-json\/wp\/v2\/users\/1773"}],"replies":[{"embeddable":true,"href":"https:\/\/linitiative.ca\/International\/wp-json\/wp\/v2\/comments?post=111953"}],"version-history":[{"count":0,"href":"https:\/\/linitiative.ca\/International\/wp-json\/wp\/v2\/posts\/111953\/revisions"}],"wp:attachment":[{"href":"https:\/\/linitiative.ca\/International\/wp-json\/wp\/v2\/media?parent=111953"}],"wp:term":[{"taxonomy":"category","embeddable":true,"href":"https:\/\/linitiative.ca\/International\/wp-json\/wp\/v2\/categories?post=111953"},{"taxonomy":"post_tag","embeddable":true,"href":"https:\/\/linitiative.ca\/International\/wp-json\/wp\/v2\/tags?post=111953"}],"curies":[{"name":"wp","href":"https:\/\/api.w.org\/{rel}","templated":true}]}}