{"id":111956,"date":"2021-02-24T15:14:07","date_gmt":"2021-02-24T20:14:07","guid":{"rendered":"https:\/\/linitiative.ca\/International\/international-as-monaco-un-international-portugais-espere\/"},"modified":"2021-02-24T15:14:07","modified_gmt":"2021-02-24T20:14:07","slug":"international-as-monaco-un-international-portugais-espere","status":"publish","type":"post","link":"https:\/\/linitiative.ca\/International\/international-as-monaco-un-international-portugais-espere\/","title":{"rendered":"International : AS Monaco : Un international portugais esp\u00e9r\u00e9"},"content":{"rendered":"<div readability=\"32\">\n<p>Auteur : <span class=\"time\">mercredi 24 f\u00e9vrier 2021 14:00<\/span><\/p>\n<\/div>\n<div id=\"post_core\" readability=\"41\">\n<p>En effet, l\u2019AS Monaco\u00a0s\u2019int\u00e9resserait \u00e0 l\u2019international portugais qui a vu sa carri\u00e8re ralenti \u00e0 cause de plusieurs blessures. Apparu \u00e0 18 reprises cette saison en championnat, il ne sera pas retenu par sa direction, malgr\u00e9 un contrat courant jusqu\u2019en juin 2023, selon Les-Transferts. Un montant de 15 millions d\u2019euros est d\u2019ailleurs \u00e9voqu\u00e9 pour celui qui int\u00e9resserait aussi West Ham et le Napoli.<\/p>\n<p><strong>Publi\u00e9 dans :<\/strong> <span>AS Monaco : Guedes<\/span><\/p>\n<\/div>\n<p>Auteur:<br \/>\n<a href=\"http:\/\/www.lebuteur.com\/article\/detail?titre=as-monaco-un-international-portugais-espere&#038;id=99189&#038;utm_source=feedburner&#038;utm_medium=feed&#038;utm_campaign=Feed%3A+GalerieFArtciles+%28Les+derniers+articles++-+lebuteur.com%29\">Cliquez ici pour lire l&rsquo;article depuis sa source.<\/a><\/p>\n","protected":false},"excerpt":{"rendered":"<p>Auteur : mercredi 24 f\u00e9vrier 2021 14:00 En effet, l\u2019AS Monaco\u00a0s\u2019int\u00e9resserait \u00e0 l\u2019international portugais qui a vu sa carri\u00e8re ralenti \u00e0 cause de plusieurs blessures. Apparu \u00e0 18 reprises cette saison en championnat, il ne sera pas retenu par sa direction, malgr\u00e9 un contrat courant jusqu\u2019en juin 2023, selon Les-Transferts. Un montant de 15 millions [&hellip;]<\/p>\n","protected":false},"author":1738,"featured_media":0,"comment_status":"closed","ping_status":"closed","sticky":false,"template":"","format":"standard","meta":{"fifu_image_url":"\/\/cdn.lebuteur.com\/data\/images\/article\/thumbs\/large-99189as-monaco-un-international-portugais-espere-f5e3b.jpg","fifu_image_alt":"International : AS Monaco : Un international portugais esp\u00e9r\u00e9","footnotes":""},"categories":[53,75],"tags":[],"class_list":["post-111956","post","type-post","status-publish","format-standard","hentry","category-algerie","category-sport"],"_links":{"self":[{"href":"https:\/\/linitiative.ca\/International\/wp-json\/wp\/v2\/posts\/111956","targetHints":{"allow":["GET"]}}],"collection":[{"href":"https:\/\/linitiative.ca\/International\/wp-json\/wp\/v2\/posts"}],"about":[{"href":"https:\/\/linitiative.ca\/International\/wp-json\/wp\/v2\/types\/post"}],"author":[{"embeddable":true,"href":"https:\/\/linitiative.ca\/International\/wp-json\/wp\/v2\/users\/1738"}],"replies":[{"embeddable":true,"href":"https:\/\/linitiative.ca\/International\/wp-json\/wp\/v2\/comments?post=111956"}],"version-history":[{"count":0,"href":"https:\/\/linitiative.ca\/International\/wp-json\/wp\/v2\/posts\/111956\/revisions"}],"wp:attachment":[{"href":"https:\/\/linitiative.ca\/International\/wp-json\/wp\/v2\/media?parent=111956"}],"wp:term":[{"taxonomy":"category","embeddable":true,"href":"https:\/\/linitiative.ca\/International\/wp-json\/wp\/v2\/categories?post=111956"},{"taxonomy":"post_tag","embeddable":true,"href":"https:\/\/linitiative.ca\/International\/wp-json\/wp\/v2\/tags?post=111956"}],"curies":[{"name":"wp","href":"https:\/\/api.w.org\/{rel}","templated":true}]}}