{"id":111959,"date":"2021-02-24T15:14:14","date_gmt":"2021-02-24T20:14:14","guid":{"rendered":"https:\/\/linitiative.ca\/International\/equipe-dalgerie-en-vers-un-match-amical-face-a-la-croatie-en-mars-2022\/"},"modified":"2021-02-24T15:14:14","modified_gmt":"2021-02-24T20:14:14","slug":"equipe-dalgerie-en-vers-un-match-amical-face-a-la-croatie-en-mars-2022","status":"publish","type":"post","link":"https:\/\/linitiative.ca\/International\/equipe-dalgerie-en-vers-un-match-amical-face-a-la-croatie-en-mars-2022\/","title":{"rendered":"Equipe d&rsquo;Alg\u00e9rie : EN: Vers un match amical face \u00e0 la Croatie en mars 2022"},"content":{"rendered":"<div readability=\"32\">\n<p>Auteur : <span>APS<\/span> <span class=\"time\">mercredi 24 f\u00e9vrier 2021 18:12<\/span><\/p>\n<\/div>\n<div id=\"post_core\" readability=\"58\">\n<p>L&rsquo;\u00e9quipe nationale de football devrait affronter en amical son homologue croate, vice-championne du monde, en mars 2022, en cas de qualification pour la Coupe du monde 2022 au Qatar, a appris l&rsquo;APS mercredi aupr\u00e8s de la F\u00e9d\u00e9ration alg\u00e9rienne (FAF). Cette \u00e9ventuelle rencontre amicale, dont le lieu et les d\u00e9tails n&rsquo;ont pas encore \u00e9t\u00e9 abord\u00e9s, devrait intervenir \u00e0 un mois du tirage au sort de la phase finale du Mondial-2022 (21 novembre- 18 d\u00e9cembre), pr\u00e9vu en avril 2022. Le projet d&rsquo;un match amical entre l&rsquo;Alg\u00e9rie et la Croatie ne date pas d&rsquo;aujourd&rsquo;hui, puisque les discussions avaient d\u00e9but\u00e9 en 2020, lors d&rsquo;une entrevue tenue en octobre dernier \u00e0 Zagreb entre le pr\u00e9sident de la F\u00e9d\u00e9ration croate (HNS) et ancien international Davor Suker, et l&rsquo;ambassadeur d&rsquo;Alg\u00e9rie en Croatie, Mokhtar Amine Khelif. \u00ab\u00a0Cette agr\u00e9able rencontre avec le pr\u00e9sident Suker a permis de poser les fondements d&rsquo;une future coop\u00e9ration entre les f\u00e9d\u00e9rations de football de nos deux pays, et je suis persuad\u00e9 qu\u2019il y aura des opportunit\u00e9s d\u2019organiser une rencontre amicale entre les s\u00e9lections nationales qui raffermira davantage les liens \u00e9troits entre nos deux pays et nos deux peuples\u00a0\u00bb, avait d\u00e9clar\u00e9 Mokhtar Amine Khelif \u00e0 l&rsquo;issue de cette entrevue. M\u00eame son de cloche du c\u00f4t\u00e9 de Suker, qui s&rsquo;\u00e9tait \u00ab\u00a0r\u00e9joui\u00a0\u00bb de cet entretien avec le diplomate alg\u00e9rien, se disant enthousiaste \u00e0 l&rsquo;id\u00e9e de \u00ab\u00a0d\u00e9velopper une coop\u00e9ration\u00a0\u00bb avec ses \u00ab\u00a0amis sportifs alg\u00e9riens\u00a0\u00bb. Pas plus tard que ce mercredi, la FAF a annonc\u00e9 la pr\u00e9paration d&rsquo;une convention de coop\u00e9ration entre les deux f\u00e9d\u00e9rations. A cet effet, le pr\u00e9sident de l&rsquo;instance, Khe\u00efreddine Zetchi, a re\u00e7u de son homologue croate le fameux maillot \u00e0 damier rouge et blanc de la s\u00e9lection croate, floqu\u00e9 de son nom. \u00ab\u00a0En signe de volont\u00e9 des deux f\u00e9d\u00e9rations \u00e0 asseoir une relation de coop\u00e9ration dans plusieurs domaines, comme la formation, le d\u00e9veloppement et l\u2019expertise\u00a0\u00bb, indique la FAF dans un communiqu\u00e9 publi\u00e9 sur son site officiel.<\/p>\n<p><strong>Publi\u00e9 dans :<\/strong> <span>en<\/span><\/p>\n<\/div>\n<p>Auteur:<br \/>\n<a href=\"http:\/\/www.lebuteur.com\/article\/detail?titre=en-vers-un-match-amical-face-a-la-croatie-en-mars-2022&#038;id=99193&#038;utm_source=feedburner&#038;utm_medium=feed&#038;utm_campaign=Feed%3A+GalerieFArtciles+%28Les+derniers+articles++-+lebuteur.com%29\">Cliquez ici pour lire l&rsquo;article depuis sa source.<\/a><\/p>\n","protected":false},"excerpt":{"rendered":"<p>Auteur : APS mercredi 24 f\u00e9vrier 2021 18:12 L&rsquo;\u00e9quipe nationale de football devrait affronter en amical son homologue croate, vice-championne du monde, en mars 2022, en cas de qualification pour la Coupe du monde 2022 au Qatar, a appris l&rsquo;APS mercredi aupr\u00e8s de la F\u00e9d\u00e9ration alg\u00e9rienne (FAF). Cette \u00e9ventuelle rencontre amicale, dont le lieu et [&hellip;]<\/p>\n","protected":false},"author":1738,"featured_media":0,"comment_status":"closed","ping_status":"closed","sticky":false,"template":"","format":"standard","meta":{"fifu_image_url":"\/\/cdn.lebuteur.com\/data\/images\/article\/thumbs\/large-en-vers-un-match-amical-face-a-la-croatie-en-mars-2022-73efd.jpg","fifu_image_alt":"Equipe d'Alg\u00e9rie : EN: Vers un match amical face \u00e0 la Croatie en mars 2022","footnotes":""},"categories":[53,75],"tags":[],"class_list":["post-111959","post","type-post","status-publish","format-standard","hentry","category-algerie","category-sport"],"_links":{"self":[{"href":"https:\/\/linitiative.ca\/International\/wp-json\/wp\/v2\/posts\/111959","targetHints":{"allow":["GET"]}}],"collection":[{"href":"https:\/\/linitiative.ca\/International\/wp-json\/wp\/v2\/posts"}],"about":[{"href":"https:\/\/linitiative.ca\/International\/wp-json\/wp\/v2\/types\/post"}],"author":[{"embeddable":true,"href":"https:\/\/linitiative.ca\/International\/wp-json\/wp\/v2\/users\/1738"}],"replies":[{"embeddable":true,"href":"https:\/\/linitiative.ca\/International\/wp-json\/wp\/v2\/comments?post=111959"}],"version-history":[{"count":0,"href":"https:\/\/linitiative.ca\/International\/wp-json\/wp\/v2\/posts\/111959\/revisions"}],"wp:attachment":[{"href":"https:\/\/linitiative.ca\/International\/wp-json\/wp\/v2\/media?parent=111959"}],"wp:term":[{"taxonomy":"category","embeddable":true,"href":"https:\/\/linitiative.ca\/International\/wp-json\/wp\/v2\/categories?post=111959"},{"taxonomy":"post_tag","embeddable":true,"href":"https:\/\/linitiative.ca\/International\/wp-json\/wp\/v2\/tags?post=111959"}],"curies":[{"name":"wp","href":"https:\/\/api.w.org\/{rel}","templated":true}]}}