{"id":111960,"date":"2021-02-24T15:14:15","date_gmt":"2021-02-24T20:14:15","guid":{"rendered":"https:\/\/linitiative.ca\/International\/international-borussia-mgladbach-man-city-bensebaini-titulaire-mahrez-sur-le-banc\/"},"modified":"2021-02-24T15:14:15","modified_gmt":"2021-02-24T20:14:15","slug":"international-borussia-mgladbach-man-city-bensebaini-titulaire-mahrez-sur-le-banc","status":"publish","type":"post","link":"https:\/\/linitiative.ca\/International\/international-borussia-mgladbach-man-city-bensebaini-titulaire-mahrez-sur-le-banc\/","title":{"rendered":"International : Borussia M&rsquo;gladbach-Man City : Bensebaini titulaire. Mahrez sur le banc"},"content":{"rendered":"<div readability=\"32\">\n<p>Auteur : <span class=\"time\">mercredi 24 f\u00e9vrier 2021 19:49<\/span><\/p>\n<\/div>\n<div id=\"post_core\" readability=\"55\">\n<p>Manchester City se d\u00e9place en Hongrie \u00e0 Budapest pour affronter les Allemands du Borussia M\u00f6chengladbach. Si Ramy Bensebaini est titulaire pour cette rencontre, Riyad Mahrez d\u00e9butera sur le banc des rempla\u00e7ants. Voici les compositions d&rsquo;\u00e9quipes pour ce match :<\/p>\n<p><strong>Manchester City :<\/strong> Ederson &#8211; Cancelo, Laporte, Dias, Walker &#8211; Foden, Rodri, Gundogan &#8211; Bernardo Silva, Jesus, Sterling<\/p>\n<p><strong>Borussia M\u00f6nchengladbach :<\/strong> Sommer &#8211; Elvedi, Zakaria, Ginter &#8211; Lainer, Nehaus, Kramer, Hofmann, Bensebaini &#8211; Plea, Stindl<\/p>\n<p><strong>Publi\u00e9 dans :<\/strong> <span>Mahrez<\/span><\/p>\n<\/div>\n<p>Auteur:<br \/>\n<a href=\"http:\/\/www.lebuteur.com\/article\/detail?titre=borussia-mgladbach-man-city-bensebaini-titulaire-mahrez-sur-le-banc&#038;id=99194&#038;utm_source=feedburner&#038;utm_medium=feed&#038;utm_campaign=Feed%3A+GalerieFArtciles+%28Les+derniers+articles++-+lebuteur.com%29\">Cliquez ici pour lire l&rsquo;article depuis sa source.<\/a><\/p>\n","protected":false},"excerpt":{"rendered":"<p>Auteur : mercredi 24 f\u00e9vrier 2021 19:49 Manchester City se d\u00e9place en Hongrie \u00e0 Budapest pour affronter les Allemands du Borussia M\u00f6chengladbach. Si Ramy Bensebaini est titulaire pour cette rencontre, Riyad Mahrez d\u00e9butera sur le banc des rempla\u00e7ants. Voici les compositions d&rsquo;\u00e9quipes pour ce match : Manchester City : Ederson &#8211; Cancelo, Laporte, Dias, Walker [&hellip;]<\/p>\n","protected":false},"author":1738,"featured_media":0,"comment_status":"closed","ping_status":"closed","sticky":false,"template":"","format":"standard","meta":{"fifu_image_url":"\/\/cdn.lebuteur.com\/data\/images\/article\/thumbs\/large-borussia-mgladbach-man-city-bensebaini-titulaire-mahrez-sur-le-banc-2dc2c.jpg","fifu_image_alt":"International : Borussia M'gladbach-Man City : Bensebaini titulaire. Mahrez sur le banc","footnotes":""},"categories":[53,75],"tags":[],"class_list":["post-111960","post","type-post","status-publish","format-standard","hentry","category-algerie","category-sport"],"_links":{"self":[{"href":"https:\/\/linitiative.ca\/International\/wp-json\/wp\/v2\/posts\/111960","targetHints":{"allow":["GET"]}}],"collection":[{"href":"https:\/\/linitiative.ca\/International\/wp-json\/wp\/v2\/posts"}],"about":[{"href":"https:\/\/linitiative.ca\/International\/wp-json\/wp\/v2\/types\/post"}],"author":[{"embeddable":true,"href":"https:\/\/linitiative.ca\/International\/wp-json\/wp\/v2\/users\/1738"}],"replies":[{"embeddable":true,"href":"https:\/\/linitiative.ca\/International\/wp-json\/wp\/v2\/comments?post=111960"}],"version-history":[{"count":0,"href":"https:\/\/linitiative.ca\/International\/wp-json\/wp\/v2\/posts\/111960\/revisions"}],"wp:attachment":[{"href":"https:\/\/linitiative.ca\/International\/wp-json\/wp\/v2\/media?parent=111960"}],"wp:term":[{"taxonomy":"category","embeddable":true,"href":"https:\/\/linitiative.ca\/International\/wp-json\/wp\/v2\/categories?post=111960"},{"taxonomy":"post_tag","embeddable":true,"href":"https:\/\/linitiative.ca\/International\/wp-json\/wp\/v2\/tags?post=111960"}],"curies":[{"name":"wp","href":"https:\/\/api.w.org\/{rel}","templated":true}]}}