{"id":111961,"date":"2021-02-24T05:10:43","date_gmt":"2021-02-24T10:10:43","guid":{"rendered":"https:\/\/linitiative.ca\/International\/ils-ont-pris-hier-le-relais-des-marches-du-hirak-de-lundi-les-etudiants-reinvestissent-la-rue\/"},"modified":"2021-02-24T05:10:43","modified_gmt":"2021-02-24T10:10:43","slug":"ils-ont-pris-hier-le-relais-des-marches-du-hirak-de-lundi-les-etudiants-reinvestissent-la-rue","status":"publish","type":"post","link":"https:\/\/linitiative.ca\/International\/ils-ont-pris-hier-le-relais-des-marches-du-hirak-de-lundi-les-etudiants-reinvestissent-la-rue\/","title":{"rendered":"Ils ont pris hier le relais des marches du hirak de lundi : Les \u00e9tudiants r\u00e9investissent la rue"},"content":{"rendered":"<h4 class=\"title-14\"\/>\n<div class=\"featured_image\"><img loading=\"lazy\" decoding=\"async\" width=\"900\" height=\"408\" src=\"https:\/\/www.elwatan.com\/wp-content\/uploads\/2021\/02\/UNEEEEEEEEE-e1614118543756.gif\" class=\"attachment-post-thumbnail size-post-thumbnail wp-post-image\" alt=\"Hirak des \u00e9tudiants \u00e0 Alger 02\/2021\"\/> <span class=\"featured-image-caption\">Photo : H. Ly\u00e8s<\/span><\/div>\n<p class=\"p1\"><em><span class=\"s1\"><strong>La feuille de route initi\u00e9e par le pr\u00e9sident de la R\u00e9publique, Abdelmadjid Tebboune, ne semble pas convaincre les hirakistes de d\u00e9serter la \u00abrue\u00bb pour int\u00e9grer le processus politique en cours, comme les invitent \u00e0 le faire ceux qui, au sein de la classe politique, ont d\u00e9cid\u00e9 d\u2019y adh\u00e9rer.<\/strong><\/span><\/em><\/p>\n<p class=\"p3\"><span class=\"s1\"><strong>D<\/strong><\/span><span class=\"s1\">es milliers de personnes sont sorties \u00e0 travers plusieurs wilayas du pays, \u00e0 l\u2019occasion du deuxi\u00e8me anniversaire du hirak, d\u00e9fiant ainsi les pronostics de ceux qui avaient pari\u00e9 sur sa fin. M\u00eame si cette journ\u00e9e du 22 f\u00e9vrier a co\u00efncid\u00e9 avec un jour \u00abouvrable\u00bb, et non un vendredi, il n\u2019en demeure pas moins que les foules \u00e9taient l\u00e0. Il est fort probable, \u00e0 cet effet, que les Alg\u00e9riens vont reprendre leurs marches hebdomadaires d\u00e8s ce vendredi.<\/span><\/p>\n<p class=\"p3\"><span class=\"s1\">La feuille de route initi\u00e9e par le pr\u00e9sident de la R\u00e9publique, Abdelmadjid Tebboune, ne semble pas \u00e0 cet effet convaincre les hirakistes de d\u00e9serter la \u00abrue\u00bb pour int\u00e9grer le processus politique en cours, comme les invitent \u00e0 le faire ceux qui, au sein de la classe politique, ont d\u00e9cid\u00e9 d\u2019y adh\u00e9rer.<\/span><\/p>\n<p class=\"p3\"><strong><span class=\"s1\">D\u00e9sapprobation<\/span><\/strong><\/p>\n<p class=\"p3\"><span class=\"s1\">La mobilisation qu\u2019a connue cette journ\u00e9e du lundi, apr\u00e8s bien entendu les manifestations de Kherrata et Khenchela,\u00a0est dans la droite ligne de la d\u00e9fection populaire, qui a marqu\u00e9 le r\u00e9f\u00e9rendum sur la Constitution du 1<sup>er<\/sup> novembre dernier, lequel a enregistr\u00e9 un taux de participation historiquement bas de 23,7%. Un \u00abscore\u00bb qui avait d\u00e9j\u00e0, au moment des faits, pouss\u00e9 plus d\u2019un \u00e0 sugg\u00e9rer au chef de l\u2019Etat de revoir sa strat\u00e9gie.<\/span><\/p>\n<p class=\"p3\"><span class=\"s1\">Or, la feuille de route a \u00e9t\u00e9 maintenue et Tebboune a d\u00e9cid\u00e9, d\u00e8s son retour d\u2019Allemagne, d\u2019acc\u00e9l\u00e9rer l\u2019organisation des \u00e9lections l\u00e9gislatives, en dissolvant l\u2019Assembl\u00e9e populaire nationale (APN), ce qui a \u00e9t\u00e9 officialis\u00e9 le 21 f\u00e9vrier, donc \u00e0 un jour de ce deuxi\u00e8me anniversaire du hirak.<\/span><\/p>\n<p class=\"p3\"><span class=\"s1\">Des \u00abmesures\u00bb (en plus de la dissolution de l\u2019APN, le Pr\u00e9sident avait \u00e9galement graci\u00e9 de d\u00e9tenus d\u2019opinion) qui n\u2019ont pas emp\u00each\u00e9 les Alg\u00e9riens de sortir en masse ce 22 f\u00e9vrier pour exprimer, toujours, leur rejet du \u00absyst\u00e8me\u00bb et, par cons\u00e9quent, de la feuille de route du Pr\u00e9sident.<\/span><\/p>\n<p class=\"p3\"><span class=\"s1\">Tebboune va-t-il quand m\u00eame maintenir son cap au risque de voir la m\u00eame d\u00e9fection enregistr\u00e9e lors du r\u00e9f\u00e9rendum se reproduire\u00a0? Ce qui ne ferait in\u00e9luctablement qu\u2019amplifier le sentiment de rejet chez les hirakistes.<\/span><\/p>\n<p class=\"p3\"><span class=\"s1\"><em>\u00abLe pouvoir doit prendre acte de l\u2019\u00e9chec de sa feuille de route et amorcer en urgence un nouveau processus d\u00e9mocratique authentique en faveur de la satisfaction de la revendication du hirak : le changement d\u00e9mocratique et apais\u00e9 du syst\u00e8me\u00bb<\/em>, a d\u00e9clar\u00e9, \u00e0 cet effet, Sa\u00efd Salhi, vice-pr\u00e9sident de la Ligue alg\u00e9rienne de d\u00e9fense des droits de l\u2019homme (LADDH).<\/span><\/p>\n<p class=\"p3\"><span class=\"s1\">Et d\u2019ajouter\u00a0: <em>\u00abContinuer \u00e0 vouloir imposer son agenda contre la volont\u00e9 du peuple, c\u2019est exposer le pays \u00e0 des risques certains d\u2019instabilit\u00e9 et de d\u00e9litement. Le pays est au bord de l\u2019ingouvernabilit\u00e9 tant les institutions souffrent encore de carences en l\u00e9gitimit\u00e9 d\u00e9mocratique.\u00bb<\/em><\/span> <span class=\"s1\">C\u2019est cette \u00abl\u00e9gitimit\u00e9\u00bb bien entendu que le chef de l\u2019Etat tente d\u2019asseoir via sa feuille de route.<\/span><\/p>\n<p class=\"p3\"><span class=\"s1\">Ce qui ne semble pas, jusque-l\u00e0, avoir grand effet sur le hirak. D\u2019autant plus que le discours \u00abofficiel\u00bb ne cesse, ces derni\u00e8res semaines, d\u2019\u00e9voquer des <em>\u00abcomplots\u00bb<\/em> et <em>\u00abmains \u00e9trang\u00e8res\u00bb<\/em>, lorsqu\u2019il est fait r\u00e9f\u00e9rence au hirak, rappelant, jusqu\u2019\u00e0 une certaine mesure, les \u00e9l\u00e9ments de langage adopt\u00e9s par l\u2019ancien chef d\u2019\u00e9tat-major de l\u2019ANP, dans une entreprise visant certainement \u00e0 dissuader les Alg\u00e9riens de reprendre la \u00abrue\u00bb.<\/span><\/p>\n<p class=\"p3\"><span class=\"s1\">Un proc\u00e9d\u00e9 qui alimente beaucoup plus le \u00abressentiment\u00bb \u00e0 l\u2019\u00e9gard du pouvoir que de contribuer \u00e0 apaiser le climat.<\/span><\/p>\n<p class=\"p3\"><span class=\"s1\">Une \u00abcampagne\u00bb adoss\u00e9e \u00e0 des champs, politique et m\u00e9diatique, toujours ferm\u00e9s, o\u00f9 ceux qui s\u2019opposent au processus politique en cours n\u2019ont pas droit de cit\u00e9.<\/span><\/p>\n<p class=\"p3\"><span class=\"s1\">Et c\u2019est cette fermeture aussi qui annihile toute volont\u00e9 allant dans le sens de l\u2019\u00e9mergence d\u2019une \u00abnouvelle\u00bb classe politique cr\u00e9dible, ou de la mise en branle de dynamiques existantes et \u00abreconnues\u00bb dans le hirak qui puissent \u00eatre une passerelle pouvant contribuer au r\u00e8glement de la crise. La feuille de route actuelle sera-t-elle ainsi maintenue si la pression de la rue augmente dans les semaines \u00e0 venir\u00a0?<\/span><\/p>\n<p class=\"p4\"><span class=\"s1\">Pour l\u2019heure, rien n\u2019indique que le pouvoir en place est dispos\u00e9 \u00e0 y apporter le moindre changement. Mais rien n\u2019est \u00e0 \u00e9carter.<\/span><\/p>\n<p class=\"p4\"><span class=\"s1\">Devant une situation socio\u00e9conomique qui se d\u00e9grade de jour en jour, avec les risques d\u2019explosion sociale que cela engendre, il y va de l\u2019int\u00e9r\u00eat de tous de rechercher un consensus pour enclencher un processus apais\u00e9, visant \u00e0 solutionner une crise qui dure maintenant depuis deux ans.<\/span><\/p>\n<p><span class=\"post-views-label\">Post Views:<\/span> <span class=\"post-views-count\">3\u00a0069<\/span><\/p>\n<p><br class=\"c2\"\/><\/p>\n<div class=\"ichhar-moneytagnative c5\" id=\"ichhar-515456066\">\n<p>Advertisements<\/p>\n<\/div>\n<p><br class=\"c2\"\/><br \/>\n<br class=\"c6\"\/><\/p>\n<p>Auteur: Anis Khecheba<br \/>\n<a href=\"https:\/\/www.elwatan.com\/a-la-une\/les-etudiants-reinvestissent-la-rue-24-02-2021\">Cliquez ici pour lire l&rsquo;article depuis sa source.<\/a><\/p>\n","protected":false},"excerpt":{"rendered":"<p>Photo : H. Ly\u00e8s La feuille de route initi\u00e9e par le pr\u00e9sident de la R\u00e9publique, Abdelmadjid Tebboune, ne semble pas convaincre les hirakistes de d\u00e9serter la \u00abrue\u00bb pour int\u00e9grer le processus politique en cours, comme les invitent \u00e0 le faire ceux qui, au sein de la classe politique, ont d\u00e9cid\u00e9 d\u2019y adh\u00e9rer. Des milliers de [&hellip;]<\/p>\n","protected":false},"author":1743,"featured_media":0,"comment_status":"closed","ping_status":"closed","sticky":false,"template":"","format":"standard","meta":{"fifu_image_url":"https:\/\/www.elwatan.com\/wp-content\/uploads\/2021\/02\/UNEEEEEEEEE-e1614118543756.gif","fifu_image_alt":"Ils ont pris hier le relais des marches du hirak de lundi : Les \u00e9tudiants r\u00e9investissent la rue","footnotes":""},"categories":[73,53],"tags":[],"class_list":["post-111961","post","type-post","status-publish","format-standard","hentry","category-actualite","category-algerie"],"_links":{"self":[{"href":"https:\/\/linitiative.ca\/International\/wp-json\/wp\/v2\/posts\/111961","targetHints":{"allow":["GET"]}}],"collection":[{"href":"https:\/\/linitiative.ca\/International\/wp-json\/wp\/v2\/posts"}],"about":[{"href":"https:\/\/linitiative.ca\/International\/wp-json\/wp\/v2\/types\/post"}],"author":[{"embeddable":true,"href":"https:\/\/linitiative.ca\/International\/wp-json\/wp\/v2\/users\/1743"}],"replies":[{"embeddable":true,"href":"https:\/\/linitiative.ca\/International\/wp-json\/wp\/v2\/comments?post=111961"}],"version-history":[{"count":0,"href":"https:\/\/linitiative.ca\/International\/wp-json\/wp\/v2\/posts\/111961\/revisions"}],"wp:attachment":[{"href":"https:\/\/linitiative.ca\/International\/wp-json\/wp\/v2\/media?parent=111961"}],"wp:term":[{"taxonomy":"category","embeddable":true,"href":"https:\/\/linitiative.ca\/International\/wp-json\/wp\/v2\/categories?post=111961"},{"taxonomy":"post_tag","embeddable":true,"href":"https:\/\/linitiative.ca\/International\/wp-json\/wp\/v2\/tags?post=111961"}],"curies":[{"name":"wp","href":"https:\/\/api.w.org\/{rel}","templated":true}]}}