{"id":111962,"date":"2021-02-24T05:19:05","date_gmt":"2021-02-24T10:19:05","guid":{"rendered":"https:\/\/linitiative.ca\/International\/musique-disparition-du-celebre-chanteur-punjabi-sardool-sikander\/"},"modified":"2021-02-24T05:19:05","modified_gmt":"2021-02-24T10:19:05","slug":"musique-disparition-du-celebre-chanteur-punjabi-sardool-sikander","status":"publish","type":"post","link":"https:\/\/linitiative.ca\/International\/musique-disparition-du-celebre-chanteur-punjabi-sardool-sikander\/","title":{"rendered":"Musique : Disparition du c\u00e9l\u00e8bre chanteur Punjabi, Sardool Sikander"},"content":{"rendered":"<h4 class=\"title-14\"\/>\n<div class=\"featured_image\"><img loading=\"lazy\" decoding=\"async\" width=\"1200\" height=\"675\" src=\"https:\/\/www.elwatan.com\/wp-content\/uploads\/2021\/02\/SARDOOL-SIKANDER.jpg\" class=\"attachment-post-thumbnail size-post-thumbnail wp-post-image\" alt=\"Sardool Sikander\" srcset=\"https:\/\/www.elwatan.com\/wp-content\/uploads\/2021\/02\/SARDOOL-SIKANDER.jpg 1200w, https:\/\/www.elwatan.com\/wp-content\/uploads\/2021\/02\/SARDOOL-SIKANDER-300x169.jpg 300w, https:\/\/www.elwatan.com\/wp-content\/uploads\/2021\/02\/SARDOOL-SIKANDER-768x432.jpg 768w, https:\/\/www.elwatan.com\/wp-content\/uploads\/2021\/02\/SARDOOL-SIKANDER-1024x576.jpg 1024w\" sizes=\"auto, (max-width: 1200px) 100vw, 1200px\"\/> <span class=\"featured-image-caption\">Photo : D. R.<\/span><\/div>\n<p class=\"p1\"><strong><em>Le<span class=\"Apple-converted-space\">\u00a0<\/span>c\u00e9l\u00e8bre chanteur<span class=\"Apple-converted-space\">\u00a0<\/span>punjabi<span class=\"Apple-converted-space\">\u00a0<\/span>Sardool Sikander est d\u00e9c\u00e9d\u00e9<span class=\"Apple-converted-space\">\u00a0<\/span>mercredi<span class=\"Apple-converted-space\">\u00a0<\/span>\u00e0 l\u2019h\u00f4pital Fortis de<span class=\"Apple-converted-space\">\u00a0<\/span>Mohali o\u00f9<span class=\"Apple-converted-space\">\u00a0<\/span>il \u00e9tait<span class=\"Apple-converted-space\">\u00a0<\/span>trait\u00e9 pour des l\u00e9sions et<span class=\"Apple-converted-space\">\u00a0<\/span> infections r\u00e9nales. Il avait 60 ans.<\/em><\/strong><\/p>\n<p class=\"p1\">Sardool<span class=\"Apple-converted-space\">\u00a0<\/span> Sikander<span class=\"Apple-converted-space\">\u00a0<\/span> \u00e9tait<span class=\"Apple-converted-space\">\u00a0<\/span> connu<span class=\"Apple-converted-space\">\u00a0<\/span> pour les chansons<span class=\"Apple-converted-space\">\u00a0<\/span> \u00ab<em>Ek charkha gali de wich dha laya<\/em>\u00bb et \u00ab<em>Sanu ishq brandi char gayi<\/em>\u00bb. Sa disparition a suscit\u00e9<span class=\"Apple-converted-space\">\u00a0<\/span>une vague de<span class=\"Apple-converted-space\">\u00a0<\/span>condol\u00e9ances<span class=\"Apple-converted-space\">\u00a0<\/span>et d\u2019hommages du<span class=\"Apple-converted-space\">\u00a0<\/span> monde de<span class=\"Apple-converted-space\">\u00a0<\/span> la musique et de ses admirateurs sur les r\u00e9seaux sociaux.<span class=\"Apple-converted-space\">\u00a0 \u00a0<\/span><\/p>\n<p class=\"p1\">Sikander<span class=\"Apple-converted-space\">\u00a0<\/span>avait effectu\u00e9<span class=\"Apple-converted-space\">\u00a0<\/span>ses d\u00e9buts<span class=\"Apple-converted-space\">\u00a0<\/span>\u00e0<span class=\"Apple-converted-space\">\u00a0<\/span>la radio<span class=\"Apple-converted-space\">\u00a0<\/span>puis \u00e0<span class=\"Apple-converted-space\">\u00a0<\/span> la t\u00e9l\u00e9vision dans<span class=\"Apple-converted-space\">\u00a0<\/span>les ann\u00e9es 1980. Il s\u2019\u00e9tait fait<span class=\"Apple-converted-space\">\u00a0<\/span>conna\u00eetre<span class=\"Apple-converted-space\">\u00a0<\/span>avec<span class=\"Apple-converted-space\">\u00a0<\/span>l\u2019 album<span class=\"Apple-converted-space\">\u00a0<\/span>\u00ab<em>Roadways di Laari<\/em>\u00bb. Il avait<span class=\"Apple-converted-space\">\u00a0<\/span> aussi camp\u00e9 des r\u00f4les dans le cin\u00e9ma<span class=\"Apple-converted-space\">\u00a0<\/span> notamment dans le<span class=\"Apple-converted-space\">\u00a0<\/span> film punjabi<span class=\"Apple-converted-space\">\u00a0<\/span>\u00ab<em>Jagga Daku\u00bb.<\/em><\/p>\n<p class=\"p1\">Sardool Sikander<span class=\"Apple-converted-space\">\u00a0<\/span>est<span class=\"Apple-converted-space\">\u00a0<\/span>n\u00e9 \u00e0<span class=\"Apple-converted-space\">\u00a0<\/span>Kheri Naudh Singh dans Fatehgarh Sahib. Il<span class=\"Apple-converted-space\">\u00a0<\/span>appartenait \u00e0 la Patiala gharana de la musique et avait 27 albums \u00e0 son actif. Son album \u00abHusna de Malko\u00bb sorti en 1991 s\u2019\u00e9tait<span class=\"Apple-converted-space\">\u00a0<\/span>vendu \u00e0<span class=\"Apple-converted-space\">\u00a0<\/span>plus de 5 millions d\u2019exemplaires \u00e0 travers<span class=\"Apple-converted-space\">\u00a0<\/span> le monde.<\/p>\n<p class=\"p1\">Son p\u00e8re, Sagar Mastana, \u00e9tait un ma\u00eetre r\u00e9put\u00e9<span class=\"Apple-converted-space\">\u00a0<\/span>de<span class=\"Apple-converted-space\">\u00a0<\/span>tabla (percussions). Sikander<span class=\"Apple-converted-space\">\u00a0<\/span>\u00e9tait mari\u00e9 \u00e0<span class=\"Apple-converted-space\">\u00a0<\/span>Amar Noorie, \u00e9galement chanteuse et<span class=\"Apple-converted-space\">\u00a0<\/span>actrice. Lui<span class=\"Apple-converted-space\">\u00a0<\/span>survivent sa femme et<span class=\"Apple-converted-space\">\u00a0<\/span>ses fils,<span class=\"Apple-converted-space\">\u00a0<\/span>Sarang et<span class=\"Apple-converted-space\">\u00a0<\/span>Alaap.<\/p>\n<p><span class=\"post-views-label\">Post Views:<\/span> <span class=\"post-views-count\">384<\/span><\/p>\n<p><br class=\"c2\"\/><\/p>\n<div class=\"ichhar-moneytagnative c5\" id=\"ichhar-1382237153\">\n<p>Advertisements<\/p>\n<\/div>\n<p><br class=\"c2\"\/><br \/>\n<br class=\"c6\"\/><\/p>\n<p>Auteur: Mohand Yahiaoui<br \/>\n<a href=\"https:\/\/www.elwatan.com\/edition\/culture\/musique-disparition-du-celebre-chanteur-punjabi-sardool-sikander-24-02-2021\">Cliquez ici pour lire l&rsquo;article depuis sa source.<\/a><\/p>\n","protected":false},"excerpt":{"rendered":"<p>Photo : D. R. Le\u00a0c\u00e9l\u00e8bre chanteur\u00a0punjabi\u00a0Sardool Sikander est d\u00e9c\u00e9d\u00e9\u00a0mercredi\u00a0\u00e0 l\u2019h\u00f4pital Fortis de\u00a0Mohali o\u00f9\u00a0il \u00e9tait\u00a0trait\u00e9 pour des l\u00e9sions et\u00a0 infections r\u00e9nales. Il avait 60 ans. Sardool\u00a0 Sikander\u00a0 \u00e9tait\u00a0 connu\u00a0 pour les chansons\u00a0 \u00abEk charkha gali de wich dha laya\u00bb et \u00abSanu ishq brandi char gayi\u00bb. Sa disparition a suscit\u00e9\u00a0une vague de\u00a0condol\u00e9ances\u00a0et d\u2019hommages du\u00a0 monde de\u00a0 la [&hellip;]<\/p>\n","protected":false},"author":1743,"featured_media":0,"comment_status":"closed","ping_status":"closed","sticky":false,"template":"","format":"standard","meta":{"fifu_image_url":"https:\/\/www.elwatan.com\/wp-content\/uploads\/2021\/02\/SARDOOL-SIKANDER.jpg","fifu_image_alt":"Musique : Disparition du c\u00e9l\u00e8bre chanteur Punjabi, Sardool Sikander","footnotes":""},"categories":[73,53],"tags":[],"class_list":["post-111962","post","type-post","status-publish","format-standard","hentry","category-actualite","category-algerie"],"_links":{"self":[{"href":"https:\/\/linitiative.ca\/International\/wp-json\/wp\/v2\/posts\/111962","targetHints":{"allow":["GET"]}}],"collection":[{"href":"https:\/\/linitiative.ca\/International\/wp-json\/wp\/v2\/posts"}],"about":[{"href":"https:\/\/linitiative.ca\/International\/wp-json\/wp\/v2\/types\/post"}],"author":[{"embeddable":true,"href":"https:\/\/linitiative.ca\/International\/wp-json\/wp\/v2\/users\/1743"}],"replies":[{"embeddable":true,"href":"https:\/\/linitiative.ca\/International\/wp-json\/wp\/v2\/comments?post=111962"}],"version-history":[{"count":0,"href":"https:\/\/linitiative.ca\/International\/wp-json\/wp\/v2\/posts\/111962\/revisions"}],"wp:attachment":[{"href":"https:\/\/linitiative.ca\/International\/wp-json\/wp\/v2\/media?parent=111962"}],"wp:term":[{"taxonomy":"category","embeddable":true,"href":"https:\/\/linitiative.ca\/International\/wp-json\/wp\/v2\/categories?post=111962"},{"taxonomy":"post_tag","embeddable":true,"href":"https:\/\/linitiative.ca\/International\/wp-json\/wp\/v2\/tags?post=111962"}],"curies":[{"name":"wp","href":"https:\/\/api.w.org\/{rel}","templated":true}]}}