{"id":111965,"date":"2021-02-24T15:55:46","date_gmt":"2021-02-24T20:55:46","guid":{"rendered":"https:\/\/linitiative.ca\/International\/creation-du-syndicat-maghrebin-des-journalistes-lexclusion-des-professionnels-sahraouis-denoncee\/"},"modified":"2021-02-24T15:55:46","modified_gmt":"2021-02-24T20:55:46","slug":"creation-du-syndicat-maghrebin-des-journalistes-lexclusion-des-professionnels-sahraouis-denoncee","status":"publish","type":"post","link":"https:\/\/linitiative.ca\/International\/creation-du-syndicat-maghrebin-des-journalistes-lexclusion-des-professionnels-sahraouis-denoncee\/","title":{"rendered":"Cr\u00e9ation du syndicat maghr\u00e9bin des journalistes :\u00a0L\u2019exclusion des professionnels sahraouis d\u00e9nonc\u00e9e"},"content":{"rendered":"<h4 class=\"title-14\"\/>\n<p><strong><em>L\u2019association nationale des journalistes alg\u00e9riens solidaires avec le peuple sahraoui d\u00e9nonce l\u2019exclusion de leurs confr\u00e8res du Sahara Occidental par les initiateurs d\u2019un syndicat magr\u00e9bin de la corporation.<\/em><\/strong><\/p>\n<p>Initi\u00e9 par des journalistes mauritaniens, avec la participation du CNJA, ce nouveau syndicat a exclu, selon l\u2019Association, les sahraouis. <em>\u00ab\u00a0Le pr\u00e9texte avanc\u00e9 par les initiateurs, selon lequel \u2018\u2019il ne faut pas traiter des questions politiques\u2019\u2019 et \u2018\u2019se contenter de revendications purement professionnelles\u2019\u2019, ne tient pas la route et ne cadre pas avec les valeurs de la profession noble de journaliste\u00a0\u00bb<\/em>, estime l\u2019association dans un communiqu\u00e9 rendu public, hier.<\/p>\n<p>Rappelant la situation qui pr\u00e9vaut actuellement au Sahara Occidental occup\u00e9, le secr\u00e9taire g\u00e9n\u00e9ral de l\u2019Association d\u00e9nonce la cr\u00e9ation de ce syndicat et appelle \u00e0 la mise en place <em>\u00ab\u00a0d\u2019une instance plus ferme qui prend en charge les principes de la d\u00e9ontologie de la profession et qui d\u00e9fend les droits des journalistes, y compris celui portant sur le libre d\u00e9placement \u00e0 l\u2019int\u00e9rieur des territoires sahraouis occup\u00e9s pour rapporter les souffrances de la population sur place (\u2026)\u00a0\u00bb.<\/em><\/p>\n<p><span class=\"post-views-label\">Post Views:<\/span> <span class=\"post-views-count\">45<\/span><\/p>\n<p><br class=\"c2\"\/><\/p>\n<div class=\"ichhar-moneytagnative c5\" id=\"ichhar-399875335\">\n<p>Advertisements<\/p>\n<\/div>\n<p><br class=\"c2\"\/><br \/>\n<br class=\"c6\"\/><\/p>\n<p>Auteur: Mohand Yahiaoui<br \/>\n<a href=\"https:\/\/www.elwatan.com\/edition\/international\/creation-du-syndicat-maghrebin-des-journalistes-lexclusion-des-professionnels-sahraouis-denoncee-24-02-2021\">Cliquez ici pour lire l&rsquo;article depuis sa source.<\/a><\/p>\n","protected":false},"excerpt":{"rendered":"<p>L\u2019association nationale des journalistes alg\u00e9riens solidaires avec le peuple sahraoui d\u00e9nonce l\u2019exclusion de leurs confr\u00e8res du Sahara Occidental par les initiateurs d\u2019un syndicat magr\u00e9bin de la corporation. Initi\u00e9 par des journalistes mauritaniens, avec la participation du CNJA, ce nouveau syndicat a exclu, selon l\u2019Association, les sahraouis. \u00ab\u00a0Le pr\u00e9texte avanc\u00e9 par les initiateurs, selon lequel \u2018\u2019il [&hellip;]<\/p>\n","protected":false},"author":1743,"featured_media":0,"comment_status":"closed","ping_status":"closed","sticky":false,"template":"","format":"standard","meta":{"fifu_image_url":"","fifu_image_alt":"","footnotes":""},"categories":[73,53],"tags":[],"class_list":["post-111965","post","type-post","status-publish","format-standard","hentry","category-actualite","category-algerie"],"_links":{"self":[{"href":"https:\/\/linitiative.ca\/International\/wp-json\/wp\/v2\/posts\/111965","targetHints":{"allow":["GET"]}}],"collection":[{"href":"https:\/\/linitiative.ca\/International\/wp-json\/wp\/v2\/posts"}],"about":[{"href":"https:\/\/linitiative.ca\/International\/wp-json\/wp\/v2\/types\/post"}],"author":[{"embeddable":true,"href":"https:\/\/linitiative.ca\/International\/wp-json\/wp\/v2\/users\/1743"}],"replies":[{"embeddable":true,"href":"https:\/\/linitiative.ca\/International\/wp-json\/wp\/v2\/comments?post=111965"}],"version-history":[{"count":0,"href":"https:\/\/linitiative.ca\/International\/wp-json\/wp\/v2\/posts\/111965\/revisions"}],"wp:attachment":[{"href":"https:\/\/linitiative.ca\/International\/wp-json\/wp\/v2\/media?parent=111965"}],"wp:term":[{"taxonomy":"category","embeddable":true,"href":"https:\/\/linitiative.ca\/International\/wp-json\/wp\/v2\/categories?post=111965"},{"taxonomy":"post_tag","embeddable":true,"href":"https:\/\/linitiative.ca\/International\/wp-json\/wp\/v2\/tags?post=111965"}],"curies":[{"name":"wp","href":"https:\/\/api.w.org\/{rel}","templated":true}]}}