{"id":111968,"date":"2021-02-24T05:11:00","date_gmt":"2021-02-24T10:11:00","guid":{"rendered":"https:\/\/linitiative.ca\/International\/ce-que-les-ambassadeurs-europeens-ont-dit-au-president-kais-saied\/"},"modified":"2021-02-24T05:11:00","modified_gmt":"2021-02-24T10:11:00","slug":"ce-que-les-ambassadeurs-europeens-ont-dit-au-president-kais-saied","status":"publish","type":"post","link":"https:\/\/linitiative.ca\/International\/ce-que-les-ambassadeurs-europeens-ont-dit-au-president-kais-saied\/","title":{"rendered":"Ce que les ambassadeurs europ\u00e9ens ont dit au pr\u00e9sident Kais Sa\u00efed"},"content":{"rendered":"<p>Les pays europ\u00e9ens sont tr\u00e8s pr\u00e9occup\u00e9s par la crise politique o\u00f9 s\u2019enlise la Tunisie, aggrav\u00e9e par des conditions \u00e9conomiques critiques. Invit\u00e9s mardi par le pr\u00e9sident de la R\u00e9publique Kais Sa\u00efed, pour des \u00e9changes \u00ab \u00e0 b\u00e2tons rompus \u00bb, leurs ambassadeurs ont port\u00e9 d\u2019une m\u00eame voix ce message pressant. \u00ab Nous sommes pr\u00eats \u00e0 accompagner la Tunisie et continuer \u00e0 la soutenir, l\u2019urgence est \u00e0 une sortie de crise par le haut o\u00f9 personne ne peut avoir compl\u00e8tement raison, o\u00f9 \u00eatre totalement en porte-\u00e0-faux \u00bb, leur ont-ils dit, comme le confie \u00e0 Leaders un diplomate pr\u00e9sent. \u00ab Nous avons mentionn\u00e9, ajoute notre source, que nous avons connu dans nos pays des crises beaucoup plus graves et plus compliqu\u00e9s, avec parfois des confrontations id\u00e9ologiques entre par exemple communistes et sociaux-d\u00e9mocrates, qui avaient abouti \u00e0 des affrontements sanglants. L\u2019int\u00e9r\u00eat sup\u00e9rieur avait fini par l\u2019emporter et c\u2019est par des solutions politiques que nous nous en sommes sortis. \u00bb<\/p>\n<p>\u00ab Nous faisons tout ce que des ambassadeurs peuvent faire, mais c\u2019est aux Tunisiens, et aux Tunisiens seuls, de converger vers un compromis et de s\u2019unir, affirme un autre ambassadeur. Le pays a besoin d\u2019apaisement et d\u2019un gouvernement, actuel ou futur, attel\u00e9 au travail. Pour relancer notre coop\u00e9ration, nous avons besoin au plus vite de vis-\u00e0-vis d\u00e9cisionnaires et op\u00e9rationnels. Les institutions financi\u00e8res ont lanc\u00e9 un last-call. Si les march\u00e9s financiers se d\u00e9tournent de la Tunisie, le risque est grand \u00bb, ajoute-t-il.<\/p>\n<p><span class=\"c2\"><strong>\u00abUne heureuse opportunit\u00e9 d\u2019\u00e9changes\u00bb<\/strong><\/span><\/p>\n<p>\u00ab Deux heures durant, le pr\u00e9sident Sa\u00efed a \u00e9t\u00e9 accueillant, attentif, cordial et disponible \u00bb, ajoute une autre source. \u00ab Dans la carri\u00e8re d\u2019un ambassadeur, ce n\u2019est gu\u00e8re fr\u00e9quent qu\u2019un chef d\u2019Etat nous offre pareille occasion, pour l\u2019\u00e9couter en direct et surtout lui faire part de nos interrogations. Encore plus, pendant un aussi long temps, poursuit-elle. L\u2019initiative du pr\u00e9sident Sa\u00efed est louable. Nous d\u00e9couvrons en lui un autre visage, plus affable, naturel. Il a \u00e9t\u00e9 disert, \u00e9voquant plusieurs sujets, laissant quasiment tous, pas moins d\u2019une douzaine d\u2019ambassadeurs, y aller chacun de son intervention. Mais l\u2019essentiel de nos \u00e9changes a port\u00e9 sur l\u2019impasse politique qui bloque le pays. Deux autres marques d\u2019attention sont \u00e0 relever. La premi\u00e8re, l\u2019invitation \u00e0 prendre le caf\u00e9 ensemble, dans le grand patio de la zone priv\u00e9e, permettant ainsi d\u2019avoir de brefs apart\u00e9s courtois avec le chef de l\u2019Etat. La deuxi\u00e8me, c\u2019\u00e9tait de prendre une photo de groupe sur le perron du palais de Carthage, une pratique inusit\u00e9e jusque-l\u00e0, marquant tout son int\u00e9r\u00eat \u00e0 notre rencontre. Une autre symbolique, les membres de la cellule diplomatique du cabinet pr\u00e9sidentiel ont \u00e9t\u00e9 invit\u00e9s \u00e0 s\u2019y associer&#8230; \u00bb<\/p>\n<p><span class=\"c2\"><strong>\u00abIl tient fermement \u00e0 sa propre lecture de la constitution, et il d\u00e9nonce la corruption\u00bb<\/strong><\/span><\/p>\n<p>\u00ab Le pr\u00e9sident de la R\u00e9publique s\u2019est montr\u00e9 tr\u00e8s attach\u00e9 \u00e0 la constitution, d\u00e9termin\u00e9 \u00e0 la d\u00e9fendre. Il est profond\u00e9ment convaincu que c\u2019est son interpr\u00e9tation, qui est la bonne, en l\u2019\u00e9tat actuel d\u2019absence d\u2019une cour constitutionnelle \u00bb, souligne un ambassadeur pr\u00e9sent.\u00a0 \u00ab Aussi, il a longuement point\u00e9 du doigt la corruption, la malversation et la concussion qui rongent la soci\u00e9t\u00e9 et intoxiquent le climat des affaires, d\u00e9plorant le manque de r\u00e9action forte de la classe politique, ajoute-t-il. En fait, nous n\u2019en sommes ni surpris, ni choqu\u00e9s, ces pratiques et attitudes gangr\u00e8nent d\u2019autres jeunes d\u00e9mocraties, mais finiront par s\u2019estomper sous l\u2019effet d\u2019une \u00e9ducation citoyenne continue, et une vigilance sans rel\u00e2che. Le plus urgent, c\u2019est de mettre fin \u00e0 ce climat d\u00e9l\u00e9t\u00e8re et de sauver l\u2019Etat du blocage politique. \u00bb<\/p>\n<p><span class=\"c2\"><strong>\u00abCela va cheminer dans son esprit. L\u2019alternative de la rue sera p\u00e9rilleuse\u00bb<\/strong><\/span><\/p>\n<p>\u00ab Sur le fond, confie un autre diplomate europ\u00e9en, on n\u2019a senti aucune inclinaison sur le compromis. Si, dans l\u2019instant, le pr\u00e9sident Sa\u00efed n\u2019a pas donn\u00e9 l\u2019impression d\u2019\u00eatre sensible \u00e0 notre appel \u00e0 l\u2019apaisement et \u00e0 une sortie par le haut. Nous sommes persuad\u00e9s que cela va cheminer dans son esprit. Sur la m\u00eame lanc\u00e9e, nous continuons \u00e0 passer le m\u00eame message \u00e0 la Kasbah et au Bardo ainsi qu\u2019aux partis politiques. Tous doivent faire mouvement pour se rencontrer. L\u2019alternative est p\u00e9rilleuse, le recours \u00e0 la rue ouvre la voie \u00e0 tous les dangers. \u00bb<\/p>\n<p><span class=\"c2\"><strong>Relance de la coop\u00e9ration: \u00e0 quelles conditions<\/strong><\/span><\/p>\n<p>Accueillant ses h\u00f4tes, le pr\u00e9sident Kais Sa\u00efed avait cadr\u00e9 la rencontre dans une adresse d\u2019ouverture de pr\u00e8s d\u2019un quart d\u2019heure. Nouvelle relation avec l\u2019Europe, solution partag\u00e9e \u00e0 trouver pour la question migratoire, relance de la coop\u00e9ration \u00e9conomique, renforcement de la coop\u00e9ration judiciaire, approche politique de soutien en faveur du rapatriement des biens et avoir confisqu\u00e9s d\u00e9tenus en Europe, sortie de crise en Libye, grands projets TGV et p\u00f4le sant\u00e9 \u00e0 Kairouan, et autres priorit\u00e9s. Les \u00e9changes y rouleront. Des ambassadeurs ont mentionn\u00e9 que nombre d\u2019entreprises de leurs pays envisagent de d\u00e9localiser en Tunisie leurs filiales jusque-l\u00e0 implant\u00e9es en Asie. Elles risquent d\u2019en \u00eatre dissuad\u00e9es par l\u2019instabilit\u00e9 politique, les freins administratifs et la surench\u00e8re des revendications syndicales.<\/p>\n<p><span class=\"c2\"><strong>Il ne saurait \u00eatre insensible au message de l\u2019Europe<\/strong><\/span><\/p>\n<p>Ravis de cette opportunit\u00e9, les ambassadeurs, d\u00e9j\u00e0 bien inform\u00e9s de la situation en Tunisie, y puiseront des \u00e9l\u00e9ments utiles pour nourrir leurs messages \u00e0 leurs capitales. S\u2019ils n\u2019ont pas per\u00e7u de r\u00e9ponse positive \u00e0 leur appel, ils n\u2019y perdent pas espoir. Et ne l\u00e2chent pas prise. Quant au pr\u00e9sident Kais Sa\u00efed, il a d\u00fb lui aussi appr\u00e9cier ces \u00e9changes ce qui l\u2019encouragera \u00e0 r\u00e9it\u00e9rer ce m\u00eame exercice avec d\u2019autres h\u00f4tes, tunisiens et \u00e9trangers. Quel enseignement en tire-t-il d\u2019autres et d\u00e9j\u00e0 ? Il ne saurait \u00eatre insensible au message de l\u2019Europe.<br \/>\u00a0<\/p>\n<p>Auteur:<br \/>\n<a href=\"https:\/\/www.leaders.com.tn\/article\/31488-ce-que-les-ambassadeurs-europeens-ont-dit-au-president-kais-saied\">Cliquez ici pour lire l&rsquo;article depuis sa source.<\/a><\/p>\n","protected":false},"excerpt":{"rendered":"<p>Les pays europ\u00e9ens sont tr\u00e8s pr\u00e9occup\u00e9s par la crise politique o\u00f9 s\u2019enlise la Tunisie, aggrav\u00e9e par des conditions \u00e9conomiques critiques. Invit\u00e9s mardi par le pr\u00e9sident de la R\u00e9publique Kais Sa\u00efed, pour des \u00e9changes \u00ab \u00e0 b\u00e2tons rompus \u00bb, leurs ambassadeurs ont port\u00e9 d\u2019une m\u00eame voix ce message pressant. \u00ab Nous sommes pr\u00eats \u00e0 accompagner la [&hellip;]<\/p>\n","protected":false},"author":1772,"featured_media":0,"comment_status":"closed","ping_status":"closed","sticky":false,"template":"","format":"standard","meta":{"fifu_image_url":"","fifu_image_alt":"","footnotes":""},"categories":[73,55],"tags":[],"class_list":["post-111968","post","type-post","status-publish","format-standard","hentry","category-actualite","category-tunisie"],"_links":{"self":[{"href":"https:\/\/linitiative.ca\/International\/wp-json\/wp\/v2\/posts\/111968","targetHints":{"allow":["GET"]}}],"collection":[{"href":"https:\/\/linitiative.ca\/International\/wp-json\/wp\/v2\/posts"}],"about":[{"href":"https:\/\/linitiative.ca\/International\/wp-json\/wp\/v2\/types\/post"}],"author":[{"embeddable":true,"href":"https:\/\/linitiative.ca\/International\/wp-json\/wp\/v2\/users\/1772"}],"replies":[{"embeddable":true,"href":"https:\/\/linitiative.ca\/International\/wp-json\/wp\/v2\/comments?post=111968"}],"version-history":[{"count":0,"href":"https:\/\/linitiative.ca\/International\/wp-json\/wp\/v2\/posts\/111968\/revisions"}],"wp:attachment":[{"href":"https:\/\/linitiative.ca\/International\/wp-json\/wp\/v2\/media?parent=111968"}],"wp:term":[{"taxonomy":"category","embeddable":true,"href":"https:\/\/linitiative.ca\/International\/wp-json\/wp\/v2\/categories?post=111968"},{"taxonomy":"post_tag","embeddable":true,"href":"https:\/\/linitiative.ca\/International\/wp-json\/wp\/v2\/tags?post=111968"}],"curies":[{"name":"wp","href":"https:\/\/api.w.org\/{rel}","templated":true}]}}