{"id":111972,"date":"2021-02-24T05:00:00","date_gmt":"2021-02-24T10:00:00","guid":{"rendered":"https:\/\/linitiative.ca\/International\/les-medecins-liberaux-denoncent\/"},"modified":"2021-02-24T05:00:00","modified_gmt":"2021-02-24T10:00:00","slug":"les-medecins-liberaux-denoncent","status":"publish","type":"post","link":"https:\/\/linitiative.ca\/International\/les-medecins-liberaux-denoncent\/","title":{"rendered":"Les m\u00e9decins lib\u00e9raux d\u00e9noncent"},"content":{"rendered":"<p class=\"c2\">Les m\u00e9decins exer\u00e7ant en lib\u00e9ral continuent de crier haut et fort leur exclusion de la strat\u00e9gie de vaccination. Alors que beaucoup de leurs coll\u00e8gues \u00e9taient en train de recevoir la seconde dose du vaccin contre le Covid-19, les m\u00e9decins lib\u00e9raux peinent \u00e0 se faire vacciner. Inscrits comme le reste de la population sur des listes au niveau des polycliniques d\u00e9di\u00e9es \u00e0 la vaccination, les m\u00e9decins lib\u00e9raux attendent d&rsquo;\u00eatre contact\u00e9s pour pouvoir \u00eatre vaccin\u00e9s. Ils d\u00e9noncent la politique du deux poids deux mesures qui les a exclus de fait de la liste des populations prioritairement \u00e9ligibles \u00e0 la vaccination.<\/p>\n<p>Auteur:<br \/>\n<a href=\"https:\/\/www.lesoirdalgerie.com\/periscoop\/les-medecins-liberaux-denoncent-56875\">Cliquez ici pour lire l&rsquo;article depuis sa source.<\/a><\/p>\n","protected":false},"excerpt":{"rendered":"<p>Les m\u00e9decins exer\u00e7ant en lib\u00e9ral continuent de crier haut et fort leur exclusion de la strat\u00e9gie de vaccination. Alors que beaucoup de leurs coll\u00e8gues \u00e9taient en train de recevoir la seconde dose du vaccin contre le Covid-19, les m\u00e9decins lib\u00e9raux peinent \u00e0 se faire vacciner. Inscrits comme le reste de la population sur des listes [&hellip;]<\/p>\n","protected":false},"author":1741,"featured_media":0,"comment_status":"closed","ping_status":"closed","sticky":false,"template":"","format":"standard","meta":{"fifu_image_url":"","fifu_image_alt":"","footnotes":""},"categories":[73,53],"tags":[],"class_list":["post-111972","post","type-post","status-publish","format-standard","hentry","category-actualite","category-algerie"],"_links":{"self":[{"href":"https:\/\/linitiative.ca\/International\/wp-json\/wp\/v2\/posts\/111972","targetHints":{"allow":["GET"]}}],"collection":[{"href":"https:\/\/linitiative.ca\/International\/wp-json\/wp\/v2\/posts"}],"about":[{"href":"https:\/\/linitiative.ca\/International\/wp-json\/wp\/v2\/types\/post"}],"author":[{"embeddable":true,"href":"https:\/\/linitiative.ca\/International\/wp-json\/wp\/v2\/users\/1741"}],"replies":[{"embeddable":true,"href":"https:\/\/linitiative.ca\/International\/wp-json\/wp\/v2\/comments?post=111972"}],"version-history":[{"count":0,"href":"https:\/\/linitiative.ca\/International\/wp-json\/wp\/v2\/posts\/111972\/revisions"}],"wp:attachment":[{"href":"https:\/\/linitiative.ca\/International\/wp-json\/wp\/v2\/media?parent=111972"}],"wp:term":[{"taxonomy":"category","embeddable":true,"href":"https:\/\/linitiative.ca\/International\/wp-json\/wp\/v2\/categories?post=111972"},{"taxonomy":"post_tag","embeddable":true,"href":"https:\/\/linitiative.ca\/International\/wp-json\/wp\/v2\/tags?post=111972"}],"curies":[{"name":"wp","href":"https:\/\/api.w.org\/{rel}","templated":true}]}}