{"id":111973,"date":"2021-02-24T05:00:00","date_gmt":"2021-02-24T10:00:00","guid":{"rendered":"https:\/\/linitiative.ca\/International\/la-prison-se-charge-des-convictions\/"},"modified":"2021-02-24T05:00:00","modified_gmt":"2021-02-24T10:00:00","slug":"la-prison-se-charge-des-convictions","status":"publish","type":"post","link":"https:\/\/linitiative.ca\/International\/la-prison-se-charge-des-convictions\/","title":{"rendered":"La prison se charge des convictions !"},"content":{"rendered":"<p class=\"c2\">Soit elle les ab\u00eeme et finit par les \u00e9teindre compl\u00e8tement, soit elle les raffermit ! Tout d\u00e9pend des raisons pour lesquelles quelqu\u2019un va en prison. Celles qui font qu\u2019une personne passe du statut d\u2019homme de pouvoir politique et financier \u00e0 celui de sombre pr\u00e9dateur incarc\u00e9r\u00e9 pour avoir saign\u00e9 le pays et vid\u00e9 les caisses de l\u2019Etat. Celles-l\u00e0 transforment l\u2019autoritarisme,\u00a0 l\u2019arrogance et le m\u00e9pris assum\u00e9 du haut responsable l\u00e2ch\u00e9 par ses sponsors en impuissance \u00e0 se d\u00e9fendre contre ce que, lui-m\u00eame, a contribu\u00e9 \u00e0 mettre en place. Et il y a celles et ceux dont la prison n\u2019entame en rien la d\u00e9termination et la certitude que le triomphe d\u00e9mocratique m\u00e9rite qu\u2019on lui sacrifie une perte de libert\u00e9. Quand on joue dans la cour des grands, on fait peu cas de ce qui se passe en bas. \u00c0 ce niveau-l\u00e0, on est, g\u00e9n\u00e9ralement, tout \u00e0 fait convaincu que, pour tenir le citoyen \u00e0 distance des privil\u00e8ges et entretenir sa soumission, comme l\u2019affirmait le sinistre Ouyahia, il faut l\u2019affamer.<br \/>La tentation autoritaire n\u2019a pas renonc\u00e9. Elle fait de la contestation une pratique passible d\u2019internement. Surtout lorsqu\u2019elle se fixe pour objectif de fournir aux consciences qui doutent les mots qui balaient ce dernier et aident \u00e0 rendre l\u2019\u00e9veil permanent. Ceux qui ont \u00e9t\u00e9 incarc\u00e9r\u00e9s durant de longs mois, pour avoir enfreint l\u2019interdit, exprim\u00e9 librement leur rejet de la situation qui pr\u00e9vaut ou pour en avoir rendu compte, ont \u00e9t\u00e9 graci\u00e9s ! Pas r\u00e9habilit\u00e9s ! Ils demeurent, par cons\u00e9quent, coupables d\u2019avoir port\u00e9 pr\u00e9judice \u00e0 la r\u00e9putation du syst\u00e8me et \u00e0 l\u2019image de ceux qui le servent.\u00a0<br \/>Les graci\u00e9s ont une \u00e9p\u00e9e de Damocl\u00e8s qui leur pend sur la t\u00eate. \u00c0 la moindre r\u00e9cidive, ils retournent en prison. Celle-l\u00e0 m\u00eame qui, au lieu d\u2019enterrer les convictions, a m\u00fbri les certitudes et fabriqu\u00e9 des h\u00e9ros enfant\u00e9s par un Hirak que l\u2019on aurait grand tort de croire essouffl\u00e9.\u00a0<br \/>Des hommes et des femmes exemplaires auxquels le mouvement populaire s\u2019identifie et dont il porte fi\u00e8rement l\u2019\u00e9tendard. Voil\u00e0 pourquoi\u00a0 le moyen de garantir une expression loin des standards actuels reste celui qui s\u2019oppose au musellement des voix \u00e9mancipatrices par les r\u00e9sidus d\u2019une intendance honnie.\u00a0 \u00a0<br \/><em><strong>M. B.<\/strong><\/em><\/p>\n<p>Auteur:<br \/>\n<a href=\"https:\/\/www.lesoirdalgerie.com\/soit-dit-en-passant\/la-prison-se-charge-des-convictions-56874\">Cliquez ici pour lire l&rsquo;article depuis sa source.<\/a><\/p>\n","protected":false},"excerpt":{"rendered":"<p>Soit elle les ab\u00eeme et finit par les \u00e9teindre compl\u00e8tement, soit elle les raffermit ! Tout d\u00e9pend des raisons pour lesquelles quelqu\u2019un va en prison. Celles qui font qu\u2019une personne passe du statut d\u2019homme de pouvoir politique et financier \u00e0 celui de sombre pr\u00e9dateur incarc\u00e9r\u00e9 pour avoir saign\u00e9 le pays et vid\u00e9 les caisses de [&hellip;]<\/p>\n","protected":false},"author":1741,"featured_media":0,"comment_status":"closed","ping_status":"closed","sticky":false,"template":"","format":"standard","meta":{"fifu_image_url":"","fifu_image_alt":"","footnotes":""},"categories":[73,53],"tags":[],"class_list":["post-111973","post","type-post","status-publish","format-standard","hentry","category-actualite","category-algerie"],"_links":{"self":[{"href":"https:\/\/linitiative.ca\/International\/wp-json\/wp\/v2\/posts\/111973","targetHints":{"allow":["GET"]}}],"collection":[{"href":"https:\/\/linitiative.ca\/International\/wp-json\/wp\/v2\/posts"}],"about":[{"href":"https:\/\/linitiative.ca\/International\/wp-json\/wp\/v2\/types\/post"}],"author":[{"embeddable":true,"href":"https:\/\/linitiative.ca\/International\/wp-json\/wp\/v2\/users\/1741"}],"replies":[{"embeddable":true,"href":"https:\/\/linitiative.ca\/International\/wp-json\/wp\/v2\/comments?post=111973"}],"version-history":[{"count":0,"href":"https:\/\/linitiative.ca\/International\/wp-json\/wp\/v2\/posts\/111973\/revisions"}],"wp:attachment":[{"href":"https:\/\/linitiative.ca\/International\/wp-json\/wp\/v2\/media?parent=111973"}],"wp:term":[{"taxonomy":"category","embeddable":true,"href":"https:\/\/linitiative.ca\/International\/wp-json\/wp\/v2\/categories?post=111973"},{"taxonomy":"post_tag","embeddable":true,"href":"https:\/\/linitiative.ca\/International\/wp-json\/wp\/v2\/tags?post=111973"}],"curies":[{"name":"wp","href":"https:\/\/api.w.org\/{rel}","templated":true}]}}