{"id":111974,"date":"2021-02-24T05:00:00","date_gmt":"2021-02-24T10:00:00","guid":{"rendered":"https:\/\/linitiative.ca\/International\/terrain-du-hirak\/"},"modified":"2021-02-24T05:00:00","modified_gmt":"2021-02-24T10:00:00","slug":"terrain-du-hirak","status":"publish","type":"post","link":"https:\/\/linitiative.ca\/International\/terrain-du-hirak\/","title":{"rendered":"Terrain du Hirak"},"content":{"rendered":"<p class=\"c2\">Emprunt au confr\u00e8re Karim A\u00efmeur du Soir d\u2019Alg\u00e9rie qui a couvert le Hirak l\u2019autre jour : \u00abUne foule impressionnante a sillonn\u00e9 le centre-ville \u00e0 l\u2019occasion du deuxi\u00e8me anniversaire du d\u00e9clenchement du mouvement populaire du 22 f\u00e9vrier 2019. Les manifestants ont renouvel\u00e9 les revendications du Hirak et appel\u00e9 \u00e0 un changement radical du syst\u00e8me politique.\u00bb Voil\u00e0, rien \u00e0 ajouter.<br \/><em><strong>A. T.<\/strong><\/em><\/p>\n<p>Auteur:<br \/>\n<a href=\"https:\/\/www.lesoirdalgerie.com\/digoutage\/terrain-du-hirak-56873\">Cliquez ici pour lire l&rsquo;article depuis sa source.<\/a><\/p>\n","protected":false},"excerpt":{"rendered":"<p>Emprunt au confr\u00e8re Karim A\u00efmeur du Soir d\u2019Alg\u00e9rie qui a couvert le Hirak l\u2019autre jour : \u00abUne foule impressionnante a sillonn\u00e9 le centre-ville \u00e0 l\u2019occasion du deuxi\u00e8me anniversaire du d\u00e9clenchement du mouvement populaire du 22 f\u00e9vrier 2019. Les manifestants ont renouvel\u00e9 les revendications du Hirak et appel\u00e9 \u00e0 un changement radical du syst\u00e8me politique.\u00bb Voil\u00e0, [&hellip;]<\/p>\n","protected":false},"author":1741,"featured_media":0,"comment_status":"closed","ping_status":"closed","sticky":false,"template":"","format":"standard","meta":{"fifu_image_url":"","fifu_image_alt":"","footnotes":""},"categories":[73,53],"tags":[],"class_list":["post-111974","post","type-post","status-publish","format-standard","hentry","category-actualite","category-algerie"],"_links":{"self":[{"href":"https:\/\/linitiative.ca\/International\/wp-json\/wp\/v2\/posts\/111974","targetHints":{"allow":["GET"]}}],"collection":[{"href":"https:\/\/linitiative.ca\/International\/wp-json\/wp\/v2\/posts"}],"about":[{"href":"https:\/\/linitiative.ca\/International\/wp-json\/wp\/v2\/types\/post"}],"author":[{"embeddable":true,"href":"https:\/\/linitiative.ca\/International\/wp-json\/wp\/v2\/users\/1741"}],"replies":[{"embeddable":true,"href":"https:\/\/linitiative.ca\/International\/wp-json\/wp\/v2\/comments?post=111974"}],"version-history":[{"count":0,"href":"https:\/\/linitiative.ca\/International\/wp-json\/wp\/v2\/posts\/111974\/revisions"}],"wp:attachment":[{"href":"https:\/\/linitiative.ca\/International\/wp-json\/wp\/v2\/media?parent=111974"}],"wp:term":[{"taxonomy":"category","embeddable":true,"href":"https:\/\/linitiative.ca\/International\/wp-json\/wp\/v2\/categories?post=111974"},{"taxonomy":"post_tag","embeddable":true,"href":"https:\/\/linitiative.ca\/International\/wp-json\/wp\/v2\/tags?post=111974"}],"curies":[{"name":"wp","href":"https:\/\/api.w.org\/{rel}","templated":true}]}}