{"id":111976,"date":"2021-02-24T08:08:42","date_gmt":"2021-02-24T13:08:42","guid":{"rendered":"https:\/\/linitiative.ca\/International\/nasser-bourita-recoit-le-president-de-la-fifa-gianni-infantino\/"},"modified":"2021-02-24T08:08:42","modified_gmt":"2021-02-24T13:08:42","slug":"nasser-bourita-recoit-le-president-de-la-fifa-gianni-infantino","status":"publish","type":"post","link":"https:\/\/linitiative.ca\/International\/nasser-bourita-recoit-le-president-de-la-fifa-gianni-infantino\/","title":{"rendered":"Nasser Bourita re\u00e7oit le pr\u00e9sident de la FIFA Gianni Infantino"},"content":{"rendered":"<p><strong>Le ministre des Affaires \u00e9trang\u00e8res, de la Coop\u00e9ration africaine et des Marocains r\u00e9sidant \u00e0 l\u2019\u00e9tranger, Nasser Bourita a re\u00e7u, mercredi \u00e0 Rabat, le pr\u00e9sident de la F\u00e9d\u00e9ration internationale de football (FIFA), Gianni Infantino, actuellement en visite de travail de deux jours au Maroc.<\/strong><\/p>\n<div class=\"c10\">\n<\/div>\n<p>Cette rencontre a \u00e9t\u00e9 marqu\u00e9e notamment par la pr\u00e9sence du pr\u00e9sident de la F\u00e9d\u00e9ration royale marocaine de football (FRMF), Fouzi Lekjaa. A son arriv\u00e9e, plus t\u00f4t dans la journ\u00e9e \u00e0 l\u2019a\u00e9roport de Rabat-Sal\u00e9, Infantino avait indiqu\u00e9 que le Maroc a un r\u00f4le cl\u00e9 \u00e0 jouer pour le d\u00e9veloppement du football africain, \u00ab\u00a0c\u2019est un grand plaisir pour moi d\u2019\u00eatre ici au Maroc, un grand pays de football qui a un r\u00f4le de locomotive \u00e0 jouer pour le d\u00e9veloppement du football dans le continent\u00a0\u00bb.<\/p>\n<p>Selon le pr\u00e9sident de la FIFA, plusieurs projets et programmes de d\u00e9veloppement du football seront d\u00e9battus lors de cette visite, ayant trait en particulier aux jeunes et au football f\u00e9minin, entre autres.<\/p>\n<p><strong>Lire aussi |\u00a0<a rel=\"noreferrer noopener\" href=\"https:\/\/www.challenge.ma\/dan-catarivas-cette-normalisation-offre-desormais-la-possibilite-delargir-et-dapprofondir-les-relations-entre-les-secteurs-prives-israelien-et-marocain-174867\/\" target=\"_blank\">Dan Catarivas : \u00ab\u00a0Cette normalisation offre d\u00e9sormais, la possibilit\u00e9 d\u2019\u00e9largir et d\u2019approfondir les relations entre les secteurs priv\u00e9s isra\u00e9lien et marocain\u00a0\u00bb<\/a><\/strong><\/p>\n<p>\u00ab\u00a0Cette visite s\u2019inscrit dans le cadre de la consolidation des fortes relations existantes entre la FIFA et les responsables de la FRMF\u00a0\u00bb, indique la F\u00e9d\u00e9ration Royale marocaine de football. Elle a pour objectif \u00e9galement de d\u00e9velopper la coop\u00e9ration entre les deux instances en mati\u00e8re de promotion du football national et continental.<\/p>\n<figure class=\"wp-block-embed is-type-rich is-provider-twitter wp-block-embed-twitter\">\n<div class=\"wp-block-embed__wrapper\">\n<blockquote class=\"twitter-tweet\" data-width=\"550\" data-dnt=\"true\">\n<p lang=\"en\" dir=\"ltr\" xml:lang=\"en\">This working visit will further strengthen relations between FIFA and FRMF officials, and help explore avenues for cooperation for football development in Morocco and Africa\u26bd\ud83c\uddf2\ud83c\udde6<\/p>\n<p>\u2014 FRMF (@FRMFOFFICIEL) <a href=\"https:\/\/twitter.com\/FRMFOFFICIEL\/status\/1364534515776036869?ref_src=twsrc%5Etfw\">February 24, 2021<\/a><\/p><\/blockquote>\n<\/div>\n<\/figure>\n<p>Notons que l\u2019assembl\u00e9e g\u00e9n\u00e9rale \u00e9lective de la Conf\u00e9d\u00e9ration africaine de football (CAF) se tiendra le 12 mars prochain \u00e0 Rabat.<\/p>\n<p><strong>Lire aussi |\u00a0<a rel=\"noreferrer noopener\" href=\"https:\/\/www.challenge.ma\/covid-19-clairvoyance-du-royaume-et-un-tebboune-demasque-176190\/\" target=\"_blank\">Covid-19 : clairvoyance du Royaume et un Tebboune d\u00e9masqu\u00e9<\/a><\/strong><\/p>\n<p>Avec MAP<\/p>\n<p>Auteur: Hajar DARI<br \/>\n<a href=\"https:\/\/www.challenge.ma\/nasser-bourita-recoit-le-president-de-la-fifa-gianni-infantino-176248\/\">Cliquez ici pour lire l&rsquo;article depuis sa source.<\/a><\/p>\n","protected":false},"excerpt":{"rendered":"<p>Le ministre des Affaires \u00e9trang\u00e8res, de la Coop\u00e9ration africaine et des Marocains r\u00e9sidant \u00e0 l\u2019\u00e9tranger, Nasser Bourita a re\u00e7u, mercredi \u00e0 Rabat, le pr\u00e9sident de la F\u00e9d\u00e9ration internationale de football (FIFA), Gianni Infantino, actuellement en visite de travail de deux jours au Maroc. Cette rencontre a \u00e9t\u00e9 marqu\u00e9e notamment par la pr\u00e9sence du pr\u00e9sident de [&hellip;]<\/p>\n","protected":false},"author":1787,"featured_media":0,"comment_status":"closed","ping_status":"closed","sticky":false,"template":"","format":"standard","meta":{"fifu_image_url":"","fifu_image_alt":"","footnotes":""},"categories":[78,54],"tags":[],"class_list":["post-111976","post","type-post","status-publish","format-standard","hentry","category-economie","category-maroc"],"_links":{"self":[{"href":"https:\/\/linitiative.ca\/International\/wp-json\/wp\/v2\/posts\/111976","targetHints":{"allow":["GET"]}}],"collection":[{"href":"https:\/\/linitiative.ca\/International\/wp-json\/wp\/v2\/posts"}],"about":[{"href":"https:\/\/linitiative.ca\/International\/wp-json\/wp\/v2\/types\/post"}],"author":[{"embeddable":true,"href":"https:\/\/linitiative.ca\/International\/wp-json\/wp\/v2\/users\/1787"}],"replies":[{"embeddable":true,"href":"https:\/\/linitiative.ca\/International\/wp-json\/wp\/v2\/comments?post=111976"}],"version-history":[{"count":0,"href":"https:\/\/linitiative.ca\/International\/wp-json\/wp\/v2\/posts\/111976\/revisions"}],"wp:attachment":[{"href":"https:\/\/linitiative.ca\/International\/wp-json\/wp\/v2\/media?parent=111976"}],"wp:term":[{"taxonomy":"category","embeddable":true,"href":"https:\/\/linitiative.ca\/International\/wp-json\/wp\/v2\/categories?post=111976"},{"taxonomy":"post_tag","embeddable":true,"href":"https:\/\/linitiative.ca\/International\/wp-json\/wp\/v2\/tags?post=111976"}],"curies":[{"name":"wp","href":"https:\/\/api.w.org\/{rel}","templated":true}]}}