{"id":111977,"date":"2021-02-24T11:41:43","date_gmt":"2021-02-24T16:41:43","guid":{"rendered":"https:\/\/linitiative.ca\/International\/economie-la-longue-marche-vers-le-retablissement\/"},"modified":"2021-02-24T11:41:43","modified_gmt":"2021-02-24T16:41:43","slug":"economie-la-longue-marche-vers-le-retablissement","status":"publish","type":"post","link":"https:\/\/linitiative.ca\/International\/economie-la-longue-marche-vers-le-retablissement\/","title":{"rendered":"\u00c9conomie : la longue marche vers le r\u00e9tablissement"},"content":{"rendered":"<p><strong>On s\u2019y attendait. Les statistiques sur l\u2019ann\u00e9e \u00e9coul\u00e9e ne sont pas bonnes. Certains secteurs comme le tourisme ou l\u2019a\u00e9rien sont tout simplement sinistr\u00e9s avec des baisses d\u00e9passant les 50%.<\/strong><\/p>\n<div class=\"c10\">\n<\/div>\n<p>Des indices importants comme la vente de ciments ou la consommation de l\u2019\u00e9nergie baissent fortement. La chute du PIB est \u00e9valu\u00e9e \u00e0 plus de 7%. Ce sont des chiffres qui \u00e9taient annonc\u00e9s par toutes les \u00e9tudes prospectives. Les finances de l\u2019\u00c9tat ont \u00e9t\u00e9 bouscul\u00e9es par les d\u00e9penses li\u00e9es au Covid-19, mais aussi la chute des recettes fiscales \u00e9valu\u00e9e \u00e0 12 milliards de DH. Cette baisse a peu de chance d\u2019\u00eatre compens\u00e9e en 2021 puisque l\u2019IS calcul\u00e9 sur les r\u00e9sultats de 2020 va fortement baisser. C\u2019est imparable parce que math\u00e9matique.<\/p>\n<p><strong>Lire aussi | <a href=\"https:\/\/www.challenge.ma\/nasser-bourita-recoit-le-president-de-la-fifa-gianni-infantino-176248\/\" target=\"_blank\" rel=\"noreferrer noopener\">Nasser Bourita re\u00e7oit le pr\u00e9sident de la FIFA Gianni Infantino<\/a><\/strong><\/p>\n<p>Il n\u2019y a aucune surprise dans tout cela parce que la rationalit\u00e9 laissait m\u00eame penser qu\u2019il y aurait pire. Mais la m\u00eame rationalit\u00e9 pousse \u00e0 s\u2019interdire la sinistrose. La campagne de vaccination avance bien, les chiffres concernant les infections diminuent. Cela signifie que les restrictions pourront \u00eatre all\u00e9g\u00e9es avant l\u2019\u00e9t\u00e9, juste apr\u00e8s le ramadan, ce qui permettrait de relancer des secteurs compl\u00e8tement \u00e0 l\u2019arr\u00eat. En esp\u00e9rant que nos partenaires les plus importants arrivent aussi \u00e0 juguler la pand\u00e9mie, alors que les variants font peur. Les mesures du plan de relance ne donneront leur pleine mesure que dans le contexte esp\u00e9r\u00e9 d\u00e9crit plus haut.<\/p>\n<p><strong>Lire aussi | <a href=\"https:\/\/www.challenge.ma\/coronavirus-lactivite-du-geant-hotelier-francais-accor-a-chute-de-60-en-2020-176223\/\" target=\"_blank\" rel=\"noreferrer noopener\">Coronavirus : l\u2019activit\u00e9 du g\u00e9ant h\u00f4telier fran\u00e7ais Accor a chut\u00e9 de 60% en 2020<\/a><\/strong><\/p>\n<p>Mais de bonnes nouvelles sont d\u00e9j\u00e0 l\u00e0. Si la pluviom\u00e9trie du mois de mars est au rendez-vous, la campagne agricole pourrait \u00eatre exceptionnelle et mettre du baume au c\u0153ur de nos agriculteurs. Des investissements pour un total de plus de 50 milliards de DH ont \u00e9t\u00e9 agr\u00e9\u00e9s. Ceci signifie que la confiance dans le potentiel du pays est toujours l\u00e0. Tous les \u00e9conomistes vous diront que c\u2019est un ingr\u00e9dient indispensable \u00e0 toute reprise. Si ces conventions d\u2019investissements se mat\u00e9rialisent, l\u2019impact sur l\u2019emploi sera tr\u00e8s fort.<\/p>\n<p><strong>Lire aussi | <a href=\"https:\/\/www.challenge.ma\/lenteur-dinternet-les-precisions-de-maroc-telecom-176234\/\" target=\"_blank\" rel=\"noreferrer noopener\">Lenteur d\u2019Internet : les pr\u00e9cisions de Maroc Telecom<\/a><\/strong><\/p>\n<p>Ce n\u2019est pas un appel \u00e0 la b\u00e9atitude. Raisonnablement, nous ne pouvons pas esp\u00e9rer retrouver le niveau de 2019 d\u00e8s 2021. Mais nous pouvons entamer un cycle de croissance important. Le plus dur, c\u2019est de le renforcer pour qu\u2019il replace l\u2019\u00e9conomie marocaine sur le chemin de l\u2019\u00e9mergence. La prochaine majorit\u00e9 devra affronter ce d\u00e9fi historique tout en r\u00e9ussissant le projet d\u2019extension de la protection sociale. Il faut y croire parce que c\u2019est possible.<\/p>\n<p>Auteur: challenge<br \/>\n<a href=\"https:\/\/www.challenge.ma\/economie-la-longue-marche-vers-le-retablissement-176274\/\">Cliquez ici pour lire l&rsquo;article depuis sa source.<\/a><\/p>\n","protected":false},"excerpt":{"rendered":"<p>On s\u2019y attendait. Les statistiques sur l\u2019ann\u00e9e \u00e9coul\u00e9e ne sont pas bonnes. Certains secteurs comme le tourisme ou l\u2019a\u00e9rien sont tout simplement sinistr\u00e9s avec des baisses d\u00e9passant les 50%. Des indices importants comme la vente de ciments ou la consommation de l\u2019\u00e9nergie baissent fortement. La chute du PIB est \u00e9valu\u00e9e \u00e0 plus de 7%. Ce [&hellip;]<\/p>\n","protected":false},"author":1787,"featured_media":0,"comment_status":"closed","ping_status":"closed","sticky":false,"template":"","format":"standard","meta":{"fifu_image_url":"","fifu_image_alt":"","footnotes":""},"categories":[78,54],"tags":[],"class_list":["post-111977","post","type-post","status-publish","format-standard","hentry","category-economie","category-maroc"],"_links":{"self":[{"href":"https:\/\/linitiative.ca\/International\/wp-json\/wp\/v2\/posts\/111977","targetHints":{"allow":["GET"]}}],"collection":[{"href":"https:\/\/linitiative.ca\/International\/wp-json\/wp\/v2\/posts"}],"about":[{"href":"https:\/\/linitiative.ca\/International\/wp-json\/wp\/v2\/types\/post"}],"author":[{"embeddable":true,"href":"https:\/\/linitiative.ca\/International\/wp-json\/wp\/v2\/users\/1787"}],"replies":[{"embeddable":true,"href":"https:\/\/linitiative.ca\/International\/wp-json\/wp\/v2\/comments?post=111977"}],"version-history":[{"count":0,"href":"https:\/\/linitiative.ca\/International\/wp-json\/wp\/v2\/posts\/111977\/revisions"}],"wp:attachment":[{"href":"https:\/\/linitiative.ca\/International\/wp-json\/wp\/v2\/media?parent=111977"}],"wp:term":[{"taxonomy":"category","embeddable":true,"href":"https:\/\/linitiative.ca\/International\/wp-json\/wp\/v2\/categories?post=111977"},{"taxonomy":"post_tag","embeddable":true,"href":"https:\/\/linitiative.ca\/International\/wp-json\/wp\/v2\/tags?post=111977"}],"curies":[{"name":"wp","href":"https:\/\/api.w.org\/{rel}","templated":true}]}}