{"id":111979,"date":"2021-02-24T14:57:46","date_gmt":"2021-02-24T19:57:46","guid":{"rendered":"https:\/\/linitiative.ca\/International\/legalisation-du-cannabis-au-maroc-quels-enjeux\/"},"modified":"2021-02-24T14:57:46","modified_gmt":"2021-02-24T19:57:46","slug":"legalisation-du-cannabis-au-maroc-quels-enjeux","status":"publish","type":"post","link":"https:\/\/linitiative.ca\/International\/legalisation-du-cannabis-au-maroc-quels-enjeux\/","title":{"rendered":"L\u00e9galisation du Cannabis au Maroc : quels enjeux ?"},"content":{"rendered":"<p><strong>Sous la pr\u00e9sidence de Sa\u00e2deddine El Othmani, un projet \u00ab portant usage l\u00e9gal du cannabis \u00bb va \u00eatre examin\u00e9, jeudi 25 f\u00e9vrier, en conseil du gouvernement. Un pas de plus vers la l\u00e9galisation du cannabis au Maroc.<\/strong> <strong>Lors de ses derniers mois, le d\u00e9bat autour de la l\u00e9galisation du cannabis et de l\u2019usage th\u00e9rapeutique de ce dernier a repris surface. Afin de mieux appr\u00e9hender et comprendre les revendications des personnes qui militent pour la l\u00e9galisation du cannabis, ainsi que les diff\u00e9rents enjeux sanitaires, \u00e9conomiques et sociaux relatifs au cannabis, nous avons interview\u00e9 monsieur Benaceur Azday, co-fondateur du collectif marocain pour l\u2019usage th\u00e9rapeutique et industriel du Cannabis.\u00a0<\/strong><\/p>\n<div class=\"c10\">\n<\/div>\n<p><strong>Challenge\u00a0:<\/strong> <strong>Avant d\u2019aller vers le vif du sujet, pourriez-vous nous \u00e9voquer les raisons de votre militantisme et ses origines ?<\/strong><\/p>\n<p><strong>Benaceur Azday\u00a0:<\/strong> Merci d\u2019avoir pens\u00e9 \u00e0 m\u2019entretenir sur ce sujet qui a fait vibr\u00e9 des consciences. Il s\u2019agit d\u2019un sujet qui a pour longtemps divis\u00e9 les avis, et qui continue de les diviser. Pour certains, il s\u2019agit d\u2019un tabou pour d\u2019autres un danger soci\u00e9tal et pour certains une plateforme de recherche int\u00e9ressante. La plante du Cannabis est une plante m\u00e9dicinale, comme tant d\u2019autres, qui fait partie de l\u2019\u00e9cosyst\u00e8me v\u00e9g\u00e9tal marocain. Cette plante n\u2019est venue ni de l\u2019Orient et ni de l\u2019Occident, comme le veulent entendre certains, mais elle connait sa gen\u00e8se dans le septentrional du Rif. Cette plante du Cannabis, dont notre entretien fait l\u2019objet, concerne et cela depuis la nuit des temps le Cannabis marocain plus connu sous l\u2019appellation \u00ab la Beldia \u00bb, dont la t\u00e9trahydrocannabinol, la THC, est relativement douce. Cependant et pour des raisons de production massive, elle a \u00e9t\u00e9 substitu\u00e9e partiellement par des plantes hybrides import\u00e9es d\u2019ailleurs afin de satisfaire la demande importante du kif marocain qui a bien acquis une renomm\u00e9e mondiale \u00e0 l\u2019instar de la marijuana.\u00a0<\/p>\n<p>Nos objectifs au d\u00e9part \u00e9taient de d\u00e9clencher tout d\u2019abord un d\u00e9bat national et m\u00eame international. Certes, nous avions eu le soutien de quelques m\u00e9dias et associations mais nous avions \u00e9galement \u00e9t\u00e9 contrecarr\u00e9 par les autorit\u00e9s marocaines.\u00a0Nous avons, entre autres, assist\u00e9 \u00e0 l\u2019interpellation de certains membres du groupe. Malgr\u00e9 diff\u00e9rentes perturbations, nous sommes arriv\u00e9s \u00e0 partir de 2012 \u00e0 \u00e9largir notre r\u00e9seau et \u00e0 rentrer en contact avec diff\u00e9rentes compositions et acteurs politiques du royaume. A titre d\u2019exemple nous avons \u00e9t\u00e9 contact\u00e9 par diff\u00e9rents partis politiques \u00e0 l\u2019image du PAM, le parti de l\u2019Istiqlal ou encore le PJD.\u00a0<\/p>\n<p>Finalement j\u2019aimerais aussi pr\u00e9ciser que pour bien aborder cette probl\u00e9matique du cannabis au Maroc, j\u2019ai d\u00e9cid\u00e9 d\u2019adopter une d\u00e9marche scientifique, qui r\u00e9pond \u00e0 l\u2019\u00e9thique de la recherche scientifique et ce via mon domaine de recherche sur la Biomasse. Ce travail approfondi \u00e9tait l\u2019objectif primaire de la plateforme du collectif de la l\u00e9galisation du cannabis marocain \u00e0 des fins th\u00e9rapeutiques et industriels.<\/p>\n<p><strong>Lire aussi| <a href=\"https:\/\/www.challenge.ma\/campagne-de-vaccination-le-maroc-recoit-1-million-de-doses-de-vaccins-supplementaire-cet-apres-midi-176217\/\">Campagne de vaccination : le Maroc re\u00e7oit 1 million de doses de vaccins suppl\u00e9mentaire cet apr\u00e8s-midi<\/a><\/strong><\/p>\n<p><strong>Challenge\u00a0: Aujourd\u2019hui quel est le danger ou l\u2019inconv\u00e9nient de la prohibition du Cannabis et quels sont vos arguments pour l\u2019usage th\u00e9rapeutique du Cannabis que vous pr\u00f4nez au Maroc\u00a0?<\/strong><\/p>\n<p><strong>Benaceur Azday\u00a0:<\/strong> Tout d\u2019abord et en toute honn\u00eatet\u00e9 intellectuelle il faut bel et bien pr\u00e9ciser et rappeler que d\u2019une mani\u00e8re g\u00e9n\u00e9rale le kif ou le cannabis marocain a des cons\u00e9quences n\u00e9fastes sur la sant\u00e9 des consommateurs et surtout les jeunes adolescents qui optent pour les d\u00e9riv\u00e9es du kif, \u00e0 savoir \u00ab le joint \u00bb.\u00a0<\/p>\n<p>Les \u00eatres humains ont toujours \u00e9t\u00e9 \u00e0 la qu\u00eate de la consommation de substances ayant le pouvoir de modifier les \u00e9tats de conscience, ou ce que les sp\u00e9cialistes d\u00e9signent par les effets psychoactifs. Aujourd\u2019hui, h\u00e9las le cannabis produit du \u00ab terroir \u00bb a \u00e9t\u00e9 remplac\u00e9 par des plantes hybrides qui ont provoqu\u00e9s des cons\u00e9quences n\u00e9fastes au niveau de la sant\u00e9 humaine et sur l\u2019\u00e9cosyst\u00e8me des nos terrains accident\u00e9s du massif septentrional.\u00a0<\/p>\n<p>Tout d\u2019abord il faut rappeler que l\u2019usage th\u00e9rapeutique a \u00e9t\u00e9 vot\u00e9 aux nations unies lors du mois D\u00e9cembre 2020. La commission charg\u00e9e de travailler sur la question des stup\u00e9fiants a donc, via son vote, affirm\u00e9 que le cannabis marocain n\u2019est plus consid\u00e9r\u00e9 comme \u00e9tant une drogue dangereuse. Ils ont \u00e9galement soulign\u00e9 qu\u2019il pouvait \u00eatre utilis\u00e9 \u00e0 des fins th\u00e9rapeutiques. Aujourd\u2019hui, le gouvernement marocain se doit d\u2019accompagner cette d\u00e9cision, approuv\u00e9e par l\u2019ONU et l\u2019OMS, par une l\u00e9gislation.<\/p>\n<p>En ce qui concerne la th\u00e9rapie, le cannabis peut \u00eatre une r\u00e9ponse \u00e0 maintes maladies \u00e0 l\u2019image du parkinson, le cancer mais cela reste \u00e0 mon avis dans le cadre d\u2019un calmant. Le cannabis peut \u00e9galement \u00eatre une source de cr\u00e9ation d\u2019un nombre important de produits cosm\u00e9tiques.<\/p>\n<p>Je tiens aussi \u00e0 souligner que les utilisations th\u00e9rapeutiques et industrielles pourront all\u00e9ger et att\u00e9nuer le c\u00f4t\u00e9 s\u00e9datif et stup\u00e9fiant qui d\u00e9coulent du cannabis.\u00a0<\/p>\n<p><strong>Challenge\u00a0: Quel est l\u2019avantage de la l\u00e9galisation du cannabis du point de vue \u00e9conomique au Maroc\u00a0? Qu\u2019est-ce que cela signifierait pour les recettes fiscales et les caisses de l\u2019Etat\u00a0?\u00a0<\/strong><\/p>\n<p><strong>Benaceur Azday\u00a0:<\/strong> En principe, nous retrouvons des pays \u00e0 l\u2019image d\u2019Isra\u00ebl qui ont commenc\u00e9 la culture industrielle du cannabis. Ce dernier est sujet \u00e0 exportations pour des fins th\u00e9rapeutiques. L\u2019\u00e9conomie marocaine pourrait b\u00e9n\u00e9ficier de cette l\u00e9galisation pour diff\u00e9rentes raisons. Tout d\u2019abord, au niveau de la th\u00e9rapie, le cannabis marocain est connu pour sa qualit\u00e9 et son efficacit\u00e9 compar\u00e9 aux autres drogues \u00ab\u00a0douces\u00a0\u00bb.\u00a0<\/p>\n<p>Au Maroc, existent plusieurs plantes qui peuvent \u00eatre qualifi\u00e9es de dangereuses mais qui ne sont pas pour autant illicites. Nous pouvons donc inscrire le cannabis dans ce sens et avoir recours \u00e0 ce dernier pour produire des produits th\u00e9rapeutiques ou pharmaceutiques ou encore cosm\u00e9tiques qu\u2019on pourra exporter par la suite. Cela s\u2019av\u00e9rera \u00eatre b\u00e9n\u00e9fique pour le Maroc du point de vue de la balance commerciale mais aussi dans le processus de cr\u00e9ation d\u2019emploi.\u00a0<\/p>\n<p>D\u2019un point de vue industriel, nous pouvons r\u00e9duire la T\u00e9trahydrocannabinol \u00e0 0,03 et utiliser le cannabis dans le textile. Il y\u2019a notamment une exp\u00e9rience qui a r\u00e9ussi en Suisse dans la production de textile via le cannabis. Le Maroc peut se distinguer donc dans la production textile via cette option. Mais pour cela, il faut avoir une culture industrielle du cannabis. Il faut en cultiver dans le Gharb, au Haouz et non au Rif.<\/p>\n<p>Comme les autres plantes m\u00e9dicinales, il faut noter que la fibre de la plante du cannabis est tr\u00e8s forte et qu\u2019elle peut donc g\u00e9n\u00e9rer du textile, des mat\u00e9riaux, des isolants thermiques ou des ustensiles de cuisine par exemple.<\/p>\n<p>C\u2019est une culture qui g\u00e9n\u00e8re beaucoup d\u2019emplois puisqu\u2019elle compte beaucoup d\u2019\u00e9tapes de production. Ces emplois peuvent faire intervenir m\u00eame des femmes au foyer. Dans le d\u00e9tail, 90.000 m\u00e9nages vivent de cette culture. Elle est ainsi g\u00e9n\u00e9ratrice de revenu pour pr\u00e8s de 760.000 individus. Il s\u2019agit donc d\u2019un impact socio-\u00e9conomique non n\u00e9gligeable. Il est alors n\u00e9cessaire de r\u00e9glementer l\u2019usage th\u00e9rapeutique et industriel du Cannabis, activit\u00e9 g\u00e9n\u00e9ratrice d\u2019emplois et ancr\u00e9e dans la culture locale notamment dans le Rif.<\/p>\n<p>Aujourd\u2019hui, je peux vous assurer via mon exp\u00e9rience que plusieurs bailleurs \u00e9trangers sont pr\u00eats \u00e0 investir dans ce domaine si l\u2019Etat marocain proc\u00e8de \u00e0 la l\u00e9galisation de la culture industrielle. Cela demande aussi des superficies agricoles tr\u00e8s grandes.\u00a0<\/p>\n<p><strong>Lire aussi|<a href=\"https:\/\/www.challenge.ma\/nasser-bourita-recoit-le-president-de-la-fifa-gianni-infantino-176248\/\">Nasser Bourita re\u00e7oit le pr\u00e9sident de la FIFA Gianni Infantino<\/a><\/strong><\/p>\n<p><strong>Challenge\u00a0: Comment voyez-vous donc cette l\u00e9galisation au Maroc\u00a0? serait-ce une l\u00e9galisation contr\u00f4l\u00e9e par un monopole d\u2019Etat de production et de distribution du cannabis ou bien celle d\u2019une l\u00e9galisation par le march\u00e9 ou autres\u00a0?<\/strong><\/p>\n<p><strong>Benaceur Azday\u00a0:<\/strong> Ce ne serait pas une premi\u00e8re. On le fait pour la culture de la betterave par exemple. C\u2019est l\u2019Etat qui contr\u00f4le. Aujourd\u2019hui, et \u00e0 mon avis, il faut qu\u2019il y ait un office ou un organisme \u00e9tatique sous l\u2019\u00e9gide du minist\u00e8re de l\u2019Int\u00e9rieur qui va essayer de g\u00e9rer ce fl\u00e9au. L\u2019Etat doit contr\u00f4ler les graines de semence et les productions et introduire des mesures qui combattraient le Traffic. Il faut une l\u00e9gislation qui suit et qui pourra mettre en places des outils de contr\u00f4le. C\u2019est facile de contr\u00f4ler. On peut contr\u00f4ler par la semence et par la superficie. Donc par un calcul simple, on peut connaitre la production de chacun. Le contr\u00f4le doit \u00eatre au niveau de la culture et des superficies agricoles d\u00e9di\u00e9es \u00e0 cette culture.<\/p>\n<p><strong>Challenge\u00a0: Comment est-il possible de proc\u00e9der \u00e0 la l\u00e9galisation du cannabis tout en am\u00e9liorant et en renfor\u00e7ant les mesures de pr\u00e9vention, notamment en direction des mineurs\u00a0?<\/strong>\u00a0<\/p>\n<p><strong>Benaceur Azday<\/strong>\u00a0: Toute chose interdite encourage le traffic et les tentations. Si on arrive \u00e0 faire de cette belle plante marocaine, une source de production cosm\u00e9tique ou th\u00e9rapeutique, il faut casser ce tabou illicite de cette plante. Si les citoyens, et principalement les jeunes, voient l\u2019utilisation de cette plante dans le textile, dans le cosm\u00e9tique et le th\u00e9rapeutique, le cot\u00e9 stup\u00e9fiant connaitra une r\u00e9duction. Nous avons combattu, ou essayons de combattre, le SIDA \u00e0 travers les m\u00e9dias, les institutions \u00e9tatiques, les \u00e9coles et autres. Dans la m\u00eame logique, l\u2019Etat se doit d\u2019effectuer un travail \u00e0 tous les niveaux (rues, \u00e9coles, centres de formation\u2026) pour dire que le cannabis peut \u00eatre dangereux et peut pousser les jeunes \u00e0 essayer des drogues dures. C\u2019est donc le r\u00f4le des \u00e9coles, des mass m\u00e9dia et des institutions \u00e9tatiques.<\/p>\n<p>Auteur: Amine Messaoudi<br \/>\n<a href=\"https:\/\/www.challenge.ma\/legalisation-du-cannabis-au-maroc-quels-enjeux-176317\/\">Cliquez ici pour lire l&rsquo;article depuis sa source.<\/a><\/p>\n","protected":false},"excerpt":{"rendered":"<p>Sous la pr\u00e9sidence de Sa\u00e2deddine El Othmani, un projet \u00ab portant usage l\u00e9gal du cannabis \u00bb va \u00eatre examin\u00e9, jeudi 25 f\u00e9vrier, en conseil du gouvernement. Un pas de plus vers la l\u00e9galisation du cannabis au Maroc. Lors de ses derniers mois, le d\u00e9bat autour de la l\u00e9galisation du cannabis et de l\u2019usage th\u00e9rapeutique de [&hellip;]<\/p>\n","protected":false},"author":1787,"featured_media":0,"comment_status":"closed","ping_status":"closed","sticky":false,"template":"","format":"standard","meta":{"fifu_image_url":"","fifu_image_alt":"","footnotes":""},"categories":[78,54],"tags":[],"class_list":["post-111979","post","type-post","status-publish","format-standard","hentry","category-economie","category-maroc"],"_links":{"self":[{"href":"https:\/\/linitiative.ca\/International\/wp-json\/wp\/v2\/posts\/111979","targetHints":{"allow":["GET"]}}],"collection":[{"href":"https:\/\/linitiative.ca\/International\/wp-json\/wp\/v2\/posts"}],"about":[{"href":"https:\/\/linitiative.ca\/International\/wp-json\/wp\/v2\/types\/post"}],"author":[{"embeddable":true,"href":"https:\/\/linitiative.ca\/International\/wp-json\/wp\/v2\/users\/1787"}],"replies":[{"embeddable":true,"href":"https:\/\/linitiative.ca\/International\/wp-json\/wp\/v2\/comments?post=111979"}],"version-history":[{"count":0,"href":"https:\/\/linitiative.ca\/International\/wp-json\/wp\/v2\/posts\/111979\/revisions"}],"wp:attachment":[{"href":"https:\/\/linitiative.ca\/International\/wp-json\/wp\/v2\/media?parent=111979"}],"wp:term":[{"taxonomy":"category","embeddable":true,"href":"https:\/\/linitiative.ca\/International\/wp-json\/wp\/v2\/categories?post=111979"},{"taxonomy":"post_tag","embeddable":true,"href":"https:\/\/linitiative.ca\/International\/wp-json\/wp\/v2\/tags?post=111979"}],"curies":[{"name":"wp","href":"https:\/\/api.w.org\/{rel}","templated":true}]}}