{"id":111980,"date":"2021-02-24T14:39:38","date_gmt":"2021-02-24T19:39:38","guid":{"rendered":"https:\/\/linitiative.ca\/International\/monde-daily-brief-du-24-fevrier-2021\/"},"modified":"2021-02-24T14:39:38","modified_gmt":"2021-02-24T19:39:38","slug":"monde-daily-brief-du-24-fevrier-2021","status":"publish","type":"post","link":"https:\/\/linitiative.ca\/International\/monde-daily-brief-du-24-fevrier-2021\/","title":{"rendered":"Monde: Daily brief du 24 f\u00e9vrier 2021"},"content":{"rendered":"<div class=\"post-cont-in left relative\">\n<div id=\"post-info-wrap\" class=\"left relative post-info-out\">\n<div class=\"post-info-img left relative\"><img loading=\"lazy\" decoding=\"async\" alt=\"\" src=\"https:\/\/secure.gravatar.com\/avatar\/4e507094cc8003289b58af26e43363e6?s=50&amp;d=mm&amp;r=g\" srcset=\"https:\/\/secure.gravatar.com\/avatar\/4e507094cc8003289b58af26e43363e6?s=100&amp;d=mm&amp;r=g 2x\" class=\"avatar avatar-50 photo\" height=\"50\" width=\"50\"\/><\/div>\n<div class=\"post-info-in\">\n<div class=\"post-info-right left relative post-info-name left relative\"><span><span class=\"post-info-text\">Par<\/span> <span class=\"author-name vcard fn author\"><a href=\"https:\/\/www.tunisienumerique.com\/author\/sabrine-hamouda\/\" title=\"Articles par Mayara\" rel=\"author\">Mayara<\/a><\/span><\/span> <span class=\"post-date updated\"><time class=\"post-date updated\" datetime=\"2021-02-24\">\u00a0| Il y a 2 heures<\/time><\/span><br \/>\n<meta itemprop=\"dateModified\" content=\"2021-02-24\"\/><\/div>\n<div class=\"left relative\"><button id=\"listenButton1\" class=\"responsivevoice-button\" type=\"button\" value=\"Play\" title=\"\u00c9coutez l'article\"><span>\ud83d\udd0a \u00c9coutez l&rsquo;article<\/span><\/button>\n<\/div>\n<\/div>\n<\/div>\n<h4><strong>Pand\u00e9mie et vaccination<\/strong><\/h4>\n<p><a href=\"https:\/\/www.tunisienumerique.com\/lalgerie-ferme-inopinement-ses-frontieres-avec-la-tunisie\/\" target=\"_blank\" rel=\"noopener noreferrer\"><strong>L\u2019Alg\u00e9rie ferme inopin\u00e9ment ses fronti\u00e8res avec la Tunisie<\/strong><\/a><\/p>\n<div class=\"code-block code-block-1 c4\">\n <ins class=\"adsbygoogle c3\" data-ad-layout=\"in-article\" data-ad-format=\"fluid\" data-ad-client=\"ca-pub-2102118777505746\" data-ad-slot=\"7301775417\"\/>\n<\/div>\n<p>Bien que les autorit\u00e9s alg\u00e9riennes n\u2019aient pas communiqu\u00e9 officiellement sur les causes de cette suspension, la fermeture des fronti\u00e8res terrestres pourraient \u00eatre en rapport avec l\u2019apparition en Tunisie d\u2019une nouvelle souche de coronavirus.<\/p>\n<p><strong>Gaza re\u00e7oit des milliers de doses du vaccin Spoutnik V<\/strong><\/p>\n<p>Pr\u00e8s de 20\u00a0000 doses de vaccins anti-Covid-19 Spoutnik V sont arriv\u00e9es, dimanche, dans l\u2019enclave palestinienne de Gaza. La livraison a \u00e9t\u00e9 effectu\u00e9e via le\u00a0poste-fronti\u00e8re avec l\u2019\u00c9gypte.<\/p>\n<p><img loading=\"lazy\" decoding=\"async\" class=\"wp-image-632134 aligncenter\" src=\"https:\/\/www.tunisienumerique.com\/wp-content\/uploads\/2021\/02\/sp.jpg\" alt=\"\" width=\"240\" height=\"135\"\/><\/p>\n<p><strong>En Isra\u00ebl\u00a0: la moiti\u00e9 de la population est d\u00e9j\u00e0 vaccin\u00e9e<\/strong><\/p>\n<p>Suite \u00e0 la campagne de vaccination massive, Isra\u00ebl entame son troisi\u00e8me d\u00e9confinement depuis le d\u00e9but de la propagation de la pand\u00e9mie.<\/p>\n<p><strong>Les premiers vaccins du dispositif Covax ont \u00e9t\u00e9 livr\u00e9s au Ghana<\/strong><\/p>\n<p>Le Ghana a re\u00e7u mercredi la premi\u00e8re livraison mondiale de vaccins du dispositif Covax (600 000 vaccins) qui vise \u00e0 fournir aux pays \u00e0 faibles revenus leurs premi\u00e8res doses de vaccins anti-Covid, faisant du pays le premier en Afrique \u00e0 recevoir les vaccins Covax<\/p>\n<p><strong>Le premier lot de vaccin chinois Sinovac arrive \u00e0 Singapour<\/strong><\/p>\n<p>Un premier lot de doses du vaccin chinois Sinovac contre le nouveau coronavirus est arriv\u00e9 mardi \u00e0 Singapour, a indiqu\u00e9 l\u2019ambassade de Chine dans la cit\u00e9-Etat sur son site officiel.<\/p>\n<h4>Insolite<\/h4>\n<p><strong>Le Japon a d\u00e9sormais un minist\u00e8re de la Solitude<\/strong><\/p>\n<p>Afin de limiter le nombre de suicides, en hausse pour la premi\u00e8re fois depuis 2009, sur fond de pand\u00e9mie, le Premier ministre japonais, Yoshihide Suga, a nomm\u00e9 un ministre charg\u00e9 de la lutte contre la solitude et\u00a0l\u2019isolement.<\/p>\n<p><img loading=\"lazy\" decoding=\"async\" class=\"alignnone size-full wp-image-632130\" src=\"https:\/\/www.tunisienumerique.com\/wp-content\/uploads\/2021\/02\/solitude.jpg\" alt=\"\" width=\"275\" height=\"183\"\/><\/p>\n<p><strong>Une maison vieille de 139 ans est d\u00e9plac\u00e9e dans les rues de San Francisco<\/strong><\/p>\n<p>Sous les yeux \u00e9bahis des habitants de San Francisco, des ouvriers ont d\u00e9plac\u00e9 le 21 f\u00e9vrier, \u00e0 l\u2019aide d\u2019un camion, une maison victorienne vieille de 139 ans.<\/p>\n<div class=\"video-container\">\n<blockquote class=\"twitter-tweet\" data-width=\"550\" data-dnt=\"true\">\n<p lang=\"en\" dir=\"ltr\" xml:lang=\"en\">This Victorian house was moved through the streets of San Francisco this weekend, to a new home just six blocks away.<\/p>\n<p>Hundreds of Californians turned out to watch the incredible process, known as &lsquo;structure relocation&rsquo;.<\/p>\n<p>A house hasn&rsquo;t been moved in SF like this since 1974! <a href=\"https:\/\/t.co\/ffbiz9QGWv\">pic.twitter.com\/ffbiz9QGWv<\/a><\/p>\n<p>\u2014 euronews Living (@euronewsliving) <a href=\"https:\/\/twitter.com\/euronewsliving\/status\/1363897912539938818?ref_src=twsrc%5Etfw\">February 22, 2021<\/a><\/p>\n<\/blockquote>\n<\/div>\n<h4>Le Royaume-Uni accorde \u00e0 l\u2019UE un d\u00e9lai suppl\u00e9mentaire pour ratifier l\u2019accord commercial post-Brexit<\/h4>\n<p>L\u2019application provisoire du trait\u00e9, entr\u00e9 en vigueur le 1er janvier, devait initialement s\u2019achever le 28 f\u00e9vrier, mais le Parlement europ\u00e9en s\u2019est vite rendu compte qu\u2019il lui faudrait plus de temps.<\/p>\n<h4><strong>Elon Musk n\u2019est plus l\u2019homme le plus riche du monde en partie \u00e0 cause de ses propres tweets<\/strong><\/h4>\n<p><img loading=\"lazy\" decoding=\"async\" class=\"wp-image-632132 aligncenter\" src=\"https:\/\/www.tunisienumerique.com\/wp-content\/uploads\/2021\/02\/elon.jpg\" alt=\"\" width=\"238\" height=\"358\"\/><\/p>\n<p>Le milliardaire Elon Musk a gliss\u00e9 \u00e0 la deuxi\u00e8me place de l\u2019indice Bloomberg des personnes les plus riches du monde apr\u00e8s avoir perdu 15 milliards de dollars.<\/p>\n<p>Le patron sortant d\u2019Amazon, Jeff Bezos, reprend donc sa place \u00e0 la t\u00eate du classement.<\/p>\n<p>Elon Musk aurait jou\u00e9 un r\u00f4le dans la chute soudaine, le week-end dernier. Il aurait en effet tweet\u00e9 que le bitcoin et de l\u2019Ethereum (deux monnaies virtuelles) \u201csemblent plut\u00f4t chers\u201d. L\u2019Ethereum a ensuite perdu 11 % de sa valeur et le bitcoin 8 %.<\/p>\n<p>Cela s\u2019est produit apr\u00e8s qu\u2019Elon Musk ait fait un tr\u00e8s gros investissement dans la crypto-monnaie, ce qui montre une fois de plus \u00e0 quel point Musk peut orienter les prix avec ses tweets, m\u00eame les plus imprudents.<\/p>\n<h4><strong>L\u2019Iran et l\u2019AIEA annoncent un accord temporaire de surveillance des activit\u00e9s nucl\u00e9aires<\/strong><\/h4>\n<p>L\u2019Iran et l\u2019AIEA (l\u2019Agence internationale de l\u2019\u00e9nergie atomique) ont annonc\u00e9 dimanche avoir trouv\u00e9 un compromis pour maintenir la surveillance des activit\u00e9s nucl\u00e9aires en d\u00e9pit des limites impos\u00e9es par T\u00e9h\u00e9ran. Il s\u2019agit d\u2019un accord de 3 mois, susceptible d\u2019\u00eatre suspendu \u00e0 tout moment.<\/p>\n<p>L\u2019accord pr\u00e9voit le maintien du nombre d\u2019inspecteurs sur place ainsi que la possibilit\u00e9 de contr\u00f4les inopin\u00e9s.<\/p>\n<p><strong>La Maison Blanche pr\u00e9pare de<\/strong> <a href=\"https:\/\/www.washingtonpost.com\/national-security\/biden-russia-sanctions-solarwinds-hacks\/2021\/02\/23\/b77039d6-71fa-11eb-85fa-e0ccb3660358_story.html\"><strong>nouvelles sanctions contre la Russie<\/strong><\/a> et promet de les annoncer dans les semaines \u00e0 venir.<\/p>\n<p>D\u00e9but janvier, l\u2019administration Trump a pr\u00e9par\u00e9 un ensemble de mesures s\u00e9v\u00e8res contre le Kremlin pour une attaque massive de hackers baptis\u00e9e <strong>Solar Winds<\/strong> et l\u2019empoisonnement du politicien de l\u2019opposition <strong>Alexei Navalny<\/strong>, mais au dernier moment, il a refus\u00e9 de signer le document.<\/p>\n<p>De nouvelles sanctions am\u00e9ricaines seront annonc\u00e9es dans les semaines \u00e0 venir, a d\u00e9clar\u00e9 la porte-parole de la Maison Blanche, Jennifer Psaki, lors d\u2019un point de presse mardi.<\/p>\n<p>Pour avoir le Daily brief du 24 f\u00e9vrier 2021 cliquez <a href=\"https:\/\/www.tunisienumerique.com\/monde-daily-brief-du-23-fevrier-2021\/\" target=\"_blank\" rel=\"noopener noreferrer\">ici<\/a><\/p>\n<div class=\"swp_social_panel swp_horizontal_panel swp_flat_fresh swp_default_full_color swp_individual_full_color swp_other_full_color scale-100 scale-\" data-min-width=\"1100\" data-float-color=\"#ffffff\" data-float=\"bottom\" data-float-mobile=\"bottom\" data-transition=\"slide\">\n<div class=\"nc_tweetContainer swp_share_button total_shares total_sharesalt\"><span class=\"swp_count\">2 <span class=\"swp_label\">Partages<\/span><\/span><\/div>\n<\/div>\n<p><strong>Que se passe-t-il en Tunisie?<\/strong><br \/>Nous expliquons sur notre <a href=\"https:\/\/www.youtube.com\/channel\/UCRzypVq0B_yBad5eGrwBx0Q?sub_confirmation=1\" target=\"_blank\" rel=\"noopener\">cha\u00eene YouTube<\/a> . <a href=\"https:\/\/www.youtube.com\/channel\/UCRzypVq0B_yBad5eGrwBx0Q?sub_confirmation=1\" target=\"_blank\" rel=\"noopener\">Abonnez-vous!<\/a><\/p>\n<div class=\"mvp-org-wrap\" itemprop=\"publisher\">\n<div class=\"mvp-org-logo\" itemprop=\"logo\"><img decoding=\"async\" src=\"https:\/\/www.tunisienumerique.com\/wp-content\/uploads\/2017\/02\/logo_tunisie_numerique.png\"\/><br \/>\n<meta itemprop=\"url\" content=\"https:\/\/www.tunisienumerique.com\/wp-content\/uploads\/2017\/02\/logo_tunisie_numerique.png\"\/><\/div>\n<p><meta content=\"Tunisie Num\u00e9rique\"\/><\/div>\n<div class=\"mvp-related-posts left relative\">\n<h4 class=\"post-header\"><span class=\"post-header\">Lire aussi<\/span><\/h4>\n<\/div>\n<div id=\"article-ad\">\n <ins class=\"adsbygoogle c5\" data-ad-client=\"ca-pub-2102118777505746\" data-ad-slot=\"6513972734\" data-ad-format=\"auto\" data-full-width-responsive=\"true\"\/>\n<\/div>\n<\/div>\n<div id=\"post-sidebar-wrap\">\n <ins class=\"adsbygoogle c5\" data-ad-client=\"ca-pub-2102118777505746\" data-ad-slot=\"6168283410\" data-ad-format=\"auto\" data-full-width-responsive=\"true\"\/>\n<\/div>\n<p>Auteur: Mayara<br \/>\n<a href=\"https:\/\/www.tunisienumerique.com\/monde-daily-brief-du-24-fevrier-2021\/\">Cliquez ici pour lire l&rsquo;article depuis sa source.<\/a><\/p>\n","protected":false},"excerpt":{"rendered":"<p>Par Mayara \u00a0| Il y a 2 heures \ud83d\udd0a \u00c9coutez l&rsquo;article Pand\u00e9mie et vaccination L\u2019Alg\u00e9rie ferme inopin\u00e9ment ses fronti\u00e8res avec la Tunisie Bien que les autorit\u00e9s alg\u00e9riennes n\u2019aient pas communiqu\u00e9 officiellement sur les causes de cette suspension, la fermeture des fronti\u00e8res terrestres pourraient \u00eatre en rapport avec l\u2019apparition en Tunisie d\u2019une nouvelle souche de coronavirus. [&hellip;]<\/p>\n","protected":false},"author":1789,"featured_media":0,"comment_status":"closed","ping_status":"closed","sticky":false,"template":"","format":"standard","meta":{"fifu_image_url":"https:\/\/secure.gravatar.com\/avatar\/4e507094cc8003289b58af26e43363e6?s=50&d=mm&r=g","fifu_image_alt":"Monde: Daily brief du 24 f\u00e9vrier 2021","footnotes":""},"categories":[73,55],"tags":[],"class_list":["post-111980","post","type-post","status-publish","format-standard","hentry","category-actualite","category-tunisie"],"_links":{"self":[{"href":"https:\/\/linitiative.ca\/International\/wp-json\/wp\/v2\/posts\/111980","targetHints":{"allow":["GET"]}}],"collection":[{"href":"https:\/\/linitiative.ca\/International\/wp-json\/wp\/v2\/posts"}],"about":[{"href":"https:\/\/linitiative.ca\/International\/wp-json\/wp\/v2\/types\/post"}],"author":[{"embeddable":true,"href":"https:\/\/linitiative.ca\/International\/wp-json\/wp\/v2\/users\/1789"}],"replies":[{"embeddable":true,"href":"https:\/\/linitiative.ca\/International\/wp-json\/wp\/v2\/comments?post=111980"}],"version-history":[{"count":0,"href":"https:\/\/linitiative.ca\/International\/wp-json\/wp\/v2\/posts\/111980\/revisions"}],"wp:attachment":[{"href":"https:\/\/linitiative.ca\/International\/wp-json\/wp\/v2\/media?parent=111980"}],"wp:term":[{"taxonomy":"category","embeddable":true,"href":"https:\/\/linitiative.ca\/International\/wp-json\/wp\/v2\/categories?post=111980"},{"taxonomy":"post_tag","embeddable":true,"href":"https:\/\/linitiative.ca\/International\/wp-json\/wp\/v2\/tags?post=111980"}],"curies":[{"name":"wp","href":"https:\/\/api.w.org\/{rel}","templated":true}]}}