{"id":111983,"date":"2021-02-24T16:52:04","date_gmt":"2021-02-24T21:52:04","guid":{"rendered":"https:\/\/linitiative.ca\/International\/tunisie-mechichi-saied-un-premier-pas-vers-une-eventuelle-reconciliation\/"},"modified":"2021-02-24T16:52:04","modified_gmt":"2021-02-24T21:52:04","slug":"tunisie-mechichi-saied-un-premier-pas-vers-une-eventuelle-reconciliation","status":"publish","type":"post","link":"https:\/\/linitiative.ca\/International\/tunisie-mechichi-saied-un-premier-pas-vers-une-eventuelle-reconciliation\/","title":{"rendered":"Tunisie \u2013 Mechichi \u2013 Sa\u00efed\u00a0: Un premier pas vers une \u00e9ventuelle r\u00e9conciliation\u00a0?"},"content":{"rendered":"<div class=\"post-cont-in left relative\">\n<div id=\"post-info-wrap\" class=\"left relative post-info-out\">\n<div class=\"post-info-img left relative\"><img loading=\"lazy\" decoding=\"async\" alt=\"\" src=\"https:\/\/secure.gravatar.com\/avatar\/9f10b5e5a102bf8cc0ebfb84f5ab5652?s=50&amp;d=mm&amp;r=g\" srcset=\"https:\/\/secure.gravatar.com\/avatar\/9f10b5e5a102bf8cc0ebfb84f5ab5652?s=100&amp;d=mm&amp;r=g 2x\" class=\"avatar avatar-50 photo\" height=\"50\" width=\"50\"\/><\/div>\n<div class=\"post-info-in\">\n<div class=\"post-info-right left relative post-info-name left relative\"><span><span class=\"post-info-text\">Par<\/span> <span class=\"author-name vcard fn author\"><a href=\"https:\/\/www.tunisienumerique.com\/author\/ramsis\/\" title=\"Articles par Ramsis\" rel=\"author\">Ramsis<\/a><\/span><\/span> <span class=\"post-date updated\"><time class=\"post-date updated\" datetime=\"2021-02-24\">\u00a0| Il y a 4 minutes<\/time><\/span><br \/>\n<meta itemprop=\"dateModified\" content=\"2021-02-24\"\/><\/div>\n<div class=\"left relative\"><button id=\"listenButton1\" class=\"responsivevoice-button\" type=\"button\" value=\"Play\" title=\"\u00c9coutez l'article\"><span>\ud83d\udd0a \u00c9coutez l&rsquo;article<\/span><\/button>\n<\/div>\n<\/div>\n<\/div>\n<p>Le diff\u00e9rend entre les deux t\u00eates de l\u2019ex\u00e9cutif n\u2019est plus un secret pour personne. Un diff\u00e9rend qui a mis un sacr\u00e9 coup de frein aux rouages du pays. Un diff\u00e9rend qui tourne au blocage, chaque partie jetant la responsabilit\u00e9 sur l\u2019autre.<\/p>\n<div class=\"code-block code-block-1 c4\">\n <ins class=\"adsbygoogle c3\" data-ad-layout=\"in-article\" data-ad-format=\"fluid\" data-ad-client=\"ca-pub-2102118777505746\" data-ad-slot=\"7301775417\"\/>\n<\/div>\n<p>Mais, quelles que soient les causes \u00e0 l\u2019origine de ce diff\u00e9rent, personne ne pourrait nier que la responsabilit\u00e9 du blocage actuel, est essentiellement, due \u00e0 l\u2019ent\u00eatement du pr\u00e9sident de la R\u00e9publique qui campe sur sa position, in\u00e9branlable\u00a0 et non influen\u00e7able. Malgr\u00e9 qu\u2019en face, le chef du gouvernement multiplie les gestes voulus d\u2019apaisement, mais qui n\u2019ont, malheureusement pas abouti. Tout le monde garde, \u00e0 ce sujet, en m\u00e9moire le jeu de courriers entre les deux pr\u00e9sidents, qui a tourn\u00e9 \u00e0 la correction d\u2019un devoir de litt\u00e9rature.<\/p>\n<p>Il faut dire que Mechichi s\u2019est trouv\u00e9 en sandwich entre Ka\u00efs Sa\u00efed et Rached Ghannouchi qui se sont livr\u00e9 un combat acharn\u00e9 \u00e0 travers sa personne et ses pr\u00e9rogatives.<\/p>\n<p>N\u00e9anmoins, Mechichi ne d\u00e9sesp\u00e8re, parait-il, pas d\u2019approcher le pr\u00e9sident de la R\u00e9publique, et il ne rate pas une occasion pour lui tendre une main conciliante. Le dernier geste de ce genre aura \u00e9t\u00e9 le coup de fil que Mechichi a eu avec Sa\u00efed, et au cours duquel il l\u2019a f\u00e9licit\u00e9 pour avoir obtenu le report de l\u2019ex\u00e9cution d\u2019un citoyen tunisien au Qatar, et l\u2019a remerci\u00e9 pour les efforts qu\u2019il ne cesse de d\u00e9ployer pour les int\u00e9r\u00eats des tunisiens qu\u2019ils soient sur le sol national ou \u00e0 l\u2019\u00e9tranger ! Un beau geste de la part de Mechichi, surtout quand on sait que les deux hommes ne se sont plus rencontr\u00e9s, depuis le 3 f\u00e9vrier.<\/p>\n<div class=\"swp_social_panel swp_horizontal_panel swp_flat_fresh swp_default_full_color swp_individual_full_color swp_other_full_color scale-100 scale-\" data-min-width=\"1100\" data-float-color=\"#ffffff\" data-float=\"bottom\" data-float-mobile=\"bottom\" data-transition=\"slide\">\n<div class=\"nc_tweetContainer swp_share_button total_shares total_sharesalt\"><span class=\"swp_count\">0 <span class=\"swp_label\">Partages<\/span><\/span><\/div>\n<\/div>\n<p><strong>Que se passe-t-il en Tunisie?<\/strong><br \/>Nous expliquons sur notre <a href=\"https:\/\/www.youtube.com\/channel\/UCRzypVq0B_yBad5eGrwBx0Q?sub_confirmation=1\" target=\"_blank\" rel=\"noopener\">cha\u00eene YouTube<\/a> . <a href=\"https:\/\/www.youtube.com\/channel\/UCRzypVq0B_yBad5eGrwBx0Q?sub_confirmation=1\" target=\"_blank\" rel=\"noopener\">Abonnez-vous!<\/a><\/p>\n<div class=\"mvp-org-wrap\" itemprop=\"publisher\">\n<div class=\"mvp-org-logo\" itemprop=\"logo\"><img decoding=\"async\" src=\"https:\/\/www.tunisienumerique.com\/wp-content\/uploads\/2017\/02\/logo_tunisie_numerique.png\"\/><br \/>\n<meta itemprop=\"url\" content=\"https:\/\/www.tunisienumerique.com\/wp-content\/uploads\/2017\/02\/logo_tunisie_numerique.png\"\/><\/div>\n<p><meta content=\"Tunisie Num\u00e9rique\"\/><\/div>\n<div class=\"mvp-related-posts left relative\">\n<h4 class=\"post-header\"><span class=\"post-header\">Lire aussi<\/span><\/h4>\n<\/div>\n<div id=\"article-ad\">\n <ins class=\"adsbygoogle c5\" data-ad-client=\"ca-pub-2102118777505746\" data-ad-slot=\"6513972734\" data-ad-format=\"auto\" data-full-width-responsive=\"true\"\/>\n<\/div>\n<\/div>\n<div id=\"post-sidebar-wrap\">\n <ins class=\"adsbygoogle c5\" data-ad-client=\"ca-pub-2102118777505746\" data-ad-slot=\"6168283410\" data-ad-format=\"auto\" data-full-width-responsive=\"true\"\/>\n<\/div>\n<p>Auteur: Ramsis<br \/>\n<a href=\"https:\/\/www.tunisienumerique.com\/tunisie-mechichi-saied-un-premier-pas-vers-une-eventuelle-reconciliation\/\">Cliquez ici pour lire l&rsquo;article depuis sa source.<\/a><\/p>\n","protected":false},"excerpt":{"rendered":"<p>Par Ramsis \u00a0| Il y a 4 minutes \ud83d\udd0a \u00c9coutez l&rsquo;article Le diff\u00e9rend entre les deux t\u00eates de l\u2019ex\u00e9cutif n\u2019est plus un secret pour personne. Un diff\u00e9rend qui a mis un sacr\u00e9 coup de frein aux rouages du pays. Un diff\u00e9rend qui tourne au blocage, chaque partie jetant la responsabilit\u00e9 sur l\u2019autre. Mais, quelles que [&hellip;]<\/p>\n","protected":false},"author":1789,"featured_media":0,"comment_status":"closed","ping_status":"closed","sticky":false,"template":"","format":"standard","meta":{"fifu_image_url":"https:\/\/secure.gravatar.com\/avatar\/9f10b5e5a102bf8cc0ebfb84f5ab5652?s=50&d=mm&r=g","fifu_image_alt":"Tunisie \u2013 Mechichi \u2013 Sa\u00efed\u00a0: Un premier pas vers une \u00e9ventuelle r\u00e9conciliation\u00a0?","footnotes":""},"categories":[73,55],"tags":[],"class_list":["post-111983","post","type-post","status-publish","format-standard","hentry","category-actualite","category-tunisie"],"_links":{"self":[{"href":"https:\/\/linitiative.ca\/International\/wp-json\/wp\/v2\/posts\/111983","targetHints":{"allow":["GET"]}}],"collection":[{"href":"https:\/\/linitiative.ca\/International\/wp-json\/wp\/v2\/posts"}],"about":[{"href":"https:\/\/linitiative.ca\/International\/wp-json\/wp\/v2\/types\/post"}],"author":[{"embeddable":true,"href":"https:\/\/linitiative.ca\/International\/wp-json\/wp\/v2\/users\/1789"}],"replies":[{"embeddable":true,"href":"https:\/\/linitiative.ca\/International\/wp-json\/wp\/v2\/comments?post=111983"}],"version-history":[{"count":0,"href":"https:\/\/linitiative.ca\/International\/wp-json\/wp\/v2\/posts\/111983\/revisions"}],"wp:attachment":[{"href":"https:\/\/linitiative.ca\/International\/wp-json\/wp\/v2\/media?parent=111983"}],"wp:term":[{"taxonomy":"category","embeddable":true,"href":"https:\/\/linitiative.ca\/International\/wp-json\/wp\/v2\/categories?post=111983"},{"taxonomy":"post_tag","embeddable":true,"href":"https:\/\/linitiative.ca\/International\/wp-json\/wp\/v2\/tags?post=111983"}],"curies":[{"name":"wp","href":"https:\/\/api.w.org\/{rel}","templated":true}]}}