{"id":111985,"date":"2021-02-24T14:36:56","date_gmt":"2021-02-24T19:36:56","guid":{"rendered":"https:\/\/linitiative.ca\/International\/annonce-imminente-de-retour-au-bercail-de-laurent-gbagbo-les-partisans-de-gbagbo-ont-ils-eu-tort-de-jubiler-avant-lheure\/"},"modified":"2021-02-24T14:36:56","modified_gmt":"2021-02-24T19:36:56","slug":"annonce-imminente-de-retour-au-bercail-de-laurent-gbagbo-les-partisans-de-gbagbo-ont-ils-eu-tort-de-jubiler-avant-lheure","status":"publish","type":"post","link":"https:\/\/linitiative.ca\/International\/annonce-imminente-de-retour-au-bercail-de-laurent-gbagbo-les-partisans-de-gbagbo-ont-ils-eu-tort-de-jubiler-avant-lheure\/","title":{"rendered":"ANNONCE IMMINENTE DE RETOUR AU BERCAIL, DE LAURENT GBAGBO : Les partisans de Gbagbo ont-ils eu tort de jubiler avant l\u2019heure ?"},"content":{"rendered":"<p class=\"c4\">L\u2019ex-pr\u00e9sident ivoirien, Laurent Gbagbo, rentrera-t-il enfin au bercail en mi-mars prochain, comme viennent de l\u2019annoncer, \u00e0 Abidjan, ses plus fid\u00e8les partisans ? Plus que jamais confiants que le <em>\u00ab\u00a0Christ de Mama\u00a0\u00bb<\/em> sera tr\u00e8s prochainement de retour parmi eux, ils ont laiss\u00e9 \u00e9clater leur joie non sans avoir mis en place un comit\u00e9 d\u2019accueil dans la perspective de ce retour. Ont-ils devanc\u00e9 l\u2019iguane dans l\u2019eau\u00a0?\u00a0 D\u2019o\u00f9 \u00e9mane cette forte assurance\u00a0? Ou est-ce une fa\u00e7on de mettre encore plus, la pression sur les autorit\u00e9s ivoiriennes et pr\u00e9cis\u00e9ment sur le pr\u00e9sident ivoirien qui a d\u00e9j\u00e0 manifest\u00e9 son intention d\u2019aller \u00e0 la r\u00e9conciliation nationale ?\u00a0\u00a0 Cette nouvelle annonce de retour sera-t-elle enfin la bonne\u00a0? Il faut, en effet, rappeler qu\u2019en d\u00e9cembre dernier, aussit\u00f4t apr\u00e8s que ses deux passeports, ordinaire et diplomatique, furent remis \u00e0 l\u2019ex-pensionnaire de la prison de La Haye, ses partisans avaient dans\u00e9 et s\u2019\u00e9taient \u00e9gosill\u00e9s sur son <em>\u00ab\u00a0retour imminent\u00a0<\/em>\u00bb sur les bords de la lagune Ebri\u00e9. Espoirs d\u00e9\u00e7us\u00a0! Jusque-l\u00e0, cette grande figure de la sc\u00e8ne politique ivoirienne, demeure en Belgique. \u00a0Alors, qu\u2019est-ce qui coince\u00a0?\u00a0 Faut-il voir, en creux, une mauvaise volont\u00e9 de la part du pouvoir ivoirien qui s\u2019est dit pourtant dispos\u00e9 \u00e0 aller vers la concorde nationale au point m\u00eame de cr\u00e9er un d\u00e9partement minist\u00e9riel d\u00e9di\u00e9 \u00e0 cette importante question\u00a0? <em>A priori<\/em>, on n\u2019a pas de raison de douter de la bonne foi du pr\u00e9sident ADO qui a plac\u00e9 \u00e0 la t\u00eate de ce d\u00e9partement, son adversaire malheureux \u00e0 la derni\u00e8re pr\u00e9sidentielle ivoirienne, Kouadio Konan Bertin (KKB) pour ne pas le nommer.<\/p>\n<p class=\"c4\"><strong>On attend de voir sur quoi ils fondent leur foi absolue<\/strong><\/p>\n<p class=\"c4\">Et le moins que l\u2019on puisse dire, c\u2019est que ce dernier a pris tr\u00e8s au s\u00e9rieux sa mission\u00a0; lui qui avait annonc\u00e9, la semaine derni\u00e8re, qu\u2019il prendrait son b\u00e2ton de p\u00e8lerin et irait \u00e0 la rencontre de l\u2019ex-pr\u00e9sident ivoirien, de Charles Bl\u00e9 Goud\u00e9 ainsi que des exil\u00e9s politiques ivoiriens rest\u00e9s au Ghana. Et il avait pris le soin de souligner ce d\u00e9tail important, \u00e0 propos de ses rencontres envisag\u00e9es : <em>\u00ab\u00a0Le principe est acquis avec l\u2019accord du pr\u00e9sident ADO\u00a0\u00bb.<\/em> Le ministre ivoirien de la R\u00e9conciliation nationale avait \u00e9galement laiss\u00e9 entendre qu\u2019il comptait \u00e9voquer avec Laurent Gbagbo, les modalit\u00e9s de son retour en C\u00f4te d\u2019Ivoire et que des proc\u00e9dures avaient m\u00eame \u00e9t\u00e9 engag\u00e9es dans ce sens. \u00a0Puis, comme pour dire qu\u2019il ne parle pas dans le vide, il avait \u00a0ajout\u00e9 : <em>\u00ab\u00a0C\u2019est en son nom\u2013 de ADO \u2013 que je parle\u00a0\u00bb. \u00a0<\/em>Tout cela a-t-il renforc\u00e9 la conviction du <em>Gbagboland,<\/em> d\u2019un retour tr\u00e8s proche de son champion <em>?\u00a0<\/em> On attend de voir sur quoi ils fondent leur foi absolue. Mais qui sait\u00a0? Peut-\u00eatre Gbagbo qui, \u00e0 une certaine \u00e9poque, estimait qu\u2019il n\u2019avait pas \u00e0 n\u00e9gocier son retour dans son pays, en d\u00e9pit des pressions venant de ses proches, a-t-il fini par infl\u00e9chir sa position gr\u00e2ce \u00e0 l\u2019entregent du Premier ministre ivoirien, Hamed Bakayoko, \u00e0 qui le pr\u00e9sident ivoirien avait confi\u00e9 la t\u00e2che de prendre langue avec lui.Mais <em>quid<\/em> de la d\u00e9cision de la CPI qui aura aussi son mot \u00e0 dire d\u2019ici \u00e0 fin mars prochain, sur le sort de son ex-d\u00e9tenu\u00a0? L\u2019avenir nous dira, en tout cas<em>,<\/em> si les partisans de Gbagbo ont eu tort ou raison, de jubiler avant l\u2019heure.<\/p>\n<p class=\"c4\"><strong><em>\u00ab\u00a0Le Pays\u00a0\u00bb<\/em><\/strong><\/p>\n<p>Auteur: countryman<br \/>\n<a href=\"https:\/\/lepays.bf\/annonce-imminente-de-retour-au-bercail-de-laurent-gbagbo-les-partisans-de-gbagbo-ont-ils-eu-tort-de-jubiler-avant-lheure\/\">Cliquez ici pour lire l&rsquo;article depuis sa source.<\/a><\/p>\n","protected":false},"excerpt":{"rendered":"<p>L\u2019ex-pr\u00e9sident ivoirien, Laurent Gbagbo, rentrera-t-il enfin au bercail en mi-mars prochain, comme viennent de l\u2019annoncer, \u00e0 Abidjan, ses plus fid\u00e8les partisans ? Plus que jamais confiants que le \u00ab\u00a0Christ de Mama\u00a0\u00bb sera tr\u00e8s prochainement de retour parmi eux, ils ont laiss\u00e9 \u00e9clater leur joie non sans avoir mis en place un comit\u00e9 d\u2019accueil dans la [&hellip;]<\/p>\n","protected":false},"author":1813,"featured_media":0,"comment_status":"closed","ping_status":"closed","sticky":false,"template":"","format":"standard","meta":{"fifu_image_url":"","fifu_image_alt":"","footnotes":""},"categories":[73,81],"tags":[],"class_list":["post-111985","post","type-post","status-publish","format-standard","hentry","category-actualite","category-burkina-faso"],"_links":{"self":[{"href":"https:\/\/linitiative.ca\/International\/wp-json\/wp\/v2\/posts\/111985","targetHints":{"allow":["GET"]}}],"collection":[{"href":"https:\/\/linitiative.ca\/International\/wp-json\/wp\/v2\/posts"}],"about":[{"href":"https:\/\/linitiative.ca\/International\/wp-json\/wp\/v2\/types\/post"}],"author":[{"embeddable":true,"href":"https:\/\/linitiative.ca\/International\/wp-json\/wp\/v2\/users\/1813"}],"replies":[{"embeddable":true,"href":"https:\/\/linitiative.ca\/International\/wp-json\/wp\/v2\/comments?post=111985"}],"version-history":[{"count":0,"href":"https:\/\/linitiative.ca\/International\/wp-json\/wp\/v2\/posts\/111985\/revisions"}],"wp:attachment":[{"href":"https:\/\/linitiative.ca\/International\/wp-json\/wp\/v2\/media?parent=111985"}],"wp:term":[{"taxonomy":"category","embeddable":true,"href":"https:\/\/linitiative.ca\/International\/wp-json\/wp\/v2\/categories?post=111985"},{"taxonomy":"post_tag","embeddable":true,"href":"https:\/\/linitiative.ca\/International\/wp-json\/wp\/v2\/tags?post=111985"}],"curies":[{"name":"wp","href":"https:\/\/api.w.org\/{rel}","templated":true}]}}