{"id":111988,"date":"2021-02-24T17:15:08","date_gmt":"2021-02-24T22:15:08","guid":{"rendered":"https:\/\/linitiative.ca\/International\/38e-conference-des-ministres-de-la-jeunesse-et-des-sports-de-la-francophonie\/"},"modified":"2021-02-24T17:15:08","modified_gmt":"2021-02-24T22:15:08","slug":"38e-conference-des-ministres-de-la-jeunesse-et-des-sports-de-la-francophonie","status":"publish","type":"post","link":"https:\/\/linitiative.ca\/International\/38e-conference-des-ministres-de-la-jeunesse-et-des-sports-de-la-francophonie\/","title":{"rendered":"38e Conf\u00e9rence des ministres de la Jeunesse et des Sports de la Francophonie"},"content":{"rendered":"<div class=\"td-post-featured-image\"><a href=\"https:\/\/www.sidwaya.info\/wp-content\/uploads\/2021\/02\/phooo25.jpg\" data-caption=\"\"><img loading=\"lazy\" decoding=\"async\" width=\"696\" height=\"391\" class=\"entry-thumb td-modal-image\" src=\"https:\/\/www.sidwaya.info\/wp-content\/uploads\/2021\/02\/phooo25-696x391.jpg\" srcset=\"https:\/\/www.sidwaya.info\/wp-content\/uploads\/2021\/02\/phooo25-696x391.jpg 696w, https:\/\/www.sidwaya.info\/wp-content\/uploads\/2021\/02\/phooo25-300x168.jpg 300w, https:\/\/www.sidwaya.info\/wp-content\/uploads\/2021\/02\/phooo25-768x431.jpg 768w, https:\/\/www.sidwaya.info\/wp-content\/uploads\/2021\/02\/phooo25-150x84.jpg 150w, https:\/\/www.sidwaya.info\/wp-content\/uploads\/2021\/02\/phooo25-748x420.jpg 748w, https:\/\/www.sidwaya.info\/wp-content\/uploads\/2021\/02\/phooo25.jpg 787w\" sizes=\"auto, (max-width: 696px) 100vw, 696px\" alt=\"\" title=\"phooo25\"\/><\/a><\/div>\n<p><strong>En pr\u00e9lude \u00e0 la 38e Conf\u00e9rence des ministres de la Jeunesse et des Sports de la Francophonie (CONFEJES), les experts des \u00e9tats et gouvernements membres ont pass\u00e9 en revue les 23 et 24 f\u00e9vrier 2021, les documents \u00e0 soumettre \u00e0 la session minist\u00e9rielle qui s\u2019ouvre officiellement le vendredi 26 f\u00e9vrier 2021.<\/strong><\/p>\n<p>Pr\u00e9sents physiquement ou par visio-conf\u00e9rence, les experts de la jeunesse et des sports des diff\u00e9rents Etats et gouvernements membres de la 38e Conf\u00e9rence des ministres de la Jeunesse et des sports de la Francophonie (CONFEJES) ont \u00e9pluch\u00e9 une vingtaine de documents qui seront propos\u00e9s \u00e0 la validation de la conf\u00e9rence des ministres \u00e0 partir du vendredi 26 f\u00e9vrier. II s\u2019agit essentiellement du rapport d\u2019activit\u00e9s de 2020, de la programmation de 2021, les r\u00e9formes institutionnelles ainsi que l\u2019\u00e9valuation \u00e0 mi-parcours de la programmation quadriennale 2019-2022 et le 18e sommet de la Francophonie. Lors de la c\u00e9r\u00e9monie d\u2019ouverture, le ministre en charge de la jeunesse, Salifo Tiemtor\u00e9, les a exhort\u00e9s \u00e0 proc\u00e9der \u00e0 un examen minutieux desdits documents afin de soumettre \u00e0 la r\u00e9union des ministres, des propositions pertinentes. Car a-t-il poursuivi,\u00a0il est imp\u00e9ratif pour la CONFEJES, au regard des probl\u00e8mes auxquels est confront\u00e9e sa jeunesse, de renforcer ses actions en faveur de la promotion de cette frange de la population pour plus d\u2019impact dans les pays\u00a0concern\u00e9s. \u00ab\u00a0En effet, apr\u00e8s 50 ann\u00e9es d\u2019existence, la CONFEJES doit faire preuve d\u2019agilit\u00e9 pour r\u00e9pondre aux d\u00e9fis actuels et futurs par des r\u00e9ponses appropri\u00e9es au risque de voir son leadership contest\u00e9 au sein m\u00eame de la Francophonie et son existence menac\u00e9e \u00bb, a pr\u00e9cis\u00e9 le ministre. A l\u2019issue des travaux, le directeur de cabinet du ministre charg\u00e9 de la jeunesse, Lambi Sawadogo a salu\u00e9 la qualit\u00e9 des textes obtenus et surtout les propositions de r\u00e9formes qui sont \u00e0 m\u00eame de renforcer la CONFEJES, si elles sont adopt\u00e9es. Quant au secr\u00e9taire g\u00e9n\u00e9ral par int\u00e9rim de la CONFEJES, Modibo Traor\u00e9,\u00a0il a salu\u00e9 la capacit\u00e9 de r\u00e9silience de l\u2019organisation pour continuer d\u2019assurer sa mission d\u2019appui aux politiques publiques de promotion de la jeunesse et du sport. La COVID-19 a, en effet, impact\u00e9 la programmation 2020 de l\u2019institution et contraint l\u2019institution \u00e0 fonctionner autrement en int\u00e9grant le<br \/>t\u00e9l\u00e9travail depuis la mi-mars 2020, a expliqu\u00e9 celui-ci. Il a par ailleurs remerci\u00e9 le jury et encourag\u00e9 les candidats du traditionnel concours d\u2019excellence entre b\u00e9n\u00e9ficiaires du programme de promotion de l\u2019entrepreneuriat des jeunes de la CONFEJES qui mettra aux prises cette ann\u00e9e de jeunes entrepreneurs du B\u00e9nin, de la C\u00f4te d\u2019Ivoire, du Cameroun, du Togo, du S\u00e9n\u00e9gal et du Burkina Faso. La rencontre conna\u00eetra \u00e9galement l\u2019\u00e9lection d\u2019un nouveau secr\u00e9taire g\u00e9n\u00e9ral parmi des candidats dont le Burkinab\u00e8 Alexandre Yougbar\u00e9.<\/p>\n<p>Voro KORAHIRE<\/p>\n<div class=\"td-a-rec td-a-rec-id-content_bottom tdi_33_a6a td_block_template_1\">\n<p><img loading=\"lazy\" decoding=\"async\" class=\"aligncenter size-full wp-image-27454\" src=\"https:\/\/www.sidwaya.info\/wp-content\/uploads\/2020\/10\/PUB-Bandeau-paiement-mobile-siteweb.jpg\" alt=\"\" width=\"728\" height=\"90\"\/><\/div>\n<p>Auteur: BM. Sidwaya<br \/>\n<a href=\"https:\/\/www.sidwaya.info\/blog\/2021\/02\/24\/38e-conference-des-ministres-de-la-jeunesse-et-des-sports-de-la-francophonie\/\">Cliquez ici pour lire l&rsquo;article depuis sa source.<\/a><\/p>\n","protected":false},"excerpt":{"rendered":"<p>En pr\u00e9lude \u00e0 la 38e Conf\u00e9rence des ministres de la Jeunesse et des Sports de la Francophonie (CONFEJES), les experts des \u00e9tats et gouvernements membres ont pass\u00e9 en revue les 23 et 24 f\u00e9vrier 2021, les documents \u00e0 soumettre \u00e0 la session minist\u00e9rielle qui s\u2019ouvre officiellement le vendredi 26 f\u00e9vrier 2021. Pr\u00e9sents physiquement ou par [&hellip;]<\/p>\n","protected":false},"author":1816,"featured_media":0,"comment_status":"closed","ping_status":"closed","sticky":false,"template":"","format":"standard","meta":{"fifu_image_url":"https:\/\/www.sidwaya.info\/wp-content\/uploads\/2021\/02\/phooo25-696x391.jpg","fifu_image_alt":"38e Conf\u00e9rence des ministres de la Jeunesse et des Sports de la Francophonie","footnotes":""},"categories":[73,81],"tags":[],"class_list":["post-111988","post","type-post","status-publish","format-standard","hentry","category-actualite","category-burkina-faso"],"_links":{"self":[{"href":"https:\/\/linitiative.ca\/International\/wp-json\/wp\/v2\/posts\/111988","targetHints":{"allow":["GET"]}}],"collection":[{"href":"https:\/\/linitiative.ca\/International\/wp-json\/wp\/v2\/posts"}],"about":[{"href":"https:\/\/linitiative.ca\/International\/wp-json\/wp\/v2\/types\/post"}],"author":[{"embeddable":true,"href":"https:\/\/linitiative.ca\/International\/wp-json\/wp\/v2\/users\/1816"}],"replies":[{"embeddable":true,"href":"https:\/\/linitiative.ca\/International\/wp-json\/wp\/v2\/comments?post=111988"}],"version-history":[{"count":0,"href":"https:\/\/linitiative.ca\/International\/wp-json\/wp\/v2\/posts\/111988\/revisions"}],"wp:attachment":[{"href":"https:\/\/linitiative.ca\/International\/wp-json\/wp\/v2\/media?parent=111988"}],"wp:term":[{"taxonomy":"category","embeddable":true,"href":"https:\/\/linitiative.ca\/International\/wp-json\/wp\/v2\/categories?post=111988"},{"taxonomy":"post_tag","embeddable":true,"href":"https:\/\/linitiative.ca\/International\/wp-json\/wp\/v2\/tags?post=111988"}],"curies":[{"name":"wp","href":"https:\/\/api.w.org\/{rel}","templated":true}]}}