{"id":111990,"date":"2021-02-24T17:27:08","date_gmt":"2021-02-24T22:27:08","guid":{"rendered":"https:\/\/linitiative.ca\/International\/reconciliation-nationale-zephirin-diabre-prend-conseils-chez-le-dima-de-zoungrantenga\/"},"modified":"2021-02-24T17:27:08","modified_gmt":"2021-02-24T22:27:08","slug":"reconciliation-nationale-zephirin-diabre-prend-conseils-chez-le-dima-de-zoungrantenga","status":"publish","type":"post","link":"https:\/\/linitiative.ca\/International\/reconciliation-nationale-zephirin-diabre-prend-conseils-chez-le-dima-de-zoungrantenga\/","title":{"rendered":"R\u00e9conciliation nationale Z\u00e9phirin Diabr\u00e9 prend conseils  chez le Dima de Zoungrantenga"},"content":{"rendered":"<div class=\"td-post-featured-image\"><a href=\"https:\/\/www.sidwaya.info\/wp-content\/uploads\/2021\/02\/zephrec025.jpg\" data-caption=\"\"><img loading=\"lazy\" decoding=\"async\" width=\"696\" height=\"300\" class=\"entry-thumb td-modal-image\" src=\"https:\/\/www.sidwaya.info\/wp-content\/uploads\/2021\/02\/zephrec025-696x300.jpg\" srcset=\"https:\/\/www.sidwaya.info\/wp-content\/uploads\/2021\/02\/zephrec025-696x300.jpg 696w, https:\/\/www.sidwaya.info\/wp-content\/uploads\/2021\/02\/zephrec025-300x129.jpg 300w, https:\/\/www.sidwaya.info\/wp-content\/uploads\/2021\/02\/zephrec025-768x331.jpg 768w, https:\/\/www.sidwaya.info\/wp-content\/uploads\/2021\/02\/zephrec025-150x65.jpg 150w, https:\/\/www.sidwaya.info\/wp-content\/uploads\/2021\/02\/zephrec025.jpg 787w\" sizes=\"auto, (max-width: 696px) 100vw, 696px\" alt=\"\" title=\"zephrec025\"\/><\/a><\/div>\n<p><strong>Le ministre d\u2019Etat aupr\u00e8s du pr\u00e9sident du Faso, charg\u00e9 de la R\u00e9conciliation nationale et de la Coh\u00e9sion sociale, Z\u00e9phirin Diabr\u00e9, a rendu une visite de courtoisie, le mardi 23 f\u00e9vrier 2021, \u00e0 Naaba Guiguempol\u00e9, Dima de Zoungrantenga, roi de Tenkodogo.<\/strong><\/p>\n<p>Pour une r\u00e9conciliation nationale r\u00e9ussie, le ministre d\u2019Etat aupr\u00e8s du pr\u00e9sident du Faso et en charge de la question, Z\u00e9phirin Diabr\u00e9, veut ratisser large. Le mardi 23 f\u00e9vrier 2021, il a rendu visite \u00e0 Naaba Guiguimpol\u00e9, Dima du Zoungratenga, roi de Tenkodogo. \u00ab En venant chez le roi, je sacrifie non seulement \u00e0 un devoir officiel, mais aussi \u00e0 un devoir fraternel et de famille. La question de la r\u00e9conciliation nationale est si importante que pour la r\u00e9ussir, nous approchions un certain nombre de personnalit\u00e9s qui, de par leur statut social et par le fondement historique qu\u2019ils incarnent, peuvent nous \u00eatre utiles en termes d\u2019id\u00e9es, de conseils et d\u2019orientations\u00a0\u00bb, a d\u00e9clar\u00e9 Z\u00e9phirin Diabr\u00e9 au terme de sa visite. Le ministre d\u2019Etat dit avoir pass\u00e9 en revue avec le Dima, les diff\u00e9rents volets de la r\u00e9conciliation sur lesquels il envisage commencer un travail p\u00e9dagogique \u00e0 l\u2019endroit de l\u2019opinion publique. \u00ab\u00a0Il y a une malformation ou d\u00e9formation de l\u2019information. L\u2019opinion publique croit que quand on parle de r\u00e9conciliation, cela se ram\u00e8ne \u00e0 la r\u00e9solution des bagarres entre des politiciens ou au retour de tels ou tels autres exil\u00e9s\u00a0\u00bb, a pr\u00e9cis\u00e9 M. Diabr\u00e9. Il a poursuivi avoir b\u00e9n\u00e9fici\u00e9 des encouragements et conseils de Naaba Guiguimpol\u00e9 dans la mission qui lui a \u00e9t\u00e9 confi\u00e9e par le chef de l\u2019Etat qui veut que la r\u00e9conciliation soit une r\u00e9alit\u00e9 pour le bien du Burkina Faso. Interrog\u00e9 sur les conseils qu\u2019il a re\u00e7us, le ministre Diabr\u00e9 a fait savoir que le coutumier l\u2019a exhort\u00e9 \u00e0 inviter les Burkinab\u00e8 \u00e0 abandonner la rancune, \u00e0 reconna\u00eetre, chacun sa place dans la soci\u00e9t\u00e9, \u00e0 privil\u00e9gier le civisme notamment dans le milieu jeune, \u00e9viter la jalousie, les r\u00e8glements de compte, la stigmatisation et l\u2019ethnicit\u00e9. \u00ab C\u2019est vrai, ces questions sont importantes pour la r\u00e9conciliation nationale au Burkina Faso, mais il faut trouver un moyen pour ramener des fils du Burkina qui ont pris les armes contre leur propre pays \u00e0 la maison pour que nous puissions nous r\u00e9concilier avec eux. Cela pose un probl\u00e8me qu\u2019il ne faut pas laisser perdurer. D\u2019aucuns diront que nous voulons n\u00e9gocier avec les terroristes. Non, ce n\u2019est pas le cas. Il est hors de question que nous n\u00e9gocions avec ce dernier groupe car, c\u2019est c\u00e9der sur des choses qui ne devraient pas l\u2019\u00eatre \u00bb, a not\u00e9 M. Diabr\u00e9. Le ministre d\u2019Etat a pour ce faire, lanc\u00e9 un appel solennel aux Burkinab\u00e8\u00a0qui se sont laiss\u00e9s tromper, divertir et influencer par des forces ext\u00e9rieures et qui ont pris les armes contre la m\u00e8re-patrie, de d\u00e9poser les armes et revenir \u00e0 la maison. Pour le ministre d\u2019\u00c9tat, l\u2019int\u00e9grit\u00e9 du territoire, la la\u00efcit\u00e9 de l\u2019Etat et le vivre-ensemble ne sauraient \u00eatre mises en cause. Z\u00e9phirin Diabr\u00e9 a annonc\u00e9 \u00e0 la presse, en pr\u00e9sence du gouverneur de la r\u00e9gion, Antoine Ou\u00e9draogo, et du pr\u00e9sident du Conseil r\u00e9gional, Moro K\u00e9r\u00e9, des concertations dans chaque r\u00e9gion, \u00ab\u00a0car les probl\u00e8mes ne se posent pas de la m\u00eame mani\u00e8re\u00a0\u00bb.<\/p>\n<p>Bougnan NAON<br \/>naon_2012@yahoo.fr<\/p>\n<div class=\"td-a-rec td-a-rec-id-content_bottom tdi_33_08f td_block_template_1\">\n<p><img loading=\"lazy\" decoding=\"async\" class=\"aligncenter size-full wp-image-27454\" src=\"https:\/\/www.sidwaya.info\/wp-content\/uploads\/2020\/10\/PUB-Bandeau-paiement-mobile-siteweb.jpg\" alt=\"\" width=\"728\" height=\"90\"\/><\/div>\n<p>Auteur: BM. Sidwaya<br \/>\n<a href=\"https:\/\/www.sidwaya.info\/blog\/2021\/02\/24\/reconciliation-nationale-zephirin-diabre-prend-conseils-chez-le-dima-de-zoungrantenga\/\">Cliquez ici pour lire l&rsquo;article depuis sa source.<\/a><\/p>\n","protected":false},"excerpt":{"rendered":"<p>Le ministre d\u2019Etat aupr\u00e8s du pr\u00e9sident du Faso, charg\u00e9 de la R\u00e9conciliation nationale et de la Coh\u00e9sion sociale, Z\u00e9phirin Diabr\u00e9, a rendu une visite de courtoisie, le mardi 23 f\u00e9vrier 2021, \u00e0 Naaba Guiguempol\u00e9, Dima de Zoungrantenga, roi de Tenkodogo. Pour une r\u00e9conciliation nationale r\u00e9ussie, le ministre d\u2019Etat aupr\u00e8s du pr\u00e9sident du Faso et en [&hellip;]<\/p>\n","protected":false},"author":1816,"featured_media":0,"comment_status":"closed","ping_status":"closed","sticky":false,"template":"","format":"standard","meta":{"fifu_image_url":"https:\/\/www.sidwaya.info\/wp-content\/uploads\/2021\/02\/zephrec025-696x300.jpg","fifu_image_alt":"R\u00e9conciliation nationale Z\u00e9phirin Diabr\u00e9 prend conseils  chez le Dima de Zoungrantenga","footnotes":""},"categories":[73,81],"tags":[],"class_list":["post-111990","post","type-post","status-publish","format-standard","hentry","category-actualite","category-burkina-faso"],"_links":{"self":[{"href":"https:\/\/linitiative.ca\/International\/wp-json\/wp\/v2\/posts\/111990","targetHints":{"allow":["GET"]}}],"collection":[{"href":"https:\/\/linitiative.ca\/International\/wp-json\/wp\/v2\/posts"}],"about":[{"href":"https:\/\/linitiative.ca\/International\/wp-json\/wp\/v2\/types\/post"}],"author":[{"embeddable":true,"href":"https:\/\/linitiative.ca\/International\/wp-json\/wp\/v2\/users\/1816"}],"replies":[{"embeddable":true,"href":"https:\/\/linitiative.ca\/International\/wp-json\/wp\/v2\/comments?post=111990"}],"version-history":[{"count":0,"href":"https:\/\/linitiative.ca\/International\/wp-json\/wp\/v2\/posts\/111990\/revisions"}],"wp:attachment":[{"href":"https:\/\/linitiative.ca\/International\/wp-json\/wp\/v2\/media?parent=111990"}],"wp:term":[{"taxonomy":"category","embeddable":true,"href":"https:\/\/linitiative.ca\/International\/wp-json\/wp\/v2\/categories?post=111990"},{"taxonomy":"post_tag","embeddable":true,"href":"https:\/\/linitiative.ca\/International\/wp-json\/wp\/v2\/tags?post=111990"}],"curies":[{"name":"wp","href":"https:\/\/api.w.org\/{rel}","templated":true}]}}