{"id":111993,"date":"2021-02-24T11:50:16","date_gmt":"2021-02-24T16:50:16","guid":{"rendered":"https:\/\/linitiative.ca\/International\/can-u17-maroc-2021-le-cameroun-dans-le-groupe-de-la-mort-avec-le-senegal-le-mali-et-lafrique-du-sud\/"},"modified":"2021-02-24T11:50:16","modified_gmt":"2021-02-24T16:50:16","slug":"can-u17-maroc-2021-le-cameroun-dans-le-groupe-de-la-mort-avec-le-senegal-le-mali-et-lafrique-du-sud","status":"publish","type":"post","link":"https:\/\/linitiative.ca\/International\/can-u17-maroc-2021-le-cameroun-dans-le-groupe-de-la-mort-avec-le-senegal-le-mali-et-lafrique-du-sud\/","title":{"rendered":"CAN\u00a0U17 \u00ab\u00a0Maroc\u00a02021\u00a0\u00bb : le Cameroun dans le groupe de la mort avec le S\u00e9n\u00e9gal, le Mali et l\u2019Afrique du Sud"},"content":{"rendered":"<div readability=\"32\">\n<p>Publi\u00e9 le 24.02.2021 \u00e0 17h50 par \u00c9mile Zola Nd\u00e9 Tchoussi<\/p>\n<\/div>\n<div readability=\"86\">\n<h2 class=\"c8\"><strong>La Conf\u00e9d\u00e9ration africaine de football (CAF) a proc\u00e9d\u00e9 ce mercredi 24 f\u00e9vrier 2021 au tirage au sort de la CAN des moins de 17 ans qui se d\u00e9roulera du 13 au 31 mars prochains au Maroc, dans les villes de Rabat, Mohammedia et Casablanca.<\/strong><\/h2>\n<p class=\"c9\">Le suspense est lev\u00e9.\u00a0Alors que la CAN des moins de 20 ans bat son plein actuellement en Mauritanie, la CAN des moins de 17 ans suivra du 13 au 31 mars prochains au Maroc. Le tirage au sort des groupes de la comp\u00e9tition a eu lieu ce mercredi. Pour la premi\u00e8re fois, 12 s\u00e9lections, r\u00e9parties en trois poules, participeront \u00e0 ce tournoi, dont le tenant du titre camerounais. Le directeur des comp\u00e9titions de la CAF, Samson Adamu, a effectu\u00e9 le tirage au sort, assist\u00e9 de la l\u00e9gende mauritanienne Mustapha Fall. Le Maroc, h\u00f4te, donnera le coup d\u2019envoi de l\u2019\u00e9v\u00e9nement\u00a0\u00a0face \u00e0 l\u2019Ouganda lors du match d\u2019ouverture \u00e0 Rabat.<\/p>\n<p class=\"c9\">Le groupe C s\u2019annonce tr\u00e8s relev\u00e9 avec le tenant du titre camerounais qui devra tenir son rang face au S\u00e9n\u00e9gal et au Mali, tr\u00e8s performants ces derni\u00e8res ann\u00e9es en cat\u00e9gorie de jeunes, et \u00e0 l\u2019Afrique du Sud, qui fait son grand retour apr\u00e8s sa 2<sup>e<\/sup>\u00a0place d\u00e9croch\u00e9e en 2015. Comme \u00e0 la CAN U20, qui se d\u00e9roule actuellement en Mauritanie, les deux meilleurs 3es des trois groupes seront qualifi\u00e9s pour les quarts de finale.<\/p>\n<p class=\"c9\">A noter que dans la sous-r\u00e9gion Afrique centrale, le Cameroun et le Congo se sont qualifi\u00e9s sans jouer.\u00a0Face \u00e0 l\u2019incapacit\u00e9 de l\u2019Union des f\u00e9d\u00e9rations de football d\u2019Afrique Centrale (Uniffac) \u00e0 organiser le tournoi zonal de qualification \u00e0 la Coupe d\u2019Afrique des Nations U-17, Maroc 2021, la Caf a d\u00e9cid\u00e9 le jeudi 18 f\u00e9vrier, de qualifier les pays de la r\u00e9gions ayant particip\u00e9 \u00e0 l\u2019\u00e9dition de 2019.<\/p>\n<p class=\"c9\">Le pays-h\u00f4te h\u00e9rite d\u2019un groupe A abordable o\u00f9 la C\u00f4te d\u2019Ivoire fera figure de principal concurrent devant deux s\u00e9lections qui n\u2019ont jamais franchi la phase de groupes : la Zambie et l\u2019Ouganda. La poule B sera compos\u00e9e du Nigeria, traditionnel favori , qui fera face \u00e0 l\u2019Alg\u00e9rie, au Congo et \u00e0 la Tanzanie.<\/p>\n<p class=\"c9\"><strong class=\"c11\">La composition des groupes :<\/strong><\/p>\n<p class=\"c9\"><strong>Groupe A :<\/strong>\u00a0Maroc, Ouganda, Zambie, C\u00f4te d\u2019Ivoire.<br \/><strong>Groupe B :<\/strong>\u00a0Nig\u00e9ria, Tanzanie, Alg\u00e9rie, Congo.<br \/><strong>Groupe C :<\/strong>\u00a0Cameroun, S\u00e9n\u00e9gal, Mali, Afrique du Sud.<\/p>\n<\/div>\n<p>Auteur: Christian DJIMADEU<br \/>\n<a href=\"https:\/\/www.journalducameroun.com\/can-u17-maroc-2021-le-cameroun-dans-le-groupe-de-la-mort-avec-le-senegal-le-mali-et-lafrique-du-sud-cameroun\/\">Cliquez ici pour lire l&rsquo;article depuis sa source.<\/a><\/p>\n","protected":false},"excerpt":{"rendered":"<p>Publi\u00e9 le 24.02.2021 \u00e0 17h50 par \u00c9mile Zola Nd\u00e9 Tchoussi La Conf\u00e9d\u00e9ration africaine de football (CAF) a proc\u00e9d\u00e9 ce mercredi 24 f\u00e9vrier 2021 au tirage au sort de la CAN des moins de 17 ans qui se d\u00e9roulera du 13 au 31 mars prochains au Maroc, dans les villes de Rabat, Mohammedia et Casablanca. Le [&hellip;]<\/p>\n","protected":false},"author":1965,"featured_media":0,"comment_status":"closed","ping_status":"closed","sticky":false,"template":"","format":"standard","meta":{"fifu_image_url":"","fifu_image_alt":"","footnotes":""},"categories":[73,82],"tags":[],"class_list":["post-111993","post","type-post","status-publish","format-standard","hentry","category-actualite","category-cameroun"],"_links":{"self":[{"href":"https:\/\/linitiative.ca\/International\/wp-json\/wp\/v2\/posts\/111993","targetHints":{"allow":["GET"]}}],"collection":[{"href":"https:\/\/linitiative.ca\/International\/wp-json\/wp\/v2\/posts"}],"about":[{"href":"https:\/\/linitiative.ca\/International\/wp-json\/wp\/v2\/types\/post"}],"author":[{"embeddable":true,"href":"https:\/\/linitiative.ca\/International\/wp-json\/wp\/v2\/users\/1965"}],"replies":[{"embeddable":true,"href":"https:\/\/linitiative.ca\/International\/wp-json\/wp\/v2\/comments?post=111993"}],"version-history":[{"count":0,"href":"https:\/\/linitiative.ca\/International\/wp-json\/wp\/v2\/posts\/111993\/revisions"}],"wp:attachment":[{"href":"https:\/\/linitiative.ca\/International\/wp-json\/wp\/v2\/media?parent=111993"}],"wp:term":[{"taxonomy":"category","embeddable":true,"href":"https:\/\/linitiative.ca\/International\/wp-json\/wp\/v2\/categories?post=111993"},{"taxonomy":"post_tag","embeddable":true,"href":"https:\/\/linitiative.ca\/International\/wp-json\/wp\/v2\/tags?post=111993"}],"curies":[{"name":"wp","href":"https:\/\/api.w.org\/{rel}","templated":true}]}}