{"id":111994,"date":"2021-02-24T12:18:02","date_gmt":"2021-02-24T17:18:02","guid":{"rendered":"https:\/\/linitiative.ca\/International\/lafrique-du-sud-va-vendre-ses-doses-dastrazeneca-a-lua-ministre\/"},"modified":"2021-02-24T12:18:02","modified_gmt":"2021-02-24T17:18:02","slug":"lafrique-du-sud-va-vendre-ses-doses-dastrazeneca-a-lua-ministre","status":"publish","type":"post","link":"https:\/\/linitiative.ca\/International\/lafrique-du-sud-va-vendre-ses-doses-dastrazeneca-a-lua-ministre\/","title":{"rendered":"L\u2019Afrique du Sud va vendre ses doses d\u2019AstraZeneca \u00e0 l\u2019UA (ministre)"},"content":{"rendered":"<div readability=\"32\">\n<p>Publi\u00e9 le 24.02.2021 \u00e0 18h18 par APA News<\/p>\n<\/div>\n<div readability=\"78\">\n<p>L\u2019Afrique du Sud a d\u00e9cid\u00e9 de vendre et non de partager comme annonc\u00e9 pr\u00e9c\u00e9demment son million de doses de vaccin AstraZeneca contre le coronavirus achet\u00e9es il y a trois semaines \u00e0 l\u2019Inde \u00e0 l\u2019Union africaine.Apr\u00e8s avoir abandonn\u00e9 le vaccin d\u2019AstraZeneca, l\u2019Afrique du Sud s\u2019est tourn\u00e9e vers le vaccin Johnson &amp; Johnson pour immuniser sa population, \u00e0 commencer par ses agents de sant\u00e9 la semaine derni\u00e8re.<\/p>\n<p>Selon le ministre de la Sant\u00e9 Zweli Mkhize, l\u2019efficacit\u00e9 de 85% du vaccin Johnson &amp; Johnson contre la variante mutante \u00e9tait la mieux adapt\u00e9e \u00e0 l\u2019Afrique du Sud dans ses efforts pour contenir le virus qui a tu\u00e9 \u00e0 ce jour plus de 49.000 personnes depuis son entr\u00e9e dans le pays en mars 2020.<\/p>\n<p>Mkhize a soulign\u00e9 que le vaccin AstraZeneca avait une efficacit\u00e9 limit\u00e9e contre les maladies l\u00e9g\u00e8res et mod\u00e9r\u00e9es caus\u00e9es par la variante Covid-19 dominante dans ce pays.<\/p>\n<p>\u00ab En ce qui concerne la vente du stock d\u2019AstraZeneca \u00e0 l\u2019UA, je peux confirmer que nous vendons les doses \u2013 et non pas en faire don. Par cons\u00e9quent, il n\u2019y a pas de d\u00e9penses inutiles ou inutiles ici\u00a0\u00bb, a d\u00e9clar\u00e9 Mkhize au Parlement qui voulait en savoir davantage sur ce sujet. \u00ab C\u2019est une situation gagnant-gagnant \u00bb, a-t-il ajout\u00e9.<\/p>\n<p>Selon lui, l\u2019Afrique du Sud pr\u00e9f\u00e9rerait que le vaccin Johnson &amp; Johnson f\u00fbt distribu\u00e9 \u00e0 d\u2019autres pays de la Communaut\u00e9 de d\u00e9veloppement de l\u2019Afrique australe (SADC).<\/p>\n<p>\u00ab Nous avons en outre propos\u00e9 que Johnson &amp; Johnson soit d\u00e9ploy\u00e9 pr\u00e9f\u00e9rentiellement dans les r\u00e9gions du sud de l\u2019Afrique, afin que nous puissions rapidement traiter la variante qui pr\u00e9domine en Afrique du Sud et dans certaines parties de la SADC \u00bb a indiqu\u00e9 le ministre.<\/p>\n<p>Avant d\u2019ajouter: \u00ab cela dit, nous nous joignons \u00e0 l\u2019Organisation mondiale de la sant\u00e9 (OMS) et \u00e0 la communaut\u00e9 scientifique pour soutenir le d\u00e9ploiement d\u2019AstraZeneca, m\u00eame dans les r\u00e9gions touch\u00e9es par des variantes\u00a0\u00bb, a d\u00e9clar\u00e9 le ministre.<\/p>\n<p>Pretoria a surpris le monde en annon\u00e7ant qu\u2019elle ne vaccinerait pas ses agents de sant\u00e9 avec le vaccin AstraZeneca inspir\u00e9 d\u2019Oxford, une semaine seulement apr\u00e8s son arriv\u00e9e en provenance de l\u2019Inde sous les acclamations du pr\u00e9sident Cyril Ramaphosa, de Mkhize et des ministres du Cabinet venus diriger la c\u00e9r\u00e9monie d\u2019accueil organis\u00e9e pour le vaccin \u00e0 l\u2019A\u00e9roport international OR Tambo le 1er f\u00e9vrier.<\/p>\n<\/div>\n<p>Auteur: APA News<br \/>\n<a href=\"https:\/\/www.journalducameroun.com\/lafrique-du-sud-va-vendre-ses-doses-dastrazeneca-a-lua-ministre\/\">Cliquez ici pour lire l&rsquo;article depuis sa source.<\/a><\/p>\n","protected":false},"excerpt":{"rendered":"<p>Publi\u00e9 le 24.02.2021 \u00e0 18h18 par APA News L\u2019Afrique du Sud a d\u00e9cid\u00e9 de vendre et non de partager comme annonc\u00e9 pr\u00e9c\u00e9demment son million de doses de vaccin AstraZeneca contre le coronavirus achet\u00e9es il y a trois semaines \u00e0 l\u2019Inde \u00e0 l\u2019Union africaine.Apr\u00e8s avoir abandonn\u00e9 le vaccin d\u2019AstraZeneca, l\u2019Afrique du Sud s\u2019est tourn\u00e9e vers le [&hellip;]<\/p>\n","protected":false},"author":1965,"featured_media":0,"comment_status":"closed","ping_status":"closed","sticky":false,"template":"","format":"standard","meta":{"fifu_image_url":"","fifu_image_alt":"","footnotes":""},"categories":[73,82],"tags":[],"class_list":["post-111994","post","type-post","status-publish","format-standard","hentry","category-actualite","category-cameroun"],"_links":{"self":[{"href":"https:\/\/linitiative.ca\/International\/wp-json\/wp\/v2\/posts\/111994","targetHints":{"allow":["GET"]}}],"collection":[{"href":"https:\/\/linitiative.ca\/International\/wp-json\/wp\/v2\/posts"}],"about":[{"href":"https:\/\/linitiative.ca\/International\/wp-json\/wp\/v2\/types\/post"}],"author":[{"embeddable":true,"href":"https:\/\/linitiative.ca\/International\/wp-json\/wp\/v2\/users\/1965"}],"replies":[{"embeddable":true,"href":"https:\/\/linitiative.ca\/International\/wp-json\/wp\/v2\/comments?post=111994"}],"version-history":[{"count":0,"href":"https:\/\/linitiative.ca\/International\/wp-json\/wp\/v2\/posts\/111994\/revisions"}],"wp:attachment":[{"href":"https:\/\/linitiative.ca\/International\/wp-json\/wp\/v2\/media?parent=111994"}],"wp:term":[{"taxonomy":"category","embeddable":true,"href":"https:\/\/linitiative.ca\/International\/wp-json\/wp\/v2\/categories?post=111994"},{"taxonomy":"post_tag","embeddable":true,"href":"https:\/\/linitiative.ca\/International\/wp-json\/wp\/v2\/tags?post=111994"}],"curies":[{"name":"wp","href":"https:\/\/api.w.org\/{rel}","templated":true}]}}