{"id":111997,"date":"2021-02-24T13:18:02","date_gmt":"2021-02-24T18:18:02","guid":{"rendered":"https:\/\/linitiative.ca\/International\/le-senegal-vise-quatre-millions-de-tonnes-de-cereales-en-2021-ministre\/"},"modified":"2021-02-24T13:18:02","modified_gmt":"2021-02-24T18:18:02","slug":"le-senegal-vise-quatre-millions-de-tonnes-de-cereales-en-2021-ministre","status":"publish","type":"post","link":"https:\/\/linitiative.ca\/International\/le-senegal-vise-quatre-millions-de-tonnes-de-cereales-en-2021-ministre\/","title":{"rendered":"Le S\u00e9n\u00e9gal vise quatre millions de tonnes de c\u00e9r\u00e9ales en 2021 (ministre)"},"content":{"rendered":"<p>Dans un entretien avec APA, le ministre de l\u2019Agriculture et de l\u2019\u00c9quipement rural, Moussa Bald\u00e9, affirme que pour la campagne agricole 2020-2021, l\u2019objectif c\u2019est de produire quatre millions de tonnes de c\u00e9r\u00e9ales.Quelle a \u00e9t\u00e9 la production agricole du S\u00e9n\u00e9gal en 2019-2020 ?<\/p>\n<p>Il faut rappeler que pour cette campagne agricole, notre programme \u00e9tait bas\u00e9 sur la s\u00e9curit\u00e9 alimentaire, donc la production de c\u00e9r\u00e9ales. Ce programme avait un co\u00fbt de 60 milliards F CFA, soit 20 milliards de plus que la campagne agricole pr\u00e9c\u00e9dente. Notre production de c\u00e9r\u00e9ales pour cette campagne est 3,8 millions de tonnes, soit 38 % de plus que l\u2019ann\u00e9e d\u2019avant, alors que l\u2019objectif \u00e9tait de 3 millions de tonnes.<\/p>\n<p>Au lieu de 1,4 million de tonnes qui \u00e9taient attendues, notre production arachidi\u00e8re est de 1,8 million de tonnes.<\/p>\n<p>Les cultures industrielles (arachide, ni\u00e9b\u00e9 et coton) ont progress\u00e9 de 39 %. Globalement, nous avons connu cette ann\u00e9e une campagne agricole avec des r\u00e9sultats in\u00e9dits, malgr\u00e9 le contexte de pand\u00e9mie.<\/p>\n<p>Gr\u00e2ce \u00e0 cette bonne production agricole, le S\u00e9n\u00e9gal a \u00e9vit\u00e9 la r\u00e9cession due \u00e0 la pand\u00e9mie et conna\u00eetra une croissance de +1%.<\/p>\n<p>Pour l\u2019arachide, le prix moyen sur le march\u00e9 est de 300 F CFA et le prix plancher est de 250 F CFA. Avec la commercialisation de l\u2019arachide, le monde rural va engranger 210 milliards F CFA.<\/p>\n<p>Tout cela a \u00e9t\u00e9 rendu possible gr\u00e2ce aux intrants agricoles qui ont \u00e9t\u00e9 disponibles \u00e0 temps et \u00e0 une bonne pluviom\u00e9trie.<\/p>\n<p>Pour la prochaine campagne agricole, quel est l\u2019objectif ?<\/p>\n<p>Au mois de mars, nous entamerons la nouvelle campagne agricole 2020-2021, mais celle-ci restera dans la dynamique de la campagne pr\u00e9c\u00e9dente. Car la pand\u00e9mie est toujours l\u00e0 et est devenue plus s\u00e9v\u00e8re.<\/p>\n<p>Plus que jamais, le S\u00e9n\u00e9gal doit s\u2019appuyer sur son agriculture pour r\u00e9sister et tenter tant bien que mal de relancer son \u00e9conomie. C\u2019est pourquoi, pour cette campagne agricole, les r\u00e9sultats seront les m\u00eames.<\/p>\n<p>Cette ann\u00e9e, le S\u00e9n\u00e9gal se projette sur une production c\u00e9r\u00e9ali\u00e8re d\u2019au moins de 4 millions de tonnes. Pour l\u2019arachide, nous pourrons viser les 2 millions de tonnes, tout en maintenant une bonne cadence de production pour l\u2019horticulture, le ni\u00e9b\u00e9 et la past\u00e8que.<\/p>\n<p>D\u2019ailleurs, pour les semences, nous avons d\u00e9j\u00e0 un stock de 100.000 tonnes qui sont entre les mains de nos op\u00e9rateurs.<\/p>\n<p>Chaque ann\u00e9e, il y a beaucoup de bruit sur la campagne de commercialisation de l\u2019arachide. C\u2019est quoi le probl\u00e8me ?<\/p>\n<p>S\u2019agissant des d\u00e9bats dans la commercialisation de l\u2019arachide, il faut noter que cela implique presque tout le monde rural. Il y a beaucoup d\u2019enjeux. Elle engendre l\u2019essentiel des revenus mon\u00e9taires dans le monde rural. Il y a du bruit car tous les acteurs n\u2019ont pas les m\u00eames int\u00e9r\u00eats.<\/p>\n<p>La directive du pr\u00e9sident Macky Sall pour cette ann\u00e9e, c\u2019est d\u2019avoir une campagne de commercialisation qui prot\u00e8ge le producteur, qui permet \u00e0 l\u2019huilier de collecter mais sans g\u00eaner l\u2019exportation.<\/p>\n<p>Lors de son discours du 31 d\u00e9cembre, il a donn\u00e9 des indications qui nous ont permis de stabiliser la campagne. Au d\u00e9but, nous avions bloqu\u00e9 les exportations pour reconstituer le capital semencier. Les producteurs ont cru qu\u2019on voulait les emp\u00eacher de vendre aux Chinois qui ach\u00e8tent plus cher et les huiliers d\u00e9non\u00e7aient les Chinois qui mettent des prix qu\u2019ils ne peuvent pas proposer aux producteurs.<\/p>\n<p>Mais depuis ce discours du chef de l\u2019Etat, plus personne ne crie. Chacun y trouve son compte. Aucun producteur ne peut dire qu\u2019il n\u2019arrive pas \u00e0 vendre sa production au-del\u00e0 du prix plancher fix\u00e9 par l\u2019Etat (250 F CFA). Les exportateurs op\u00e8rent sans difficult\u00e9s depuis le 10 janvier 2021 et les huiliers ont collect\u00e9 cette ann\u00e9e cinq fois plus de graines que l\u2019ann\u00e9e derni\u00e8re.<\/p>\n<p>Les Chinois \u00e9tant les principaux acheteurs, quelle est la quantit\u00e9 export\u00e9e vers ce pays ?<\/p>\n<p>Actuellement, on est \u00e0 peu pr\u00e8s \u00e0 250.000 tonnes de graines coques export\u00e9es vers la Chine. Mais \u00e7a, c\u2019est ce qui est d\u00e9j\u00e0 certifi\u00e9e au Port Autonome de Dakar. Car, les exportateurs ont 116 points de collecte au niveau national. Et on estime qu\u2019ils ont collect\u00e9 en tout plus de 400.000 tonnes.<\/p>\n<p>Ces exportations vers la Chine repr\u00e9sentent un chiffre d\u2019affaires de 70 milliards F CFA. Pour tous les op\u00e9rateurs confondus (chinois et autres), la somme certifi\u00e9e est 130 milliards F CFA, mais la r\u00e9alit\u00e9 du terrain montre que les producteurs s\u00e9n\u00e9galais ont empoch\u00e9 au moins 210 milliards F CFA.<\/p>\n<p>L\u2019autosuffisance en riz \u00e9tait fix\u00e9e par le pr\u00e9sident Macky Sall en 2017. Mais jusque-l\u00e0, ce n\u2019est pas le cas. Comment expliquez-vous cela ?<\/p>\n<p>Pour le riz, les gens nous disent que jusque-l\u00e0, il n\u2019y a pas d\u2019autosuffisance. Mais ce qu\u2019ils oublient, c\u2019est qu\u2019en 2012, nous avions trouv\u00e9 une production rizicole variant entre 300 et 400 mille tonnes et nous l\u2019avons amen\u00e9e \u00e0 1,4 million de tonnes cette ann\u00e9e. C\u2019est d\u00e9j\u00e0 une performance remarquable qui a \u00e9t\u00e9 obtenu gr\u00e2ce \u00e0 la modernisation de l\u2019agriculture et aux am\u00e9nagements hydro-agricoles.<\/p>\n<p>D\u2019ici la fin du PAP2A qui est le Plan d\u2019actions prioritaires ajust\u00e9 et acc\u00e9l\u00e9r\u00e9 du Plan S\u00e9n\u00e9gal \u00c9mergent (PSE) pr\u00e9vu en 2023, nous pourrons dire que le S\u00e9n\u00e9gal a atteint l\u2019autosuffisance alimentaire en riz.<\/p>\n<p>Auteur: APA News<br \/>\n<a href=\"https:\/\/www.journalducameroun.com\/le-senegal-vise-quatre-millions-de-tonnes-de-cereales-en-2021-ministre\/\">Cliquez ici pour lire l&rsquo;article depuis sa source.<\/a><\/p>\n","protected":false},"excerpt":{"rendered":"<p>Dans un entretien avec APA, le ministre de l\u2019Agriculture et de l\u2019\u00c9quipement rural, Moussa Bald\u00e9, affirme que pour la campagne agricole 2020-2021, l\u2019objectif c\u2019est de produire quatre millions de tonnes de c\u00e9r\u00e9ales.Quelle a \u00e9t\u00e9 la production agricole du S\u00e9n\u00e9gal en 2019-2020 ? Il faut rappeler que pour cette campagne agricole, notre programme \u00e9tait bas\u00e9 sur [&hellip;]<\/p>\n","protected":false},"author":1965,"featured_media":0,"comment_status":"closed","ping_status":"closed","sticky":false,"template":"","format":"standard","meta":{"fifu_image_url":"","fifu_image_alt":"","footnotes":""},"categories":[73,82],"tags":[],"class_list":["post-111997","post","type-post","status-publish","format-standard","hentry","category-actualite","category-cameroun"],"_links":{"self":[{"href":"https:\/\/linitiative.ca\/International\/wp-json\/wp\/v2\/posts\/111997","targetHints":{"allow":["GET"]}}],"collection":[{"href":"https:\/\/linitiative.ca\/International\/wp-json\/wp\/v2\/posts"}],"about":[{"href":"https:\/\/linitiative.ca\/International\/wp-json\/wp\/v2\/types\/post"}],"author":[{"embeddable":true,"href":"https:\/\/linitiative.ca\/International\/wp-json\/wp\/v2\/users\/1965"}],"replies":[{"embeddable":true,"href":"https:\/\/linitiative.ca\/International\/wp-json\/wp\/v2\/comments?post=111997"}],"version-history":[{"count":0,"href":"https:\/\/linitiative.ca\/International\/wp-json\/wp\/v2\/posts\/111997\/revisions"}],"wp:attachment":[{"href":"https:\/\/linitiative.ca\/International\/wp-json\/wp\/v2\/media?parent=111997"}],"wp:term":[{"taxonomy":"category","embeddable":true,"href":"https:\/\/linitiative.ca\/International\/wp-json\/wp\/v2\/categories?post=111997"},{"taxonomy":"post_tag","embeddable":true,"href":"https:\/\/linitiative.ca\/International\/wp-json\/wp\/v2\/tags?post=111997"}],"curies":[{"name":"wp","href":"https:\/\/api.w.org\/{rel}","templated":true}]}}