{"id":112000,"date":"2021-02-24T11:17:38","date_gmt":"2021-02-24T16:17:38","guid":{"rendered":"https:\/\/linitiative.ca\/International\/le-cameroun-lorgne-un-financement-de-la-banque-mondiale-pour-ameliorer-sa-resilience\/"},"modified":"2021-02-24T11:17:38","modified_gmt":"2021-02-24T16:17:38","slug":"le-cameroun-lorgne-un-financement-de-la-banque-mondiale-pour-ameliorer-sa-resilience","status":"publish","type":"post","link":"https:\/\/linitiative.ca\/International\/le-cameroun-lorgne-un-financement-de-la-banque-mondiale-pour-ameliorer-sa-resilience\/","title":{"rendered":"Le Cameroun lorgne un financement de la Banque mondiale pour am\u00e9liorer sa r\u00e9silience"},"content":{"rendered":"<p>Le ministre de l\u2019Economie, de la Planification et de l\u2019Am\u00e9nagement du Territoire, Alamine Ousmane Mey, a proc\u00e9d\u00e9 ce mardi 23 f\u00e9vrier 2021, au lancement de l\u2019atelier national des consultations r\u00e9gionales en vue de l\u2019\u00e9laboration de la strat\u00e9gie du gouvernement en vue de l\u2019\u00e9ligibilit\u00e9 du Cameroun au guichet \u00abPrevention and Resilience Allocation\u00bb (PRA), entendu Allocation pour la Pr\u00e9vention et la R\u00e9silience. C\u2019\u00e9tait en pr\u00e9sence de quelques membres du gouvernement et de la directrice adjointe des Op\u00e9rations de la Banque mondiale au Cameroun, Keiko Kubota. \u00a0<\/p>\n<p><strong>Lire aussi<\/strong> : <a href=\"https:\/\/ecomatin.net\/la-banque-mondiale-accorde-36-milliards-de-fcfa-pour-le-bassin-du-lac-tchad\/\">La Banque mondiale accorde 36 milliards de Fcfa pour le Bassin du Lac Tchad<\/a><\/p>\n<p>Pour \u00eatre \u00e9ligible \u00e0 ce programme financ\u00e9 \u00e0 hauteur de 669 millions de dollars soit 361,959 milliards de Fcfa par la Banque mondiale, le Cameroun envisage mettre sur pied une strat\u00e9gie forte et inclusive qui prend en compte les points de vue sectoriels et territoriaux, ainsi que tous les d\u00e9fis, les solutions ad\u00e9quates et cibl\u00e9es. La candidature du pays \u00e0 celui-ci fait suite aux multiples crises dont il fait face \u00e0 savoir la crise socio-politique dans les r\u00e9gions du Nord-ouest et du Sud-ouest, la crise s\u00e9curitaire caus\u00e9e par Boko Haram \u00e0 l\u2019Extr\u00eame-Nord et l\u2019afflux des r\u00e9fugi\u00e9s dans la r\u00e9gion de l\u2019Est. Les travaux lanc\u00e9s ce jour et qui dureront deux semaines, s\u2019\u00e9tendront sur l\u2019ensemble du territoire national et b\u00e9n\u00e9ficieront de l\u2019expertise du cabinet Agora consultant de la Banque mondiale. \u00a0<\/p>\n<p><strong>Lire aussi<\/strong> : <a href=\"https:\/\/ecomatin.net\/la-banque-mondiale-accorde-57-milliards-a-leducation-de-base\/\">La Banque mondiale accorde 57 milliards \u00e0 l\u2019\u00e9ducation de base<\/a><\/p>\n<p>Selon le ministre de l\u2019Economie, l\u2019objectif vis\u00e9 par le Cameroun \u00e0 travers cette action est \u00ab d\u2019acc\u00e9l\u00e9rer, de renforcer les moyens de d\u00e9veloppement du Cameroun en s\u2019attaquant \u00e0 certains facteurs exog\u00e8nes ou endog\u00e8nes qui conduisent aux crises socio-politiques, aux conflits dans l\u2019utilisation des ressources avec \u00e9videmment l\u2019expulsion de certaines ressources humaines du processus de d\u00e9veloppement que nous voulons tous accus\u00e9s \u00bb, indique-t-il. \u00a0<\/p>\n<p>Pour rappel, avec la mont\u00e9e croissante des in\u00e9galit\u00e9s dans le monde \u00e0 cause des facteurs tels que les conflits, les violences de toutes sortes, le changement climatique\u2026 la Banque mondiale a \u00e9labor\u00e9 une strat\u00e9gie FCV (Facility, Conflict and Violence) 2020-2025 dans le but de renforcer le syst\u00e8me de pr\u00e9vention et de r\u00e9silience des pays en question. Ainsi, dans le cadre du cycle de financement de l\u2019IDA19, la Banque mondiale a mis en place un guichet sp\u00e9cifique d\u00e9di\u00e9 \u00e0 cette probl\u00e9matique. Il s\u2019agit du guichet \u00ab Allocation pour la Pr\u00e9vention et la R\u00e9silience\u00bb. Le PRA est destin\u00e9 \u00e0 r\u00e9pondre aux besoins des pays o\u00f9 il existe un risque d\u2019escalade dans la fragilit\u00e9 ou vers un conflit de haute intensit\u00e9. \u00a0<\/p>\n<p><strong>Lire aussi<\/strong> : <a href=\"https:\/\/ecomatin.net\/cooperation-le-portefeuille-projet-de-la-banque-mondiale-au-cameroun-comporte-19-projets\/\">Coop\u00e9ration: le portefeuille projet de la Banque mondiale au Cameroun comporte 19 projets<\/a><\/p>\n<p>Auteur: Cindy MBALA<br \/>\n<a href=\"https:\/\/ecomatin.net\/le-cameroun-lorgne-un-financement-de-la-banque-mondiale-pour-ameliorer-sa-resilience\/\">Cliquez ici pour lire l&rsquo;article depuis sa source.<\/a><\/p>\n","protected":false},"excerpt":{"rendered":"<p>Le ministre de l\u2019Economie, de la Planification et de l\u2019Am\u00e9nagement du Territoire, Alamine Ousmane Mey, a proc\u00e9d\u00e9 ce mardi 23 f\u00e9vrier 2021, au lancement de l\u2019atelier national des consultations r\u00e9gionales en vue de l\u2019\u00e9laboration de la strat\u00e9gie du gouvernement en vue de l\u2019\u00e9ligibilit\u00e9 du Cameroun au guichet \u00abPrevention and Resilience Allocation\u00bb (PRA), entendu Allocation pour [&hellip;]<\/p>\n","protected":false},"author":1969,"featured_media":0,"comment_status":"closed","ping_status":"closed","sticky":false,"template":"","format":"standard","meta":{"fifu_image_url":"","fifu_image_alt":"","footnotes":""},"categories":[82,78],"tags":[],"class_list":["post-112000","post","type-post","status-publish","format-standard","hentry","category-cameroun","category-economie"],"_links":{"self":[{"href":"https:\/\/linitiative.ca\/International\/wp-json\/wp\/v2\/posts\/112000","targetHints":{"allow":["GET"]}}],"collection":[{"href":"https:\/\/linitiative.ca\/International\/wp-json\/wp\/v2\/posts"}],"about":[{"href":"https:\/\/linitiative.ca\/International\/wp-json\/wp\/v2\/types\/post"}],"author":[{"embeddable":true,"href":"https:\/\/linitiative.ca\/International\/wp-json\/wp\/v2\/users\/1969"}],"replies":[{"embeddable":true,"href":"https:\/\/linitiative.ca\/International\/wp-json\/wp\/v2\/comments?post=112000"}],"version-history":[{"count":0,"href":"https:\/\/linitiative.ca\/International\/wp-json\/wp\/v2\/posts\/112000\/revisions"}],"wp:attachment":[{"href":"https:\/\/linitiative.ca\/International\/wp-json\/wp\/v2\/media?parent=112000"}],"wp:term":[{"taxonomy":"category","embeddable":true,"href":"https:\/\/linitiative.ca\/International\/wp-json\/wp\/v2\/categories?post=112000"},{"taxonomy":"post_tag","embeddable":true,"href":"https:\/\/linitiative.ca\/International\/wp-json\/wp\/v2\/tags?post=112000"}],"curies":[{"name":"wp","href":"https:\/\/api.w.org\/{rel}","templated":true}]}}