{"id":112002,"date":"2021-02-24T14:14:44","date_gmt":"2021-02-24T19:14:44","guid":{"rendered":"https:\/\/linitiative.ca\/International\/martin-paul-mindjos-nomme-president-de-la-chambre-dagriculture\/"},"modified":"2021-02-24T14:14:44","modified_gmt":"2021-02-24T19:14:44","slug":"martin-paul-mindjos-nomme-president-de-la-chambre-dagriculture","status":"publish","type":"post","link":"https:\/\/linitiative.ca\/International\/martin-paul-mindjos-nomme-president-de-la-chambre-dagriculture\/","title":{"rendered":"Martin Paul Mindjos nomm\u00e9 Pr\u00e9sident de la chambre d\u2019Agriculture"},"content":{"rendered":"<p>Mindjos\u00a0Momeny Martin Paul est depuis ce 24 f\u00e9vrier, le pr\u00e9sident de la Chambre \u00a0d\u2019Agriculture, des P\u00eaches, de l\u2019\u00e9levage et des For\u00eats(Capef) du Cameroun. Il a \u00e9t\u00e9 nomm\u00e9 ce jour m\u00eame par le pr\u00e9sident de la r\u00e9publique, Paul Biya. L\u2019int\u00e9ress\u00e9 remplace \u00e0 ce poste, Joseph Roland Matta d\u00e9c\u00e9d\u00e9 le 22 septembre 2020 \u00e0 Tunis des suites de maladie.<\/p>\n<p><strong>Lire aussi<\/strong> : <a href=\"https:\/\/ecomatin.net\/joseph-roland-matta-le-president-de-la-chambre-dagriculture-est-decede\/\">Joseph Roland Matta, le pr\u00e9sident de la chambre d\u2019Agriculture, est d\u00e9c\u00e9d\u00e9<\/a><\/p>\n<p>Mindjos Momeny Martin Paul prend la t\u00eate de cette chambre consulaire au moment o\u00f9 elle traverse une p\u00e9riode assez difficile. En effet, la vie de la Capef est marqu\u00e9e depuis quelques temps par des difficult\u00e9s budg\u00e9taires et un statut juridique ambigu. Le climat social est d\u00e9l\u00e9t\u00e8re d\u00fb aux difficult\u00e9s de mobilisation des ressources financi\u00e8res, les organes actuellement en activit\u00e9 sont caducs du fait des mandats \u00e9chus et le volume de la dette due aux prestataires reste important. Ajout\u00e9 \u00e0 cela, les textes d\u2019application du d\u00e9cret portant r\u00e9organisation du Capef sont toujours attendus.<\/p>\n<p><strong>Lire aussi<\/strong> : <a href=\"https:\/\/ecomatin.net\/chambre-dagriculture-ou-en-est-on-avec-la-banque-agricole\/\">Chambre d\u2019agriculture: o\u00f9 en est-on avec la banque agricole ?<\/a><\/p>\n<p>Des difficult\u00e9s qui ne sont pas insurmontables pour le nouveau dirigeant, lui qui \u00e9tait jusqu\u2019ici le directeur des \u00c9tudes, des programmes et de la programmation au minist\u00e8re de l\u2019Agriculture et du d\u00e9veloppement rural (<strong>Minader<\/strong>). Ce natif de Yokadouma dans la r\u00e9gion de l\u2019Est aura plusieurs dossiers chauds sur sa table d\u00e8s sa prise de fonction. Le plus br\u00fblant est sans doute l\u2019organisation des \u00e9lections afin de doter la chambre de nouveaux \u00e9lus conform\u00e9ment aux dispositions pertinentes du d\u00e9cret du 13 avril 2016. \u00c9galement attendu du nouveau pr\u00e9sident, le lancement effectif de la microfinance agricole, important levier financier pour les artisans, tr\u00e8s petits, petits et moyens entreprises, sous tutelle ou partenaires de la Capef.\u00a0<\/p>\n<p><strong>Lire aussi<\/strong> : <a href=\"https:\/\/ecomatin.net\/les-defis-de-roland-matta-a-la-chambre-dagriculture\/\">Les d\u00e9fis de Roland Matta \u00e0 la Chambre d\u2019Agriculture<\/a><\/p>\n<p>Auteur: Cedrick JIONGO<br \/>\n<a href=\"https:\/\/ecomatin.net\/martin-paul-mindjos-nomme-president-de-la-chambre-dagriculture\/\">Cliquez ici pour lire l&rsquo;article depuis sa source.<\/a><\/p>\n","protected":false},"excerpt":{"rendered":"<p>Mindjos\u00a0Momeny Martin Paul est depuis ce 24 f\u00e9vrier, le pr\u00e9sident de la Chambre \u00a0d\u2019Agriculture, des P\u00eaches, de l\u2019\u00e9levage et des For\u00eats(Capef) du Cameroun. Il a \u00e9t\u00e9 nomm\u00e9 ce jour m\u00eame par le pr\u00e9sident de la r\u00e9publique, Paul Biya. L\u2019int\u00e9ress\u00e9 remplace \u00e0 ce poste, Joseph Roland Matta d\u00e9c\u00e9d\u00e9 le 22 septembre 2020 \u00e0 Tunis des suites [&hellip;]<\/p>\n","protected":false},"author":1969,"featured_media":0,"comment_status":"closed","ping_status":"closed","sticky":false,"template":"","format":"standard","meta":{"fifu_image_url":"","fifu_image_alt":"","footnotes":""},"categories":[82,78],"tags":[],"class_list":["post-112002","post","type-post","status-publish","format-standard","hentry","category-cameroun","category-economie"],"_links":{"self":[{"href":"https:\/\/linitiative.ca\/International\/wp-json\/wp\/v2\/posts\/112002","targetHints":{"allow":["GET"]}}],"collection":[{"href":"https:\/\/linitiative.ca\/International\/wp-json\/wp\/v2\/posts"}],"about":[{"href":"https:\/\/linitiative.ca\/International\/wp-json\/wp\/v2\/types\/post"}],"author":[{"embeddable":true,"href":"https:\/\/linitiative.ca\/International\/wp-json\/wp\/v2\/users\/1969"}],"replies":[{"embeddable":true,"href":"https:\/\/linitiative.ca\/International\/wp-json\/wp\/v2\/comments?post=112002"}],"version-history":[{"count":0,"href":"https:\/\/linitiative.ca\/International\/wp-json\/wp\/v2\/posts\/112002\/revisions"}],"wp:attachment":[{"href":"https:\/\/linitiative.ca\/International\/wp-json\/wp\/v2\/media?parent=112002"}],"wp:term":[{"taxonomy":"category","embeddable":true,"href":"https:\/\/linitiative.ca\/International\/wp-json\/wp\/v2\/categories?post=112002"},{"taxonomy":"post_tag","embeddable":true,"href":"https:\/\/linitiative.ca\/International\/wp-json\/wp\/v2\/tags?post=112002"}],"curies":[{"name":"wp","href":"https:\/\/api.w.org\/{rel}","templated":true}]}}