{"id":112005,"date":"2021-02-25T08:30:41","date_gmt":"2021-02-25T13:30:41","guid":{"rendered":"https:\/\/linitiative.ca\/International\/une-legende-de-la-vie-associative-nationale\/"},"modified":"2021-02-25T08:30:41","modified_gmt":"2021-02-25T13:30:41","slug":"une-legende-de-la-vie-associative-nationale","status":"publish","type":"post","link":"https:\/\/linitiative.ca\/International\/une-legende-de-la-vie-associative-nationale\/","title":{"rendered":"Une l\u00e9gende de la vie associative nationale"},"content":{"rendered":"<figure class=\"post-thumbnail\" itemprop=\"associatedMedia\" itemscope=\"itemscope\" itemtype=\"http:\/\/schema.org\/ImageObject\"><img decoding=\"async\" class=\"post_layout_5_img\" src=\"http:\/\/aujourdhui.ma\/wp-content\/uploads\/2021\/02\/La-Presidente-et-l_equipe-de-son-Bureau.jpg\" alt=\"Une l\u00e9gende de la vie associative nationale\"\/><\/figure>\n<p><span class=\"c5\"><strong>L\u2019Association des femmes chefs d\u2019entreprises (AFEM) Marrakech-Safi et r\u00e9gions<\/strong><\/span><span id=\"more-369307\"\/><\/p>\n<p>Une association \u00e0 vocation r\u00e9gionale, sp\u00e9cialis\u00e9e et souvent g\u00e9n\u00e9raliste. Une association qui s\u2019inscrit en faveur de la mixit\u00e9 dans l\u2019entreprise avec plusieurs ambitions, afin de rendre visibles les femmes dynamiques et altruistes et donner l\u2019envie \u00e0 ces femmes de l\u2019entreprise d\u2019oser se r\u00e9v\u00e9ler, favoriser aussi et surtout l\u2019entraide entre membres de ladite association.<br \/>Pour une politique de la vie associative ambitieuse et le d\u00e9veloppement d\u2019une soci\u00e9t\u00e9 de l\u2019engagement, faut-il rappeler la place des femmes au c\u0153ur et dans le canevas de la vie associative marocaine, l\u2019AFEM est compos\u00e9e d\u2019une \u00e9quipe de brillantes pionni\u00e8res dont la pr\u00e9sidente n\u2019est autre que Badia Bitar, ancienne assistante aux travaux pratiques (TP) au sein du Laboratoire de la Facult\u00e9 des Sciences Semlalia \u00e0 Marrakech et enseignante de TP en biologie \u00e0 la m\u00eame Facult\u00e9, qui cumule plusieurs postes de responsabilit\u00e9 associative et ce, depuis de longues ann\u00e9es, en tant que pr\u00e9sidente et vice-pr\u00e9sidente, notamment de la Conf\u00e9d\u00e9ration des entreprises de l\u2019artisanat (FEA) entre autres actions socio-\u00e9conomiques d\u2019importance.<\/p>\n<p>L\u2019AFEM concr\u00e9tise depuis quelques ann\u00e9es d\u00e9j\u00e0 des projets via l\u2019aide de l\u2019Agence de d\u00e9veloppement social (ADS) et la forte collaboration de l\u2019INDH par le biais de l\u2019Association Le Grand Atlas (AGA), ainsi que la coop\u00e9ration d\u2019associations africaines et europ\u00e9ennes, afin d\u2019aider les femmes aussi bien cr\u00e9atrices que productrices et membres de coop\u00e9ratives \u00e0 cr\u00e9er leur propre entreprise \u00e0 travers la R\u00e9gion Marrakech-Safi et en parfait accompagnement du Centre d\u2019investissement et Maroc PME, qui est un grand acc\u00e9l\u00e9rateur de croissance et de soutien pour le d\u00e9veloppement des entreprises et l\u2019exploration de march\u00e9s au niveau aussi bien national qu\u2019international.<\/p>\n<p>Cette \u00e9quipe de battantes et de pionni\u00e8res, de par une grande volont\u00e9 d\u2019engagement dans la vie associative et de leur sensibilit\u00e9 au projet d\u2019une politique structur\u00e9e de la vie associative, travaille \u00e0 s\u2019entendre sur les enjeux, les d\u00e9fis et les constats \u00e9tablis par sujet et examinent les diff\u00e9rentes propositions d\u2019organisation afin d\u2019am\u00e9liorer et d\u2019aller vers les orientations plus strat\u00e9giques dans un enjeu inscrit via un engagement b\u00e9n\u00e9vole r\u00e9ciproque, sans toutefois n\u00e9gliger la conception d\u2019une relation moderne et coresponsable entre les pouvoirs publics et l\u2019Association au b\u00e9n\u00e9fice d\u2019un dialogue civil consolid\u00e9 par une attention \u00e0 la hauteur de l\u2019innovation de la coh\u00e9sion sociale des Associations \u00e0 but non lucratif aussi bien dans la capitale historique ocre Marrakech et ses r\u00e9gions qu\u2019\u00e0 travers l\u2019ensemble du Royaume.<br \/>Ces pionni\u00e8res sont les actrices de la solidarit\u00e9 de proximit\u00e9, de la lutte contre l\u2019exclusion, les in\u00e9galit\u00e9s et la pauvret\u00e9, elles se battent aussi contre le plafond de verre qui ne favorise gu\u00e8re l\u2019ascension professionnelle des femmes, afin de leur assurer une parfaite forme de repr\u00e9sentation et de lobbying pour une meilleure visibilit\u00e9 et une meilleure consid\u00e9ration professionnelle.<br \/>Elles sont aussi actrices d\u2019une redistribution \u00e9conomique plut\u00f4t en panne, \u00e0 cause des restrictions sanitaires li\u00e9es au coronavirus. Le monde associatif au niveau mondial se trouve affaibli et ins\u00e9curis\u00e9 par cette pand\u00e9mie qui fragilise de jour en jour les tissus associatifs ainsi que les pouvoirs publics qui se trouvent aux premi\u00e8res loges. Actuellement la seule lueur d\u2019espoir reste la vaccination pour atteindre l\u2019immunit\u00e9 tant esp\u00e9r\u00e9e. Ces femmes soldats de l\u2019ombre jouent un r\u00f4le de contre-pouvoir associatif et altruiste indispensable pour la protection des nombreuses victimes non seulement de la Covid en tant que maladie, mais surtout de celui du ch\u00f4mage et de la pr\u00e9carit\u00e9 financi\u00e8re de tant de m\u00e9nages impuissants \u00e0 se prendre en charge.<br \/>Les diff\u00e9rents objectifs de l\u2019AFEM sont de proposer des activit\u00e9s au plus grand nombre de citoyens sans distinction d\u2019\u00e2ge, de niveau d\u2019\u00e9tude, de cat\u00e9gories socioprofessionnelles, tout en proposant des actions de formation permanente et d\u2019accompagnement de la vie associative aussi bien pour les jeunes que les moins jeunes..<\/p>\n<p>Badia Bitar et son \u00e9quipe nous aident \u00e0 faire travailler les notions d\u2019\u00e9galit\u00e9 qui sommeillent en nous, en mettant en lumi\u00e8re les femmes marocaines qui ont eu un impact sur l\u2019environnement socio-\u00e9conomique aussi bien que celui qu\u2019elles ont aujourd\u2019hui dans notre monde contemporain, \u00e0 l\u2019instar d\u2019autres grandes dames de la vie associative marocaine, qui d\u00e9montrent que les femmes aussi peuvent faire de grandes choses et que les grands exploits ne sont pas r\u00e9serv\u00e9s uniquement aux hommes, d\u2019ailleurs elles en sont la preuve.<br \/>L\u2019AFEM se focalise en premier sur les enjeux qui ont \u00e9t\u00e9 identifi\u00e9s : Premi\u00e8rement, aboutir bien s\u00fbr \u00e0 des propositions de mesures pouvant \u00eatre mises en \u0153uvre rapidement pour soutenir les diff\u00e9rents secteurs \u00e9conomiques qui sont durement touch\u00e9s par la Covid-19 laquelle a entra\u00een\u00e9 la r\u00e9duction drastique des emplois dans les diff\u00e9rents domaines du tourisme, de l\u2019h\u00f4tellerie, l\u2019artisanat ainsi que l\u2019\u00e9v\u00e9nementiel sans oublier les petits emplois de l\u2019informel.<\/p>\n<p>A ce niveau pas mal de contributions, tous sujets confondus, ont \u00e9t\u00e9 re\u00e7ues \u00e0 travers la mise en \u0153uvre d\u2019une politique de soutiens renouvel\u00e9e de mani\u00e8re constante afin de d\u00e9velopper une v\u00e9ritable soci\u00e9t\u00e9 de l\u2019engagement par cette association et via ses pionni\u00e8res. L\u2019AFEM est partout dans le quotidien de chaque citoyen, c\u2019est le premier engagement et une \u00e9cole permanente de la citoyennet\u00e9 et de l\u2019\u00e9mancipation avec l\u2019id\u00e9al de parvenir \u00e0 faire grandir la soci\u00e9t\u00e9 dans un monde plus \u00e9thique et \u00e9quitable. L\u2019AFEM est une puissance \u00e9nergique de la solidarit\u00e9 f\u00e9minine qui aide tous les citoyens \u00e0 appr\u00e9hender le quotidien diff\u00e9remment et sereinement. Ces diff\u00e9rentes actions sont porteuses de r\u00e9sultats d\u2019aide et spectaculaires sur le moyen et le long termes avec des \u00e9volutions progressives qui repr\u00e9sentent une locomotive de d\u00e9veloppement et de performances \u00e9conomiques d\u2019importance vitale au niveau national et international.<\/p>\n<p>Des actions dans l\u2019expression mod\u00e9r\u00e9e de r\u00e9ussites, voil\u00e0 une Association qui fait avancer la r\u00e9flexion g\u00e9n\u00e9rale sur le travail des b\u00e9n\u00e9voles sp\u00e9cialistes des questions d\u2019\u00e9coute, du charisme de ses dirigeantes, de la qualit\u00e9 et de la diversit\u00e9 de ces battantes humainement riches.<\/p>\n<p>Auteur: ALM<br \/>\n<a href=\"https:\/\/aujourdhui.ma\/societe\/une-legende-de-la-vie-associative-nationale\">Cliquez ici pour lire l&rsquo;article depuis sa source.<\/a><\/p>\n","protected":false},"excerpt":{"rendered":"<p>L\u2019Association des femmes chefs d\u2019entreprises (AFEM) Marrakech-Safi et r\u00e9gions Une association \u00e0 vocation r\u00e9gionale, sp\u00e9cialis\u00e9e et souvent g\u00e9n\u00e9raliste. Une association qui s\u2019inscrit en faveur de la mixit\u00e9 dans l\u2019entreprise avec plusieurs ambitions, afin de rendre visibles les femmes dynamiques et altruistes et donner l\u2019envie \u00e0 ces femmes de l\u2019entreprise d\u2019oser se r\u00e9v\u00e9ler, favoriser aussi et [&hellip;]<\/p>\n","protected":false},"author":1759,"featured_media":0,"comment_status":"closed","ping_status":"closed","sticky":false,"template":"","format":"standard","meta":{"fifu_image_url":"http:\/\/aujourdhui.ma\/wp-content\/uploads\/2021\/02\/La-Presidente-et-l_equipe-de-son-Bureau.jpg","fifu_image_alt":"Une l\u00e9gende de la vie associative nationale","footnotes":""},"categories":[73,54],"tags":[],"class_list":["post-112005","post","type-post","status-publish","format-standard","hentry","category-actualite","category-maroc"],"_links":{"self":[{"href":"https:\/\/linitiative.ca\/International\/wp-json\/wp\/v2\/posts\/112005","targetHints":{"allow":["GET"]}}],"collection":[{"href":"https:\/\/linitiative.ca\/International\/wp-json\/wp\/v2\/posts"}],"about":[{"href":"https:\/\/linitiative.ca\/International\/wp-json\/wp\/v2\/types\/post"}],"author":[{"embeddable":true,"href":"https:\/\/linitiative.ca\/International\/wp-json\/wp\/v2\/users\/1759"}],"replies":[{"embeddable":true,"href":"https:\/\/linitiative.ca\/International\/wp-json\/wp\/v2\/comments?post=112005"}],"version-history":[{"count":0,"href":"https:\/\/linitiative.ca\/International\/wp-json\/wp\/v2\/posts\/112005\/revisions"}],"wp:attachment":[{"href":"https:\/\/linitiative.ca\/International\/wp-json\/wp\/v2\/media?parent=112005"}],"wp:term":[{"taxonomy":"category","embeddable":true,"href":"https:\/\/linitiative.ca\/International\/wp-json\/wp\/v2\/categories?post=112005"},{"taxonomy":"post_tag","embeddable":true,"href":"https:\/\/linitiative.ca\/International\/wp-json\/wp\/v2\/tags?post=112005"}],"curies":[{"name":"wp","href":"https:\/\/api.w.org\/{rel}","templated":true}]}}