{"id":112006,"date":"2021-02-25T09:00:38","date_gmt":"2021-02-25T14:00:38","guid":{"rendered":"https:\/\/linitiative.ca\/International\/casablanca-2-ans-et-4-ans-de-prison-ferme-pour-quatre-malfrats\/"},"modified":"2021-02-25T09:00:38","modified_gmt":"2021-02-25T14:00:38","slug":"casablanca-2-ans-et-4-ans-de-prison-ferme-pour-quatre-malfrats","status":"publish","type":"post","link":"https:\/\/linitiative.ca\/International\/casablanca-2-ans-et-4-ans-de-prison-ferme-pour-quatre-malfrats\/","title":{"rendered":"Casablanca : 2 ans et 4 ans de prison ferme pour quatre malfrats"},"content":{"rendered":"<figure class=\"post-thumbnail\" itemprop=\"associatedMedia\" itemscope=\"itemscope\" itemtype=\"http:\/\/schema.org\/ImageObject\"><img decoding=\"async\" class=\"post_layout_5_img\" src=\"http:\/\/aujourdhui.ma\/wp-content\/uploads\/2018\/12\/Arrestation-Malfrat-Police.jpg\" alt=\"Casablanca : 2 ans et 4 ans de prison ferme pour quatre malfrats\"\/><\/figure>\n<p><span class=\"c5\"><strong>Nous sommes \u00e0 la chambre criminelle pr\u00e8s la Cour d\u2019appel de Casablanca.<\/strong><\/span><span id=\"more-369292\"\/><\/p>\n<p>Au box des accus\u00e9s se tiennent quatre malfrats dont deux repris de justice, poursuivis en \u00e9tat d\u2019arrestation pour constitution d\u2019une association de malfaiteurs, vol qualifi\u00e9, coups et blessures \u00e0 l\u2019arme blanche. A l\u2019instar de la majorit\u00e9 des malfrats, ce quatuor se disculpe devant les trois magistrats de la Cour. Toutefois, deux victimes ont reconnu deux des quatre malfrats car ils les ont agress\u00e9s en plein jour. L\u2019une des deux victimes, employ\u00e9 de son \u00e9tat, quadrag\u00e9naire, affirme \u00e0 la Cour qu\u2019il venait de sortir de chez lui, un dimanche, pour se rendre chez son fr\u00e8re, au quartier Moulay Rachid. D\u00e8s qu\u2019il est descendu d\u2019un taxi, il a emprunt\u00e9 une ruelle pour se retrouver face \u00e0 face avec deux des malfrats, arm\u00e9s de couteaux. Manifestant de la r\u00e9sistance il a \u00e9t\u00e9 bless\u00e9 \u00e0 la main droite. Craignant pour sa vie il les a laiss\u00e9s fouiller ses poches.<\/p>\n<p>Ils lui ont ainsi subtilis\u00e9 son smartphone, une bague en or et une somme de cinq cents dirhams, a-t-il conclu son t\u00e9moignage. Les deux malfrats qu\u2019il accuse, \u00e2g\u00e9s respectivement de vingt-deux et vingt-trois ans, le traitent de menteur. Celui qui a d\u00e9j\u00e0 purg\u00e9 une peine d\u2019emprisonnement de deux ans pour les m\u00eames motifs affirme \u00e0 la Cour qu\u2019il ne l\u2019a jamais vu. En fait les plaintes pour des agressions multiples ont mobilis\u00e9 les limiers de la PJ qui sont arriv\u00e9s \u00e0 identifier, via une vid\u00e9osurveillance, l\u2019un des quatre malfrats en flagrant d\u00e9lit d\u2019agression sur une jeune femme. Arr\u00eat\u00e9, ce dernier a tent\u00e9 de convaincre les limiers que ce n\u2019\u00e9tait pas lui sur la vid\u00e9o. Et pourtant, quand il a \u00e9t\u00e9 soumis aux interrogatoires, il a avou\u00e9 ses crimes et a r\u00e9v\u00e9l\u00e9 les identit\u00e9s de ses complices dont l\u2019un avait purg\u00e9 une peine \u00e9galement de deux ans de prison ferme pour vol qualifi\u00e9. D\u2019ailleurs les quatre malfrats ont avou\u00e9 leurs crimes devant les limiers de la PJ, mais ils ont tous ni\u00e9 devant la Cour qui, apr\u00e8s les d\u00e9lib\u00e9rations, les a jug\u00e9s coupables pour les charges retenues contre eux.<\/p>\n<p>Verdict : Les deux malfrats r\u00e9cidivistes ont \u00e9cop\u00e9 de quatre ans de prison ferme alors que les deux autres ont \u00e9t\u00e9 condamn\u00e9s \u00e0 deux ans de prison ferme.<\/p>\n<p>Auteur: Abderrafii ALOUMLIKI<br \/>\n<a href=\"https:\/\/aujourdhui.ma\/faits-divers\/casablanca-2-ans-et-4-ans-de-prison-ferme-pour-quatre-malfrats\">Cliquez ici pour lire l&rsquo;article depuis sa source.<\/a><\/p>\n","protected":false},"excerpt":{"rendered":"<p>Nous sommes \u00e0 la chambre criminelle pr\u00e8s la Cour d\u2019appel de Casablanca. Au box des accus\u00e9s se tiennent quatre malfrats dont deux repris de justice, poursuivis en \u00e9tat d\u2019arrestation pour constitution d\u2019une association de malfaiteurs, vol qualifi\u00e9, coups et blessures \u00e0 l\u2019arme blanche. A l\u2019instar de la majorit\u00e9 des malfrats, ce quatuor se disculpe devant [&hellip;]<\/p>\n","protected":false},"author":1759,"featured_media":0,"comment_status":"closed","ping_status":"closed","sticky":false,"template":"","format":"standard","meta":{"fifu_image_url":"http:\/\/aujourdhui.ma\/wp-content\/uploads\/2018\/12\/Arrestation-Malfrat-Police.jpg","fifu_image_alt":"Casablanca : 2 ans et 4 ans de prison ferme pour quatre malfrats","footnotes":""},"categories":[73,54],"tags":[],"class_list":["post-112006","post","type-post","status-publish","format-standard","hentry","category-actualite","category-maroc"],"_links":{"self":[{"href":"https:\/\/linitiative.ca\/International\/wp-json\/wp\/v2\/posts\/112006","targetHints":{"allow":["GET"]}}],"collection":[{"href":"https:\/\/linitiative.ca\/International\/wp-json\/wp\/v2\/posts"}],"about":[{"href":"https:\/\/linitiative.ca\/International\/wp-json\/wp\/v2\/types\/post"}],"author":[{"embeddable":true,"href":"https:\/\/linitiative.ca\/International\/wp-json\/wp\/v2\/users\/1759"}],"replies":[{"embeddable":true,"href":"https:\/\/linitiative.ca\/International\/wp-json\/wp\/v2\/comments?post=112006"}],"version-history":[{"count":0,"href":"https:\/\/linitiative.ca\/International\/wp-json\/wp\/v2\/posts\/112006\/revisions"}],"wp:attachment":[{"href":"https:\/\/linitiative.ca\/International\/wp-json\/wp\/v2\/media?parent=112006"}],"wp:term":[{"taxonomy":"category","embeddable":true,"href":"https:\/\/linitiative.ca\/International\/wp-json\/wp\/v2\/categories?post=112006"},{"taxonomy":"post_tag","embeddable":true,"href":"https:\/\/linitiative.ca\/International\/wp-json\/wp\/v2\/tags?post=112006"}],"curies":[{"name":"wp","href":"https:\/\/api.w.org\/{rel}","templated":true}]}}