{"id":112007,"date":"2021-02-25T10:54:19","date_gmt":"2021-02-25T15:54:19","guid":{"rendered":"https:\/\/linitiative.ca\/International\/tetouan-pour-avoir-harcele-une-cliente-un-chauffeur-de-taxi-ecope-de-2-mois-de-prison-ferme\/"},"modified":"2021-02-25T10:54:19","modified_gmt":"2021-02-25T15:54:19","slug":"tetouan-pour-avoir-harcele-une-cliente-un-chauffeur-de-taxi-ecope-de-2-mois-de-prison-ferme","status":"publish","type":"post","link":"https:\/\/linitiative.ca\/International\/tetouan-pour-avoir-harcele-une-cliente-un-chauffeur-de-taxi-ecope-de-2-mois-de-prison-ferme\/","title":{"rendered":"T\u00e9touan : Pour avoir harcel\u00e9 une cliente, un chauffeur de taxi \u00e9cope de 2 mois de prison ferme"},"content":{"rendered":"<header>\n<\/header>\n<div class=\"entry-content clearfix\" readability=\"35\">\n<figure class=\"post-thumbnail\" itemprop=\"associatedMedia\" itemscope=\"itemscope\" itemtype=\"http:\/\/schema.org\/ImageObject\"><img decoding=\"async\" class=\"post_layout_5_img\" src=\"http:\/\/aujourdhui.ma\/wp-content\/uploads\/2021\/02\/Tetouan-Pour-avoir-harcele-une-cliente-un-chauffeur-de-taxi-ecope-de-2-mois-de-prison-ferme.jpg\" alt=\"T\u00e9touan : Pour avoir harcel\u00e9 une cliente, un chauffeur de taxi \u00e9cope de 2 mois de prison ferme\"\/><\/figure>\n<p>Un chauffeur de taxi qui a viol\u00e9 les r\u00e8gles de sa profession a \u00e9t\u00e9 condamn\u00e9 par la chambre correctionnelle pr\u00e8s le tribunal de premi\u00e8re instance de T\u00e9touan \u00e0 deux mois de prison ferme assortie d\u2019une amende de deux mille dirhams ainsi que le retrait de son permis de confiance.<span id=\"more-369296\"\/> Une cliente avait d\u00e9pos\u00e9 une plaine contre ce p\u00e8re de famille pour harc\u00e8lement. Le taxi driver a ni\u00e9 les charges retenues contre lui et a b\u00e9n\u00e9fici\u00e9 du d\u00e9sistement de la plaignante. Le tribunal l\u2019a quand m\u00eame jug\u00e9 coupable selon les dispositions de la loi n\u00b0103-13 du 22 f\u00e9vrier 2018 relative \u00e0 la lutte contre les violences faites aux femmes.<\/p>\n<\/div>\n<p>Auteur: Abderrafii ALOUMLIKI<br \/>\n<a href=\"https:\/\/aujourdhui.ma\/faits-divers\/tetouan-pour-avoir-harcele-une-cliente-un-chauffeur-de-taxi-ecope-de-2-mois-de-prison-ferme\">Cliquez ici pour lire l&rsquo;article depuis sa source.<\/a><\/p>\n","protected":false},"excerpt":{"rendered":"<p>Un chauffeur de taxi qui a viol\u00e9 les r\u00e8gles de sa profession a \u00e9t\u00e9 condamn\u00e9 par la chambre correctionnelle pr\u00e8s le tribunal de premi\u00e8re instance de T\u00e9touan \u00e0 deux mois de prison ferme assortie d\u2019une amende de deux mille dirhams ainsi que le retrait de son permis de confiance. Une cliente avait d\u00e9pos\u00e9 une plaine [&hellip;]<\/p>\n","protected":false},"author":1759,"featured_media":0,"comment_status":"closed","ping_status":"closed","sticky":false,"template":"","format":"standard","meta":{"fifu_image_url":"http:\/\/aujourdhui.ma\/wp-content\/uploads\/2021\/02\/Tetouan-Pour-avoir-harcele-une-cliente-un-chauffeur-de-taxi-ecope-de-2-mois-de-prison-ferme.jpg","fifu_image_alt":"T\u00e9touan : Pour avoir harcel\u00e9 une cliente, un chauffeur de taxi \u00e9cope de 2 mois de prison ferme","footnotes":""},"categories":[73,54],"tags":[],"class_list":["post-112007","post","type-post","status-publish","format-standard","hentry","category-actualite","category-maroc"],"_links":{"self":[{"href":"https:\/\/linitiative.ca\/International\/wp-json\/wp\/v2\/posts\/112007","targetHints":{"allow":["GET"]}}],"collection":[{"href":"https:\/\/linitiative.ca\/International\/wp-json\/wp\/v2\/posts"}],"about":[{"href":"https:\/\/linitiative.ca\/International\/wp-json\/wp\/v2\/types\/post"}],"author":[{"embeddable":true,"href":"https:\/\/linitiative.ca\/International\/wp-json\/wp\/v2\/users\/1759"}],"replies":[{"embeddable":true,"href":"https:\/\/linitiative.ca\/International\/wp-json\/wp\/v2\/comments?post=112007"}],"version-history":[{"count":0,"href":"https:\/\/linitiative.ca\/International\/wp-json\/wp\/v2\/posts\/112007\/revisions"}],"wp:attachment":[{"href":"https:\/\/linitiative.ca\/International\/wp-json\/wp\/v2\/media?parent=112007"}],"wp:term":[{"taxonomy":"category","embeddable":true,"href":"https:\/\/linitiative.ca\/International\/wp-json\/wp\/v2\/categories?post=112007"},{"taxonomy":"post_tag","embeddable":true,"href":"https:\/\/linitiative.ca\/International\/wp-json\/wp\/v2\/tags?post=112007"}],"curies":[{"name":"wp","href":"https:\/\/api.w.org\/{rel}","templated":true}]}}