{"id":112008,"date":"2021-02-25T08:55:23","date_gmt":"2021-02-25T13:55:23","guid":{"rendered":"https:\/\/linitiative.ca\/International\/%ef%bb%bfcovid-les-europeens-en-sommet-pour-faire-front\/"},"modified":"2021-02-25T08:55:23","modified_gmt":"2021-02-25T13:55:23","slug":"%ef%bb%bfcovid-les-europeens-en-sommet-pour-faire-front","status":"publish","type":"post","link":"https:\/\/linitiative.ca\/International\/%ef%bb%bfcovid-les-europeens-en-sommet-pour-faire-front\/","title":{"rendered":"\ufeffCovid: les Europ\u00e9ens en sommet pour faire front"},"content":{"rendered":"<p class=\"c1\"><strong>Face \u00e0 la menace des variants<\/strong><\/p>\n<p><strong>Les dirigeants europ\u00e9ens se r\u00e9unissent jeudi en sommet virtuel pour tenter d\u2019afficher une strat\u00e9gie commune face \u00e0 la menace des variants du coronavirus, en d\u00e9pit de restrictions de circulation non coordonn\u00e9es et de vives divergences sur le futur \u00ab\u00a0passeport vaccinal\u00a0\u00bb.<\/strong><\/p>\n<p>Les dirigeants des Vingt-Sept se retrouvent par visioconf\u00e9rence \u00e0 partir de 14H00 GMT au moment o\u00f9 l\u2019essor des variants britannique et sud-africain fait planer le spectre de nouvelles flamb\u00e9es des contaminations, sur fond de campagnes de vaccination poussives.<\/p>\n<p>Les Europ\u00e9ens veulent notamment \u00eatre par\u00e9s au cas o\u00f9 de nouveaux vaccins, de deuxi\u00e8me g\u00e9n\u00e9ration, seraient rendus n\u00e9cessaires par les mutations du virus: Bruxelles a d\u00e9j\u00e0 promis un feu vert r\u00e9glementaire acc\u00e9l\u00e9r\u00e9.<\/p>\n<p>Inquiets, une dizaine d\u2019Etats de l\u2019UE ont limit\u00e9 le franchissement de leurs fronti\u00e8res. La Commission europ\u00e9enne a somm\u00e9 six d\u2019entre eux de s\u2019expliquer sur des restrictions de circulation qu\u2019elle juge disproportionn\u00e9es, redoutant des dysfonctionnements de cha\u00eenes de production.<\/p>\n<p>Parmi eux figurent la Belgique, qui interdit tout voyage non essentiel, et l\u2019Allemagne, qui filtre les passages avec la R\u00e9publique tch\u00e8que, la Slovaquie et le Tyrol autrichien. De son c\u00f4t\u00e9, la France a annonc\u00e9 jeudi qu\u2019elle exigera des tests PCR r\u00e9cents pour les d\u00e9placements non professionnels de frontaliers depuis l\u2019Allemagne vers le d\u00e9partement de la Moselle.<\/p>\n<p>\u00ab\u00a0La coordination est compliqu\u00e9e car pour les dirigeants, la priorit\u00e9 est de prot\u00e9ger leur population\u00a0\u00bb, observe un haut responsable europ\u00e9en, qui s\u2019attend \u00e0 des \u00ab\u00a0discussions anim\u00e9es\u00a0\u00bb lors du sommet.<\/p>\n<p>Les Vingt-Sept s\u2019\u00e9taient initialement promis de n\u2019adopter que des mesures \u00ab\u00a0proportionn\u00e9es\u00a0\u00bb et \u00ab\u00a0non discriminatoires\u00a0\u00bb. Mais les variants ont chang\u00e9 la donne.<\/p>\n<p>Ils \u00ab\u00a0suscitent une nervosit\u00e9 et une prudence l\u00e9gitimes: pour une partie des gouvernements, le r\u00e9flexe \u2013 parfois le plus commode \u2013 est de fermer les fronti\u00e8res\u00a0\u00bb, reconna\u00eet un diplomate, pour qui le sommet doit \u00ab\u00a0rappeler les r\u00e8gles collectives\u00a0\u00bb.<\/p>\n<p>Selon un projet de conclusions, consult\u00e9 par l\u2019AFP, les dirigeants europ\u00e9ens pr\u00e9voient de r\u00e9affirmer que \u00ab\u00a0les flux sans entrave des biens et services au sein du march\u00e9 unique doivent \u00eatre garantis\u00a0\u00bb.<\/p>\n<p>Concernant un certificat de vaccination europ\u00e9en, destin\u00e9 \u00e0 faciliter les voyages, les dirigeants pourraient se contenter d&rsquo;\u00a0\u00bbappeler \u00e0 poursuivre une approche commune\u00a0\u00bb sur les crit\u00e8res et le format choisis, mais sans mesure concr\u00e8te, selon des sources concordantes.<\/p>\n<p>Le d\u00e9bat a lieu au moment o\u00f9 les campagnes de vaccination restent ralenties par les rat\u00e9s de livraisons des laboratoires \u2013 m\u00eame si Bruxelles pr\u00e9voit toujours de vacciner 70% de la population adulte europ\u00e9enne d\u2019ici mi-septembre.<\/p>\n<p>Evoquer ce certificat quand seulement 4,2% des Europ\u00e9ens ont re\u00e7u au moins une dose, et que les autres n\u2019ont pas acc\u00e8s au vaccin faute de stock, \u00ab\u00a0cela n\u2019a aucun sens, c\u2019est conflictuel et probl\u00e9matique\u00a0\u00bb, gronde un diplomate.<\/p>\n<p>Et de noter qu\u2019il n\u2019est pas encore \u00e9tabli qu\u2019\u00eatre vaccin\u00e9 emp\u00eache de contaminer d\u2019autres personnes.<\/p>\n<p>Mais si Paris et Berlin s\u2019inqui\u00e8tent de l\u2019ab\u00eeme entre une minorit\u00e9 privil\u00e9gi\u00e9e et les autres, d\u2019autres Etats \u2013 notamment les plus d\u00e9pendants du tourisme \u2013 veulent une adoption acc\u00e9l\u00e9r\u00e9e pour sauver leur saison estivale, \u00e0 l\u2019instar de la Gr\u00e8ce.<\/p>\n<p>Le chancelier autrichien Sebastian Kurz pr\u00e9conise \u00e9galement \u00ab\u00a0un passeport vert\u00a0\u00bb autorisant des voyages \u00ab\u00a0sans restriction\u00a0\u00bb et l\u2019acc\u00e8s aux \u00ab\u00a0restaurants\u00a0\u00bb, avertissant qu\u2019en l\u2019absence de solution europ\u00e9enne, un projet sera \u00ab\u00a0\u00e9tabli au niveau national\u00a0\u00bb.<\/p>\n<p>Selon le Premier ministre bulgare Bo\u00efko Borissov, plusieurs Etats dont le sien, l\u2019Autriche et la Gr\u00e8ce, se sont \u00ab\u00a0mis d\u2019accord sur la proposition d\u2019un passeport vert qui permettra de soulager tous ceux qui se sont fait vacciner (\u2026) et pourront mener une vie normale\u00a0\u00bb.<\/p>\n<p>De leur c\u00f4t\u00e9, la Gr\u00e8ce et Chypre ont d\u00e9j\u00e0 conclu, chacun de leur c\u00f4t\u00e9, un accord touristique avec Isra\u00ebl permettant \u00e0 leurs citoyens vaccin\u00e9s de voyager sans restriction, gr\u00e2ce \u00e0 un \u00ab\u00a0passeport vert\u00a0\u00bb.<\/p>\n<p>Les chefs d\u2019Etat et de gouvernement de l\u2019UE se pencheront \u00e9galement jeudi sur l\u2019approvisionnement en vaccins des pays tiers: le pr\u00e9sident fran\u00e7ais Emmanuel Macron a ainsi propos\u00e9 que l\u2019Europe et les Etats-Unis livrent \u00ab\u00a0le plus vite possible\u00a0\u00bb 13 millions de doses de vaccins \u00e0 l\u2019Afrique pour que le continent vaccine ses 6,5 millions de soignants.<\/p>\n<p>A Bruxelles, on rappelle que les Etats membres sont libres, sur la base du volontariat, de donner leurs doses \u00e0 d\u2019autres pays \u2013 parall\u00e8lement au dispositif international Covax que soutient l\u2019UE et qui vient de livrer ses premiers vaccins gratuits au Ghana.<\/p>\n<p>Mais \u00ab\u00a0promettre monts et merveilles \u00e0 des pays tiers alors que nous ne parvenons pas \u00e0 acc\u00e9l\u00e9rer la vaccination de nos propres populations, c\u2019est inenvisageable\u00a0\u00bb, temp\u00e8re un diplomate.<\/p>\n<p>Auteur: M&rsquo;hammed rahal<br \/>\n<a href=\"http:\/\/albayane.press.ma\/%EF%BB%BFcovid-les-europeens-en-sommet-pour-faire-front.html\">Cliquez ici pour lire l&rsquo;article depuis sa source.<\/a><\/p>\n","protected":false},"excerpt":{"rendered":"<p>Face \u00e0 la menace des variants Les dirigeants europ\u00e9ens se r\u00e9unissent jeudi en sommet virtuel pour tenter d\u2019afficher une strat\u00e9gie commune face \u00e0 la menace des variants du coronavirus, en d\u00e9pit de restrictions de circulation non coordonn\u00e9es et de vives divergences sur le futur \u00ab\u00a0passeport vaccinal\u00a0\u00bb. Les dirigeants des Vingt-Sept se retrouvent par visioconf\u00e9rence \u00e0 [&hellip;]<\/p>\n","protected":false},"author":1760,"featured_media":0,"comment_status":"closed","ping_status":"closed","sticky":false,"template":"","format":"standard","meta":{"fifu_image_url":"","fifu_image_alt":"","footnotes":""},"categories":[73,54],"tags":[],"class_list":["post-112008","post","type-post","status-publish","format-standard","hentry","category-actualite","category-maroc"],"_links":{"self":[{"href":"https:\/\/linitiative.ca\/International\/wp-json\/wp\/v2\/posts\/112008","targetHints":{"allow":["GET"]}}],"collection":[{"href":"https:\/\/linitiative.ca\/International\/wp-json\/wp\/v2\/posts"}],"about":[{"href":"https:\/\/linitiative.ca\/International\/wp-json\/wp\/v2\/types\/post"}],"author":[{"embeddable":true,"href":"https:\/\/linitiative.ca\/International\/wp-json\/wp\/v2\/users\/1760"}],"replies":[{"embeddable":true,"href":"https:\/\/linitiative.ca\/International\/wp-json\/wp\/v2\/comments?post=112008"}],"version-history":[{"count":0,"href":"https:\/\/linitiative.ca\/International\/wp-json\/wp\/v2\/posts\/112008\/revisions"}],"wp:attachment":[{"href":"https:\/\/linitiative.ca\/International\/wp-json\/wp\/v2\/media?parent=112008"}],"wp:term":[{"taxonomy":"category","embeddable":true,"href":"https:\/\/linitiative.ca\/International\/wp-json\/wp\/v2\/categories?post=112008"},{"taxonomy":"post_tag","embeddable":true,"href":"https:\/\/linitiative.ca\/International\/wp-json\/wp\/v2\/tags?post=112008"}],"curies":[{"name":"wp","href":"https:\/\/api.w.org\/{rel}","templated":true}]}}