{"id":112009,"date":"2021-02-25T08:58:36","date_gmt":"2021-02-25T13:58:36","guid":{"rendered":"https:\/\/linitiative.ca\/International\/%ef%bb%bfpour-khaled-drareni-la-liberte-de-la-presse-doit-etre-intouchable\/"},"modified":"2021-02-25T08:58:36","modified_gmt":"2021-02-25T13:58:36","slug":"%ef%bb%bfpour-khaled-drareni-la-liberte-de-la-presse-doit-etre-intouchable","status":"publish","type":"post","link":"https:\/\/linitiative.ca\/International\/%ef%bb%bfpour-khaled-drareni-la-liberte-de-la-presse-doit-etre-intouchable\/","title":{"rendered":"\ufeffPour Khaled Drareni, la libert\u00e9 de la presse doit \u00eatre \u00abintouchable\u00bb"},"content":{"rendered":"<p class=\"c1\"><strong>Emprisonn\u00e9 pour avoir couvert une manifestation en Alg\u00e9rie<\/strong><\/p>\n<p><strong>Sit\u00f4t lib\u00e9r\u00e9, le journaliste alg\u00e9rien Khaled Drareni, emprisonn\u00e9 pendant presque un an pour avoir couvert une manifestation, se dit d\u00e9termin\u00e9 \u00e0 reprendre son m\u00e9tier et son combat pour la libert\u00e9 de la presse, dans un entretien \u00e0 l\u2019AFP.<\/strong><\/p>\n<p>\u00ab\u00a0J\u2019esp\u00e8re que ma prison va contribuer \u00e0 renforcer la libert\u00e9 de la presse en Alg\u00e9rie et en faire une libert\u00e9 sacr\u00e9e, intouchable\u00a0\u00bb, affirme cet ancien pr\u00e9sentateur vedette, \u00e2g\u00e9 de 40 ans.<\/p>\n<p>Incarc\u00e9r\u00e9 en mars 2020, il est sorti de prison vendredi (bien: vendredi) soir \u00e0 la suite de la gr\u00e2ce d\u00e9cr\u00e9t\u00e9e par le pr\u00e9sident Abdelmadjid Tebboune en faveur de d\u00e9tenus du Hirak, le soul\u00e8vement populaire n\u00e9 en f\u00e9vrier 2019.<\/p>\n<p>Accueilli par une foule d\u2019amis et de sympathisants devant la prison de Kol\u00e9a, \u00e0 40 minutes \u00e0 l\u2019ouest d\u2019Alger, Khaled Drareni est apparu en meilleure forme que lors de son proc\u00e8s en septembre, lors duquel il \u00e9tait tr\u00e8s amaigri.<\/p>\n<p>\u00ab\u00a0Je me sens tr\u00e8s bien, en bonne sant\u00e9, ravi de retrouver les miens\u00a0\u00bb, a-t-il par la suite confi\u00e9 \u00e0 l\u2019AFP.<\/p>\n<p>\u00ab\u00a0M\u00eame si je suis rest\u00e9 libre dans ma t\u00eate tout en \u00e9tant enferm\u00e9, je suis quand m\u00eame heureux de retrouver la libert\u00e9 vraie\u00a0\u00bb.<br \/>Dans le salon de la maison familiale \u00e0 Alger, o\u00f9 il a retrouv\u00e9 ses parents, le journaliste, qui a b\u00e9n\u00e9fici\u00e9 d\u2019une campagne de solidarit\u00e9 internationale, appara\u00eet serein et souriant.<\/p>\n<p>Le journaliste s\u2019est fait conna\u00eetre en Alg\u00e9rie en tant que pr\u00e9sentateur sur les cha\u00eenes priv\u00e9es Dzair TV et Echourouk TV, mais aussi pour son militantisme sur les r\u00e9seaux sociaux, o\u00f9 il a partag\u00e9 photos, slogans et d\u00e9clarations en direct des d\u00e9fil\u00e9s du Hirak.<\/p>\n<p>Chez lui, il re\u00e7oit dans une atmosph\u00e8re d\u00e9tendue proches, amis, militants et m\u00eame des inconnus venus t\u00e9moigner leur respect.<br \/>Parmi eux, des compagnons de lutte: le journaliste et ex-d\u00e9tenu Fodil Boumala, le jeune militant Walid Kechida, emprisonn\u00e9 pour des m\u00e8mes critiques \u00e0 l\u2019\u00e9gard du r\u00e9gime, ou encore le directeur du percutant site satirique El Manchar.<\/p>\n<p>Condamn\u00e9 mi-septembre \u00e0 deux ans de prison ferme pour \u00ab\u00a0incitation \u00e0 attroupement non arm\u00e9\u00a0\u00bb et \u00ab\u00a0atteinte \u00e0 l\u2019unit\u00e9 nationale\u00a0\u00bb, le journaliste ind\u00e9pendant clame n\u2019avoir fait que son m\u00e9tier.<\/p>\n<p>Il a \u00e9t\u00e9 accus\u00e9 par les autorit\u00e9s d\u2019avoir travaill\u00e9 pour un m\u00e9dia \u00e9tranger sans accr\u00e9ditation, une proc\u00e9dure bureaucratique erratique en Alg\u00e9rie, mais aussi et plus gravement d\u2019\u00eatre un \u00ab\u00a0khabarji\u00a0\u00bb (informateur) \u00e0 la solde \u00ab\u00a0de parties \u00e9trang\u00e8res\u00a0\u00bb (non pr\u00e9cis\u00e9es).<\/p>\n<p>D\u00e9sormais libre, cet \u00ab\u00a0\u00e9ternel optimiste\u00a0\u00bb \u2013tel qu\u2019il se d\u00e9crit\u2013 entend reprendre ses activit\u00e9s de journaliste aupr\u00e8s du site d\u2019information Casbah Tribune, qu\u2019il a fond\u00e9, et de TV5Monde, dont il est le correspondant en Alg\u00e9rie.Il anime aussi l\u2019\u00e9mission Caf\u00e9 presse politique (CCP) de la webradio Radio M.Le correspondant en Alg\u00e9rie de Reporters sans fronti\u00e8res (RSF) note en outre qu\u2019il ne renoncera pas \u00e0 poursuivre son engagement pour la libert\u00e9 de la presse.<\/p>\n<p>\u00ab\u00a0Je ne sais qu\u2019\u00eatre journaliste. C\u2019est la profession que j\u2019exerce avec fiert\u00e9 et bonheur depuis 15 ans et je suis heureux de revenir \u00e0 cette formidable profession\u00a0\u00bb, assure-t-il.<\/p>\n<p>A ce jour, sa libert\u00e9 n\u2019est que provisoire puisque le pourvoi en cassation qu\u2019il a introduit sera examin\u00e9 ce jeudi par la Cour supr\u00eame. Il sera repr\u00e9sent\u00e9 par son avocat \u00e0 l\u2019audience.<\/p>\n<p>Son cas est devenu embl\u00e9matique du combat pour la libert\u00e9 de presse et d\u2019expression, mise \u00e0 mal par une s\u00e9rie de condamnations et un arsenal juridique tr\u00e8s restrictif pour la presse en ligne et les r\u00e9seaux sociaux.<\/p>\n<p>\u00ab\u00a0Un journaliste ne m\u00e9rite pas d\u2019aller en prison. J\u2019esp\u00e8re que je suis le dernier journaliste alg\u00e9rien qui entre en prison\u00a0\u00bb, plaide Khaled Drareni.<br \/>Malgr\u00e9 la lib\u00e9ration r\u00e9cente d\u2019une quarantaine de d\u00e9tenus d\u2019opinion, une trentaine de personnes sont toujours en prison pour des faits li\u00e9s au Hirak et\/ou aux libert\u00e9s individuelles, selon le Comit\u00e9 national pour la lib\u00e9ration des d\u00e9tenus (CNLD).<\/p>\n<p>\u00ab\u00a0Je pense que le combat de la libert\u00e9 de la presse est un combat de tous les jours et dans tous les pays\u00a0\u00bb, estime M. Drareni. \u00ab\u00a0Il doit \u00eatre un combat universel et je suis pr\u00eat \u00e0 mener ce combat en tant que journaliste alg\u00e9rien.\u00a0\u00bb<\/p>\n<p>Auteur: M&rsquo;hammed rahal<br \/>\n<a href=\"http:\/\/albayane.press.ma\/%EF%BB%BFpour-khaled-drareni-la-liberte-de-la-presse-doit-etre-intouchable.html\">Cliquez ici pour lire l&rsquo;article depuis sa source.<\/a><\/p>\n","protected":false},"excerpt":{"rendered":"<p>Emprisonn\u00e9 pour avoir couvert une manifestation en Alg\u00e9rie Sit\u00f4t lib\u00e9r\u00e9, le journaliste alg\u00e9rien Khaled Drareni, emprisonn\u00e9 pendant presque un an pour avoir couvert une manifestation, se dit d\u00e9termin\u00e9 \u00e0 reprendre son m\u00e9tier et son combat pour la libert\u00e9 de la presse, dans un entretien \u00e0 l\u2019AFP. \u00ab\u00a0J\u2019esp\u00e8re que ma prison va contribuer \u00e0 renforcer la [&hellip;]<\/p>\n","protected":false},"author":1760,"featured_media":0,"comment_status":"closed","ping_status":"closed","sticky":false,"template":"","format":"standard","meta":{"fifu_image_url":"","fifu_image_alt":"","footnotes":""},"categories":[73,54],"tags":[],"class_list":["post-112009","post","type-post","status-publish","format-standard","hentry","category-actualite","category-maroc"],"_links":{"self":[{"href":"https:\/\/linitiative.ca\/International\/wp-json\/wp\/v2\/posts\/112009","targetHints":{"allow":["GET"]}}],"collection":[{"href":"https:\/\/linitiative.ca\/International\/wp-json\/wp\/v2\/posts"}],"about":[{"href":"https:\/\/linitiative.ca\/International\/wp-json\/wp\/v2\/types\/post"}],"author":[{"embeddable":true,"href":"https:\/\/linitiative.ca\/International\/wp-json\/wp\/v2\/users\/1760"}],"replies":[{"embeddable":true,"href":"https:\/\/linitiative.ca\/International\/wp-json\/wp\/v2\/comments?post=112009"}],"version-history":[{"count":0,"href":"https:\/\/linitiative.ca\/International\/wp-json\/wp\/v2\/posts\/112009\/revisions"}],"wp:attachment":[{"href":"https:\/\/linitiative.ca\/International\/wp-json\/wp\/v2\/media?parent=112009"}],"wp:term":[{"taxonomy":"category","embeddable":true,"href":"https:\/\/linitiative.ca\/International\/wp-json\/wp\/v2\/categories?post=112009"},{"taxonomy":"post_tag","embeddable":true,"href":"https:\/\/linitiative.ca\/International\/wp-json\/wp\/v2\/tags?post=112009"}],"curies":[{"name":"wp","href":"https:\/\/api.w.org\/{rel}","templated":true}]}}