{"id":112011,"date":"2021-02-25T09:14:24","date_gmt":"2021-02-25T14:14:24","guid":{"rendered":"https:\/\/linitiative.ca\/International\/le-projet-de-loi-relatif-au-processus-electoral-adopte-en-commission\/"},"modified":"2021-02-25T09:14:24","modified_gmt":"2021-02-25T14:14:24","slug":"le-projet-de-loi-relatif-au-processus-electoral-adopte-en-commission","status":"publish","type":"post","link":"https:\/\/linitiative.ca\/International\/le-projet-de-loi-relatif-au-processus-electoral-adopte-en-commission\/","title":{"rendered":"Le projet de loi relatif au processus \u00e9lectoral adopt\u00e9 en commission"},"content":{"rendered":"<p><strong>La Commission de l\u2019Int\u00e9rieur, des collectivit\u00e9s territoriales, de l\u2019habitat et de la politique de la ville \u00e0 la Chambre des repr\u00e9sentants a adopt\u00e9, mercredi, le projet de loi 10.21 modifiant et compl\u00e9tant la loi 57.11 relative aux listes \u00e9lectorales g\u00e9n\u00e9rales, aux op\u00e9rations de r\u00e9f\u00e9rendums et \u00e0 l\u2019utilisation des moyens audiovisuels publics lors des campagnes \u00e9lectorales et r\u00e9f\u00e9rendaires.<\/strong><\/p>\n<p>Adopt\u00e9 lors d\u2019une s\u00e9ance en pr\u00e9sence du ministre de l\u2019Int\u00e9rieur Abdelouafi Laftit, le texte fixe les d\u00e9lais relatifs respectivement aux nouvelles demandes d\u2019inscription et les demandes de transfert d\u2019inscription sur les listes \u00e9lectorales g\u00e9n\u00e9rales, aux r\u00e9unions des Commissions administratives, au d\u00e9p\u00f4t des tableaux rectificatifs, \u00e0 la communication des d\u00e9cisions des Commissions aux personnes concern\u00e9es ainsi qu\u2019\u00e0 la date d\u2019arr\u00eat des listes \u00e9lectorales g\u00e9n\u00e9rales.<\/p>\n<p>Le projet de loi comprend \u00e9galement des dispositions qui encouragent les citoyens ayant obtenu leur Carte nationale d\u2019identit\u00e9 \u00e9lectronique pour la premi\u00e8re fois, en particulier les jeunes, \u00e0 s\u2019inscrire sur les listes \u00e9lectorales g\u00e9n\u00e9rales.<\/p>\n<p>En r\u00e9ponse aux demandes des partis politiques concernant l\u2019abrogation de la disposition interdisant l\u2019utilisation de certains symboles nationaux dans la campagne \u00e9lectorale, une pratique susceptible d\u2019entra\u00eener dans certains cas l\u2019annulation des \u00e9lections, le projet de loi propose de lever l\u2019interdiction de l\u2019utilisation de l\u2019hymne national et du portrait officiel de Sa Majest\u00e9 le Roi dans les salles accueillant les r\u00e9unions \u00e9lectorales \u00e0 l\u2019occasion des campagnes \u00e9lectorales.<\/p>\n<p>En outre, le projet de loi pr\u00e9voit de nouvelles dispositions permettant l\u2019activation du fonds de soutien pour promouvoir la repr\u00e9sentativit\u00e9 des femmes au profit des porteurs de projets de sensibilisation et de formation dans les domaines li\u00e9s aux \u00e9lections r\u00e9gionales et \u00e0 la Chambre professionnelle, avec ce que cela exige en termes d\u2019abrogation de l\u2019article 288 de la loi n\u00b0 9-97 formant Code \u00e9lectoral.<\/p>\n<p>Auteur: M&rsquo;hammed rahal<br \/>\n<a href=\"http:\/\/albayane.press.ma\/le-projet-de-loi-relatif-au-processus-electoral-adopte-en-commission.html\">Cliquez ici pour lire l&rsquo;article depuis sa source.<\/a><\/p>\n","protected":false},"excerpt":{"rendered":"<p>La Commission de l\u2019Int\u00e9rieur, des collectivit\u00e9s territoriales, de l\u2019habitat et de la politique de la ville \u00e0 la Chambre des repr\u00e9sentants a adopt\u00e9, mercredi, le projet de loi 10.21 modifiant et compl\u00e9tant la loi 57.11 relative aux listes \u00e9lectorales g\u00e9n\u00e9rales, aux op\u00e9rations de r\u00e9f\u00e9rendums et \u00e0 l\u2019utilisation des moyens audiovisuels publics lors des campagnes \u00e9lectorales [&hellip;]<\/p>\n","protected":false},"author":1760,"featured_media":0,"comment_status":"closed","ping_status":"closed","sticky":false,"template":"","format":"standard","meta":{"fifu_image_url":"","fifu_image_alt":"","footnotes":""},"categories":[73,54],"tags":[],"class_list":["post-112011","post","type-post","status-publish","format-standard","hentry","category-actualite","category-maroc"],"_links":{"self":[{"href":"https:\/\/linitiative.ca\/International\/wp-json\/wp\/v2\/posts\/112011","targetHints":{"allow":["GET"]}}],"collection":[{"href":"https:\/\/linitiative.ca\/International\/wp-json\/wp\/v2\/posts"}],"about":[{"href":"https:\/\/linitiative.ca\/International\/wp-json\/wp\/v2\/types\/post"}],"author":[{"embeddable":true,"href":"https:\/\/linitiative.ca\/International\/wp-json\/wp\/v2\/users\/1760"}],"replies":[{"embeddable":true,"href":"https:\/\/linitiative.ca\/International\/wp-json\/wp\/v2\/comments?post=112011"}],"version-history":[{"count":0,"href":"https:\/\/linitiative.ca\/International\/wp-json\/wp\/v2\/posts\/112011\/revisions"}],"wp:attachment":[{"href":"https:\/\/linitiative.ca\/International\/wp-json\/wp\/v2\/media?parent=112011"}],"wp:term":[{"taxonomy":"category","embeddable":true,"href":"https:\/\/linitiative.ca\/International\/wp-json\/wp\/v2\/categories?post=112011"},{"taxonomy":"post_tag","embeddable":true,"href":"https:\/\/linitiative.ca\/International\/wp-json\/wp\/v2\/tags?post=112011"}],"curies":[{"name":"wp","href":"https:\/\/api.w.org\/{rel}","templated":true}]}}