{"id":112014,"date":"2021-02-25T03:54:28","date_gmt":"2021-02-25T08:54:28","guid":{"rendered":"https:\/\/linitiative.ca\/International\/covid-19-tourisme-les-professionnels-recommandent-le-demarrage-immediat-de-la-vaccination\/"},"modified":"2021-02-25T03:54:28","modified_gmt":"2021-02-25T08:54:28","slug":"covid-19-tourisme-les-professionnels-recommandent-le-demarrage-immediat-de-la-vaccination","status":"publish","type":"post","link":"https:\/\/linitiative.ca\/International\/covid-19-tourisme-les-professionnels-recommandent-le-demarrage-immediat-de-la-vaccination\/","title":{"rendered":"Covid-19 \u2013 Tourisme : les professionnels recommandent le d\u00e9marrage imm\u00e9diat de la vaccination"},"content":{"rendered":"<div class=\"td-post-content\">\n<h2>Les professionnels du tourisme ont exprim\u00e9, mercredi, leur souhait de voir l\u2019op\u00e9ration de vaccination contre la Covid-19, d\u00e9marrer dans les plus brefs d\u00e9lais. Et ce afin de leur permettre de bien se pr\u00e9parer \u00e0 la nouvelle saison touristique apr\u00e8s un long marasme. Ce marasme a dur\u00e9 toute une ann\u00e9e. Et il a eu un impact n\u00e9gatif sur les diff\u00e9rents acteurs du tourisme.<\/h2>\n<p>Lors d\u2019une rencontre tenue entre Habib Ammar et\u00a0<a href=\"http:\/\/www.leconomistemaghrebin.com\/2021\/02\/09\/faouzi-mehdi-nous-sommes-certain-de-lefficacite-des-vaccins\/\">Faouzi Mehdi<\/a>, respectivement ministres du Tourisme et de l\u2019Artisanat et de la Sant\u00e9 Publique, les professionnels du tourisme ont soulign\u00e9 leur d\u00e9termination \u00e0 soutenir les efforts du d\u00e9partement de la sant\u00e9. Et de contribuer \u00e0 la r\u00e9ussite des diff\u00e9rentes \u00e9tapes de vaccination contre le virus\u00a0<a href=\"https:\/\/www.who.int\/fr\/emergencies\/diseases\/novel-coronavirus-2019\" target=\"_blank\" rel=\"noopener noreferrer\">COVID-19<\/a>. Lit-on dans un communiqu\u00e9 publi\u00e9 mercredi par le minist\u00e8re du tourisme sur sa page Facebook.<\/p>\n<p>En effet, les participants ont insist\u00e9 sur le n\u00e9cessit\u00e9 de mettre en \u0153uvre un calendrier clair. Ce calendrier portera sur\u00a0 l\u2019ex\u00e9cution de la strat\u00e9gie nationale de vaccination. Ils soulignent la port\u00e9e de mettre en \u0153uvre une strat\u00e9gie de communication et de commercialisation de la campagne . Ce qui est de nature \u00e0 rassurer les op\u00e9rateurs touristiques surtout les grands tours op\u00e9rateurs et les agences de voyages. L\u2019objectif \u00e9tant de commercialiser l\u2019image de la Tunisie. Et ce en tant que destination touristique en cas d\u2019am\u00e9lioration de la situation \u00e9pid\u00e9mique internationale.<\/p>\n<p>Une r\u00e9union de travail marqu\u00e9e par la pr\u00e9sence du pr\u00e9sident du comit\u00e9 de pilotage de la campagne nationale de vaccination contre COVID-19, le pr\u00e9sident de la commission du confinement sanitaire, les pr\u00e9sidents et les repr\u00e9sentants des f\u00e9d\u00e9rations et des organisations professionnelles nationales de tourisme, a \u00e9t\u00e9 consacr\u00e9e \u00e0 la pr\u00e9paration \u00e0 la nouvelle saison touristique et \u00e0 la m\u00e9thode d\u2019ex\u00e9cution de la strat\u00e9gie nationale de vaccination, selon le m\u00eame communiqu\u00e9.<\/p>\n<p>Par ailleurs, elle a \u00e9t\u00e9 une occasion pour mettre en relief les initiatives de la Tunisie de fournir les vaccins dans les plus brefs d\u00e9lais et sa d\u00e9termination \u00e0 garantir la r\u00e9ussite de la\u00a0 strat\u00e9gie nationale de vaccination qui va \u00eatre accompagn\u00e9e d\u2019une campagne de communication .<\/p>\n<p>Il a, \u00e0 cet effet, \u00e9t\u00e9 d\u00e9cid\u00e9 de former un groupe de travail commun. Le groupe de travail rassemblent\u00a0 les repr\u00e9sentants des minist\u00e8res du Tourisme et de la Sant\u00e9, les f\u00e9d\u00e9rations nationales du Tourisme. Et ce afin de proposer des mesures contribuant \u00e0 aider le secteur du tourisme \u00e0 retrouver son rythme de croissance habituel. Tout en prenant\u00a0 en consid\u00e9ration\u00a0 l\u2019\u00e9volution de la situation \u00e9pid\u00e9mique \u00e0 l\u2019\u00e9chelle nationale et internationale.<\/p>\n<p>Avec TAP<\/p>\n<\/div>\n<footer>\n<\/footer>\n<div class=\"wp-post-author-wrap wp-post-author-shortcode left\">\n<h3 class=\"awpa-title\"\/>\n<div class=\"wp-post-author\">\n<div class=\"awpa-img awpa-author-block square\"><a href=\"http:\/\/lexpertjournal.net\/fr\/?author=5\"><img loading=\"lazy\" decoding=\"async\" alt=\"\" src=\"http:\/\/0.gravatar.com\/avatar\/97f8e10a1c1125ba104a76514ee07b16?s=150&amp;d=mm&amp;r=g\" srcset=\"http:\/\/0.gravatar.com\/avatar\/97f8e10a1c1125ba104a76514ee07b16?s=300&amp;d=mm&amp;r=g 2x\" class=\"avatar avatar-150 photo\" height=\"150\" width=\"150\"\/><\/a><\/div>\n<\/div>\n<\/div>\n<aside class=\"mashsb-container mashsb-main mashsb-stretched\">\n<\/aside>\n<p>Auteur: L&rsquo;expert<br \/>\n<a href=\"http:\/\/lexpertjournal.net\/fr\/?p=18841\">Cliquez ici pour lire l&rsquo;article depuis sa source.<\/a><\/p>\n","protected":false},"excerpt":{"rendered":"<p>Les professionnels du tourisme ont exprim\u00e9, mercredi, leur souhait de voir l\u2019op\u00e9ration de vaccination contre la Covid-19, d\u00e9marrer dans les plus brefs d\u00e9lais. Et ce afin de leur permettre de bien se pr\u00e9parer \u00e0 la nouvelle saison touristique apr\u00e8s un long marasme. Ce marasme a dur\u00e9 toute une ann\u00e9e. Et il a eu un impact [&hellip;]<\/p>\n","protected":false},"author":1775,"featured_media":0,"comment_status":"closed","ping_status":"closed","sticky":false,"template":"","format":"standard","meta":{"fifu_image_url":"http:\/\/0.gravatar.com\/avatar\/97f8e10a1c1125ba104a76514ee07b16?s=150&d=mm&r=g","fifu_image_alt":"Covid-19 \u2013 Tourisme : les professionnels recommandent le d\u00e9marrage imm\u00e9diat de la vaccination","footnotes":""},"categories":[78,55],"tags":[],"class_list":["post-112014","post","type-post","status-publish","format-standard","hentry","category-economie","category-tunisie"],"_links":{"self":[{"href":"https:\/\/linitiative.ca\/International\/wp-json\/wp\/v2\/posts\/112014","targetHints":{"allow":["GET"]}}],"collection":[{"href":"https:\/\/linitiative.ca\/International\/wp-json\/wp\/v2\/posts"}],"about":[{"href":"https:\/\/linitiative.ca\/International\/wp-json\/wp\/v2\/types\/post"}],"author":[{"embeddable":true,"href":"https:\/\/linitiative.ca\/International\/wp-json\/wp\/v2\/users\/1775"}],"replies":[{"embeddable":true,"href":"https:\/\/linitiative.ca\/International\/wp-json\/wp\/v2\/comments?post=112014"}],"version-history":[{"count":0,"href":"https:\/\/linitiative.ca\/International\/wp-json\/wp\/v2\/posts\/112014\/revisions"}],"wp:attachment":[{"href":"https:\/\/linitiative.ca\/International\/wp-json\/wp\/v2\/media?parent=112014"}],"wp:term":[{"taxonomy":"category","embeddable":true,"href":"https:\/\/linitiative.ca\/International\/wp-json\/wp\/v2\/categories?post=112014"},{"taxonomy":"post_tag","embeddable":true,"href":"https:\/\/linitiative.ca\/International\/wp-json\/wp\/v2\/tags?post=112014"}],"curies":[{"name":"wp","href":"https:\/\/api.w.org\/{rel}","templated":true}]}}