{"id":112018,"date":"2021-02-25T08:51:19","date_gmt":"2021-02-25T13:51:19","guid":{"rendered":"https:\/\/linitiative.ca\/International\/microcredit-la-fondation-cdg-accorde-25-mdh-daides-financieres-aux-agrs\/"},"modified":"2021-02-25T08:51:19","modified_gmt":"2021-02-25T13:51:19","slug":"microcredit-la-fondation-cdg-accorde-25-mdh-daides-financieres-aux-agrs","status":"publish","type":"post","link":"https:\/\/linitiative.ca\/International\/microcredit-la-fondation-cdg-accorde-25-mdh-daides-financieres-aux-agrs\/","title":{"rendered":"Microcr\u00e9dit: La Fondation CDG accorde 2,5 MDH d\u2019aides financi\u00e8res aux AGRs"},"content":{"rendered":"<p class=\"c4\">La Fondation CDG a accord\u00e9, au titre de la 6\u00e8me \u00e9dition du Programme National d\u2019Appui aux Activit\u00e9s G\u00e9n\u00e9ratrices de Revenus (AGRs) via le microcr\u00e9dit, des aides financi\u00e8res \u00e0 163 micro-projets, totalisant pr\u00e8s de 2,5 millions de dirhams (MDH).<\/p>\n<p class=\"c4\">\u00ab\u00a0Apr\u00e8s \u00e9valuation des dossiers par un jury, la Fondation CDG a accord\u00e9, pour cette \u00e9dition 2020, des aides financi\u00e8res \u00e0 163 micro-projets r\u00e9pondant aux crit\u00e8res du r\u00e8glement de l\u2019appel \u00e0 projets lanc\u00e9 en juin 2020, totalisant ainsi pr\u00e8s de 2,5 MDH\u00a0\u00bb, indique un communiqu\u00e9 conjoint des initiateurs.<\/p>\n<p class=\"c4\">Initi\u00e9 en 2014 par la Fondation CDG, en partenariat avec le Centre Mohammed VI de Soutien \u00e0 la Microfinance Solidaire, la F\u00e9d\u00e9ration Nationale des Associations de Microcr\u00e9dit (FNAM) et le Fonds Ja\u00efda, le Programme National d\u2019Appui aux AGRs via le Microcr\u00e9dit a pour objectif de contribuer \u00e0 la lutte contre l\u2019exclusion sociale des jeunes par la promotion de l\u2019auto-emploi et leur insertion et autonomie \u00e9conomique, rel\u00e8ve la m\u00eame source.<\/p>\n<p class=\"c4\">Cette \u00e9dition du Programme National d\u2019Appui aux AGRs a connu la participation de 225 candidats porteurs de micro-projets provenant de diff\u00e9rentes r\u00e9gions du Maroc, pr\u00e9cise le communiqu\u00e9, notant que, chaque ann\u00e9e, un appel \u00e0 candidature est lanc\u00e9 aupr\u00e8s des associations de microcr\u00e9dit en vue d\u2019identifier des projets en cours de cr\u00e9ation ou de cr\u00e9ation r\u00e9cente \u00e9ligibles au soutien du Programme.<\/p>\n<p class=\"c4\">L\u2019aide financi\u00e8re attribu\u00e9e par la Fondation CDG leur permet de financer une partie ou la totalit\u00e9 de leur apport personnel, sans d\u00e9passer 50 % du co\u00fbt du projet et \u00e0 la limite du plafond du cr\u00e9dit attribu\u00e9 par les AMC, fait savoir la m\u00eame source, relevant que les b\u00e9n\u00e9ficiaires suivent \u00e9galement une formation dispens\u00e9e par le Centre Mohammed VI de soutien \u00e0 la microfinance solidaire et d\u2019un accompagnement cibl\u00e9 par le Fonds JAIDA et la FNAM via les AMC dans l\u2019objectif de garantir la viabilit\u00e9 et la p\u00e9rennit\u00e9 de leurs micro-projets.<\/p>\n<p class=\"c4\">Au vu des conditions sanitaires actuelles engendr\u00e9es par la pand\u00e9mie du Covid19, aucune c\u00e9r\u00e9monie n\u2019a \u00e9t\u00e9 organis\u00e9e et les aides ont \u00e9t\u00e9 remises \u00e0 l\u2019ensemble des b\u00e9n\u00e9ficiaires via des virements bancaires effectu\u00e9s directement sur leurs comptes, indique la m\u00eame source.<\/p>\n<p class=\"c4\">Pour cette sixi\u00e8me \u00e9dition, la formation a \u00e9t\u00e9 assur\u00e9e \u00e0 distance en faveur de l\u2019ensemble des laur\u00e9ats et a port\u00e9 sur diff\u00e9rents modules notamment: la digitalisation, la budg\u00e9tisation, la performance sociale et financi\u00e8re en situation de crise, la gestion de la dette, ainsi que les techniques de vente et le d\u00e9veloppement personnel.<\/p>\n<p class=\"c4\">Des troph\u00e9es, des m\u00e9dailles et des certificats de m\u00e9rite ont \u00e9galement \u00e9t\u00e9 d\u00e9cern\u00e9s aux responsables des associations de Microcr\u00e9dit participantes, \u00e0 savoir: Attadamoune, ARDI, Attawfiq, Al Amana, Inmaa, BRJ et Isma\u00eflia.<\/p>\n<p class=\"c4\">Levier de responsabilit\u00e9 sociale du Groupe CDG, la Fondation CDG, association reconnue d\u2019utilit\u00e9 publique par d\u00e9cret n\u00b0 2.07.893 du 29 mai 2007, s\u2019emploie, depuis sa cr\u00e9ation en 2004, \u00e0 soutenir des actions de solidarit\u00e9 et de d\u00e9veloppement social et durable, des projets de valorisation du patrimoine culturel et historique national, des actions d\u2019appui au sport, talents et vocations, ainsi qu\u2019au soutien \u00e0 la science et au savoir.<\/p>\n<p>Auteur: Soufiane ELAHMAR<br \/>\n<a href=\"http:\/\/www.mapoujda.ma\/fr\/microcredit-la-fondation-cdg-accorde-25-mdh-daides-financieres-aux-agrs\/\">Cliquez ici pour lire l&rsquo;article depuis sa source.<\/a><\/p>\n","protected":false},"excerpt":{"rendered":"<p>La Fondation CDG a accord\u00e9, au titre de la 6\u00e8me \u00e9dition du Programme National d\u2019Appui aux Activit\u00e9s G\u00e9n\u00e9ratrices de Revenus (AGRs) via le microcr\u00e9dit, des aides financi\u00e8res \u00e0 163 micro-projets, totalisant pr\u00e8s de 2,5 millions de dirhams (MDH). \u00ab\u00a0Apr\u00e8s \u00e9valuation des dossiers par un jury, la Fondation CDG a accord\u00e9, pour cette \u00e9dition 2020, des [&hellip;]<\/p>\n","protected":false},"author":1788,"featured_media":0,"comment_status":"closed","ping_status":"closed","sticky":false,"template":"","format":"standard","meta":{"fifu_image_url":"","fifu_image_alt":"","footnotes":""},"categories":[54,76],"tags":[],"class_list":["post-112018","post","type-post","status-publish","format-standard","hentry","category-maroc","category-regions"],"_links":{"self":[{"href":"https:\/\/linitiative.ca\/International\/wp-json\/wp\/v2\/posts\/112018","targetHints":{"allow":["GET"]}}],"collection":[{"href":"https:\/\/linitiative.ca\/International\/wp-json\/wp\/v2\/posts"}],"about":[{"href":"https:\/\/linitiative.ca\/International\/wp-json\/wp\/v2\/types\/post"}],"author":[{"embeddable":true,"href":"https:\/\/linitiative.ca\/International\/wp-json\/wp\/v2\/users\/1788"}],"replies":[{"embeddable":true,"href":"https:\/\/linitiative.ca\/International\/wp-json\/wp\/v2\/comments?post=112018"}],"version-history":[{"count":0,"href":"https:\/\/linitiative.ca\/International\/wp-json\/wp\/v2\/posts\/112018\/revisions"}],"wp:attachment":[{"href":"https:\/\/linitiative.ca\/International\/wp-json\/wp\/v2\/media?parent=112018"}],"wp:term":[{"taxonomy":"category","embeddable":true,"href":"https:\/\/linitiative.ca\/International\/wp-json\/wp\/v2\/categories?post=112018"},{"taxonomy":"post_tag","embeddable":true,"href":"https:\/\/linitiative.ca\/International\/wp-json\/wp\/v2\/tags?post=112018"}],"curies":[{"name":"wp","href":"https:\/\/api.w.org\/{rel}","templated":true}]}}