{"id":112020,"date":"2021-02-25T11:33:04","date_gmt":"2021-02-25T16:33:04","guid":{"rendered":"https:\/\/linitiative.ca\/International\/le-conseil-de-gouvernement-entame-lexamen-dun-projet-de-loi-portant-usage-legal-du-cannabis\/"},"modified":"2021-02-25T11:33:04","modified_gmt":"2021-02-25T16:33:04","slug":"le-conseil-de-gouvernement-entame-lexamen-dun-projet-de-loi-portant-usage-legal-du-cannabis","status":"publish","type":"post","link":"https:\/\/linitiative.ca\/International\/le-conseil-de-gouvernement-entame-lexamen-dun-projet-de-loi-portant-usage-legal-du-cannabis\/","title":{"rendered":"Le Conseil de gouvernement entame l\u2019examen d\u2019un projet de loi portant usage l\u00e9gal du cannabis"},"content":{"rendered":"<div class=\"single-featured\"><img alt=\"\" data-src=\"http:\/\/www.mapoujda.ma\/map\/uploads\/2021\/02\/El-Otmani-pr\u00e9side-la-r\u00e9union-du-Conseil-de-gouvernement-2-750\u00d7430-MAP.jpg\"\/><\/div>\n<div class=\"entry-content clearfix single-post-content\" readability=\"57\">\n<p class=\"c4\">Le Conseil de gouvernement, r\u00e9uni jeudi par visioconf\u00e9rence sous la pr\u00e9sidence du Chef du gouvernement Saad Dine El Otmani, a entam\u00e9 l\u2019examen du projet de loi n\u00b0 13.21 portant usage l\u00e9gal du cannabis, en pr\u00e9vision de son adoption lors du prochain conseil.<\/p>\n<p class=\"c4\">Pr\u00e9sent\u00e9 par le ministre de l\u2019Int\u00e9rieur, ce projet de loi sera compl\u00e9t\u00e9 et approuv\u00e9 lors du prochain Conseil de gouvernement, a fait savoir le ministre de l\u2019\u00c9ducation nationale, de la Formation professionnelle, de l\u2019Enseignement sup\u00e9rieur et de la Recherche scientifique, Porte-parole du gouvernement, M. Saaid Amzazi, dans un communiqu\u00e9 lu lors d\u2019un point de presse, tenu \u00e0 l\u2019issue du conseil de gouvernement.<\/p>\n<p class=\"c4\">Ce Conseil de gouvernement a \u00e9t\u00e9 consacr\u00e9 \u00e0 l\u2019examen du projet de loi n\u00b0 13.21 ainsi qu\u2019\u00e0 l\u2019examen et \u00e0 l\u2019approbation de trois projets de d\u00e9cret portant application du d\u00e9cret-loi n\u00b0 2.20.605 du 15 septembre 2020 relatif \u00e0 la promulgation de mesures exceptionnelles au profit de certains employeurs affili\u00e9s \u00e0 la Caisse Nationale de S\u00e9curit\u00e9 Sociale (CNSS) et de leurs employ\u00e9s d\u00e9clar\u00e9s, ainsi que certaines cat\u00e9gories de travailleurs ind\u00e9pendants et de personnes non-salari\u00e9es assur\u00e9es aupr\u00e8s de la CNSS touch\u00e9s par les r\u00e9percussions de la propagation de la pand\u00e9mie du coronavirus (Covid-19), apr\u00e8s prise en consid\u00e9ration des modifications convenues concernant la prolongation de la p\u00e9riode de prestations.<\/p>\n<\/div>\n<p>Auteur: Soufiane ELAHMAR<br \/>\n<a href=\"http:\/\/www.mapoujda.ma\/fr\/le-conseil-de-gouvernement-entame-lexamen-dun-projet-de-loi-portant-usage-legal-du-cannabis\/\">Cliquez ici pour lire l&rsquo;article depuis sa source.<\/a><\/p>\n","protected":false},"excerpt":{"rendered":"<p>Le Conseil de gouvernement, r\u00e9uni jeudi par visioconf\u00e9rence sous la pr\u00e9sidence du Chef du gouvernement Saad Dine El Otmani, a entam\u00e9 l\u2019examen du projet de loi n\u00b0 13.21 portant usage l\u00e9gal du cannabis, en pr\u00e9vision de son adoption lors du prochain conseil. Pr\u00e9sent\u00e9 par le ministre de l\u2019Int\u00e9rieur, ce projet de loi sera compl\u00e9t\u00e9 et [&hellip;]<\/p>\n","protected":false},"author":1788,"featured_media":0,"comment_status":"closed","ping_status":"closed","sticky":false,"template":"","format":"standard","meta":{"fifu_image_url":"http:\/\/www.mapoujda.ma\/map\/uploads\/2021\/02\/El-Otmani-pr\u00e9side-la-r\u00e9union-du-Conseil-de-gouvernement-2-750\u00d7430-MAP.jpg","fifu_image_alt":"Le Conseil de gouvernement entame l\u2019examen d\u2019un projet de loi portant usage l\u00e9gal du cannabis","footnotes":""},"categories":[54,76],"tags":[],"class_list":["post-112020","post","type-post","status-publish","format-standard","hentry","category-maroc","category-regions"],"_links":{"self":[{"href":"https:\/\/linitiative.ca\/International\/wp-json\/wp\/v2\/posts\/112020","targetHints":{"allow":["GET"]}}],"collection":[{"href":"https:\/\/linitiative.ca\/International\/wp-json\/wp\/v2\/posts"}],"about":[{"href":"https:\/\/linitiative.ca\/International\/wp-json\/wp\/v2\/types\/post"}],"author":[{"embeddable":true,"href":"https:\/\/linitiative.ca\/International\/wp-json\/wp\/v2\/users\/1788"}],"replies":[{"embeddable":true,"href":"https:\/\/linitiative.ca\/International\/wp-json\/wp\/v2\/comments?post=112020"}],"version-history":[{"count":0,"href":"https:\/\/linitiative.ca\/International\/wp-json\/wp\/v2\/posts\/112020\/revisions"}],"wp:attachment":[{"href":"https:\/\/linitiative.ca\/International\/wp-json\/wp\/v2\/media?parent=112020"}],"wp:term":[{"taxonomy":"category","embeddable":true,"href":"https:\/\/linitiative.ca\/International\/wp-json\/wp\/v2\/categories?post=112020"},{"taxonomy":"post_tag","embeddable":true,"href":"https:\/\/linitiative.ca\/International\/wp-json\/wp\/v2\/tags?post=112020"}],"curies":[{"name":"wp","href":"https:\/\/api.w.org\/{rel}","templated":true}]}}