{"id":112021,"date":"2021-02-25T09:09:15","date_gmt":"2021-02-25T14:09:15","guid":{"rendered":"https:\/\/linitiative.ca\/International\/lydec-attention-perturbation-de-lalimentation-en-eau-potable\/"},"modified":"2021-02-25T09:09:15","modified_gmt":"2021-02-25T14:09:15","slug":"lydec-attention-perturbation-de-lalimentation-en-eau-potable","status":"publish","type":"post","link":"https:\/\/linitiative.ca\/International\/lydec-attention-perturbation-de-lalimentation-en-eau-potable\/","title":{"rendered":"Lydec: Attention perturbation de l&rsquo;alimentation en eau potable"},"content":{"rendered":"<p class=\"rtejustify\">A partir du samedi 27 f\u00e9vrier, Lydec m\u00e8ne une op\u00e9ration d\u2019envergure de raccordement de deux nouvelles conduites structurantes (DN800) au r\u00e9seau d&rsquo;alimentation en eau potable. Il s\u2019agit de travaux n\u00e9cessaires \u00e0 la pr\u00e9paration de la r\u00e9alisation des lignes T3 et T4 du Tramway de Casablanca.<\/p>\n<p class=\"rtejustify\">Cette op\u00e9ration exceptionnelle pourrait engendrer une perturbation de l&rsquo;alimentation en eau potable pouvant aller jusqu&rsquo;\u00e0 la coupure dans certaines zones du Grand Casablanca, relevant des pr\u00e9fectures des arrondissements de Sidi Bernoussi et de Moulay Rachid ainsi que de la province de M\u00e9diouna.<\/p>\n<p class=\"rtejustify\">La capacit\u00e9 du Centre de Relation Client\u00e8le de Lydec (05 22 31 20 20, joignable 24h\/24 et 7j\/7), sera renforc\u00e9e, \u00e0 partir de ce vendredi 26 f\u00e9vrier, pour traiter un nombre d\u2019appels sup\u00e9rieur \u00e0 la normale et apporter les explications n\u00e9cessaires.<\/p>\n<div class=\"dnd-atom-wrapper type-image context-sdl_editor_representation\" contenteditable=\"false\">\n<div class=\"dnd-drop-wrapper image\"><img loading=\"lazy\" decoding=\"async\" typeof=\"foaf:Image\" class=\"img-responsive\" src=\"https:\/\/redac.leconomiste.com\/sites\/default\/files\/eco7\/public\/thumbnails\/image\/carte_lydec_travaux_tt.jpg\" width=\"800\" height=\"712\" alt=\"carte_lydec_travaux_tt.jpg\" title=\"carte_lydec_travaux_tt.jpg\"\/><\/div>\n<\/div>\n<p class=\"rtejustify\"><em>A.E.<\/em><\/p>\n<p class=\"rtejustify\">\u00a0<\/p>\n<p class=\"rtejustify\">\u00a0<\/p>\n<p>Auteur: mbasraoui<br \/>\n<a href=\"https:\/\/www.leconomiste.com\/flash-infos\/lydec-attention-perturbation-de-l-alimentation-en-eau-potable\">Cliquez ici pour lire l&rsquo;article depuis sa source.<\/a><\/p>\n","protected":false},"excerpt":{"rendered":"<p>A partir du samedi 27 f\u00e9vrier, Lydec m\u00e8ne une op\u00e9ration d\u2019envergure de raccordement de deux nouvelles conduites structurantes (DN800) au r\u00e9seau d&rsquo;alimentation en eau potable. Il s\u2019agit de travaux n\u00e9cessaires \u00e0 la pr\u00e9paration de la r\u00e9alisation des lignes T3 et T4 du Tramway de Casablanca. Cette op\u00e9ration exceptionnelle pourrait engendrer une perturbation de l&rsquo;alimentation en [&hellip;]<\/p>\n","protected":false},"author":1763,"featured_media":0,"comment_status":"closed","ping_status":"closed","sticky":false,"template":"","format":"standard","meta":{"fifu_image_url":"https:\/\/redac.leconomiste.com\/sites\/default\/files\/eco7\/public\/thumbnails\/image\/carte_lydec_travaux_tt.jpg","fifu_image_alt":"<div>Lydec: Attention perturbation de l'alimentation en eau potable<\/div>","footnotes":""},"categories":[78,54],"tags":[],"class_list":["post-112021","post","type-post","status-publish","format-standard","hentry","category-economie","category-maroc"],"_links":{"self":[{"href":"https:\/\/linitiative.ca\/International\/wp-json\/wp\/v2\/posts\/112021","targetHints":{"allow":["GET"]}}],"collection":[{"href":"https:\/\/linitiative.ca\/International\/wp-json\/wp\/v2\/posts"}],"about":[{"href":"https:\/\/linitiative.ca\/International\/wp-json\/wp\/v2\/types\/post"}],"author":[{"embeddable":true,"href":"https:\/\/linitiative.ca\/International\/wp-json\/wp\/v2\/users\/1763"}],"replies":[{"embeddable":true,"href":"https:\/\/linitiative.ca\/International\/wp-json\/wp\/v2\/comments?post=112021"}],"version-history":[{"count":0,"href":"https:\/\/linitiative.ca\/International\/wp-json\/wp\/v2\/posts\/112021\/revisions"}],"wp:attachment":[{"href":"https:\/\/linitiative.ca\/International\/wp-json\/wp\/v2\/media?parent=112021"}],"wp:term":[{"taxonomy":"category","embeddable":true,"href":"https:\/\/linitiative.ca\/International\/wp-json\/wp\/v2\/categories?post=112021"},{"taxonomy":"post_tag","embeddable":true,"href":"https:\/\/linitiative.ca\/International\/wp-json\/wp\/v2\/tags?post=112021"}],"curies":[{"name":"wp","href":"https:\/\/api.w.org\/{rel}","templated":true}]}}