{"id":112026,"date":"2021-02-25T11:00:00","date_gmt":"2021-02-25T16:00:00","guid":{"rendered":"https:\/\/linitiative.ca\/International\/le-chef-de-la-mission-de-lue-fait-un-bilan-detape\/"},"modified":"2021-02-25T11:00:00","modified_gmt":"2021-02-25T16:00:00","slug":"le-chef-de-la-mission-de-lue-fait-un-bilan-detape","status":"publish","type":"post","link":"https:\/\/linitiative.ca\/International\/le-chef-de-la-mission-de-lue-fait-un-bilan-detape\/","title":{"rendered":"Le chef de la mission de l\u2019UE fait un bilan d\u2019\u00e9tape"},"content":{"rendered":"<p class=\"p1 c3\"><span class=\"c2\"><strong>Le Temps-Agences-L\u2019op\u00e9ration Irini est la seule intervention de l\u2019Union europ\u00e9enne en Libye, un pays d\u00e9chir\u00e9 par dix ans de guerre civile. Sa principale t\u00e2che consiste \u00e0 mettre en place l\u2019embargo sur les armes, d\u00e9cid\u00e9 par les Nations Unies, \u00e0 travers l\u2019usage de moyens a\u00e9riens, satellitaires et marins.<span class=\"Apple-converted-space\">\u00a0<\/span><\/strong><\/span><\/p>\n<p class=\"p2 c4\">\u00a0<\/p>\n<p class=\"p3 c5\"><span class=\"c2\">Le chef de l\u2019op\u00e9ration, l\u2019amiral Fabio Agostini. Efi Koutsokosta, se livre dans une interview : \u00ab La Libye est dans une phase cruciale aujourd\u2019hui. Un gouvernement de transition devrait \u00eatre \u00e9tabli dans les prochains jours. Nous surveillons ce qui se passe en mer, dans les airs et au sol. Nous sommes pr\u00eats \u00e0 toute sorte de soutien que pourraient nous apporter la communaut\u00e9 internationale, les parties bellig\u00e9rantes et les \u00c9tats-membres de l\u2019Union. Nous sommes pr\u00eats. \u00bb<\/span><\/p>\n<p class=\"p3 c5\"><span class=\"c2\">Et d\u2019ajouter : \u00ab Jusqu\u2019\u00e0 maintenant, nous avons inspect\u00e9 six navires. Nous surveillons environ 2000 navires en tout, 150 vols et nous avons envoy\u00e9 20 rapports \u00e0 l\u2019ONU et au panel d\u2019experts sur une activit\u00e9 possiblement illicite en Libye. Donc nos r\u00e9sultats ne sont pas minces compte tenu de notre courte p\u00e9riode d\u2019activit\u00e9. \u00bb<\/span><\/p>\n<p class=\"p3 c5\"><span class=\"c2\">Fabio Agostini poursuit : \u00ab Je pense que le meilleur moyen de stopper l\u2019immigration ill\u00e9gale, de contribuer \u00e0 d\u00e9manteler le mod\u00e8le de trafic humain, c\u2019est de former les gardes-c\u00f4tes libyens, la marine, parce que nous avons besoin qu\u2019ils soient plus autonomes pour s\u2019occuper des questions de s\u00e9curit\u00e9 dans leurs eaux territoriales. Malheureusement, en ce moment, en raison de la paralysie politique, notre t\u00e2che n\u2019a pas encore d\u00e9marr\u00e9. Mais nous sommes confiants sur le fait que dans un avenir proche, l\u2019\u00e9volution de la situation en Libye nous permettra d\u2019obtenir des r\u00e9sultats m\u00eame dans ce domaine. \u00bb<\/span><\/p>\n<p class=\"p3 c5\"><span class=\"c2\">Fabio Agostini conclut : \u00ab Il y a beaucoup de probl\u00e8mes pour arriver \u00e0 un Libye stable et apais\u00e9e. Bien s\u00fbr, la pr\u00e9sence de troupes \u00e9trang\u00e8res mais aussi, en particulier, je dirais la pr\u00e9sence de mercenaires ou de forces arm\u00e9es ill\u00e9gales ou illicites font partie des probl\u00e8mes \u00e0 r\u00e9gler. \u00bb<\/span><\/p>\n<p>Auteur: letemps1<br \/>\n<a href=\"http:\/\/www.letemps.com.tn\/article\/119450\/le-chef-de-la-mission-de-l%E2%80%99ue-fait-un-bilan-d%E2%80%99%C3%A9tape\">Cliquez ici pour lire l&rsquo;article depuis sa source.<\/a><\/p>\n","protected":false},"excerpt":{"rendered":"<p>Le Temps-Agences-L\u2019op\u00e9ration Irini est la seule intervention de l\u2019Union europ\u00e9enne en Libye, un pays d\u00e9chir\u00e9 par dix ans de guerre civile. Sa principale t\u00e2che consiste \u00e0 mettre en place l\u2019embargo sur les armes, d\u00e9cid\u00e9 par les Nations Unies, \u00e0 travers l\u2019usage de moyens a\u00e9riens, satellitaires et marins.\u00a0 \u00a0 Le chef de l\u2019op\u00e9ration, l\u2019amiral Fabio Agostini. [&hellip;]<\/p>\n","protected":false},"author":1773,"featured_media":0,"comment_status":"closed","ping_status":"closed","sticky":false,"template":"","format":"standard","meta":{"fifu_image_url":"","fifu_image_alt":"","footnotes":""},"categories":[73,55],"tags":[],"class_list":["post-112026","post","type-post","status-publish","format-standard","hentry","category-actualite","category-tunisie"],"_links":{"self":[{"href":"https:\/\/linitiative.ca\/International\/wp-json\/wp\/v2\/posts\/112026","targetHints":{"allow":["GET"]}}],"collection":[{"href":"https:\/\/linitiative.ca\/International\/wp-json\/wp\/v2\/posts"}],"about":[{"href":"https:\/\/linitiative.ca\/International\/wp-json\/wp\/v2\/types\/post"}],"author":[{"embeddable":true,"href":"https:\/\/linitiative.ca\/International\/wp-json\/wp\/v2\/users\/1773"}],"replies":[{"embeddable":true,"href":"https:\/\/linitiative.ca\/International\/wp-json\/wp\/v2\/comments?post=112026"}],"version-history":[{"count":0,"href":"https:\/\/linitiative.ca\/International\/wp-json\/wp\/v2\/posts\/112026\/revisions"}],"wp:attachment":[{"href":"https:\/\/linitiative.ca\/International\/wp-json\/wp\/v2\/media?parent=112026"}],"wp:term":[{"taxonomy":"category","embeddable":true,"href":"https:\/\/linitiative.ca\/International\/wp-json\/wp\/v2\/categories?post=112026"},{"taxonomy":"post_tag","embeddable":true,"href":"https:\/\/linitiative.ca\/International\/wp-json\/wp\/v2\/tags?post=112026"}],"curies":[{"name":"wp","href":"https:\/\/api.w.org\/{rel}","templated":true}]}}