{"id":112028,"date":"2021-02-25T11:00:00","date_gmt":"2021-02-25T16:00:00","guid":{"rendered":"https:\/\/linitiative.ca\/International\/13-morts-dans-deux-attaques-forces-democratiques-alliees\/"},"modified":"2021-02-25T11:00:00","modified_gmt":"2021-02-25T16:00:00","slug":"13-morts-dans-deux-attaques-forces-democratiques-alliees","status":"publish","type":"post","link":"https:\/\/linitiative.ca\/International\/13-morts-dans-deux-attaques-forces-democratiques-alliees\/","title":{"rendered":"13 morts dans deux attaques Forces d\u00e9mocratiques alli\u00e9es"},"content":{"rendered":"<p class=\"p1 c3\"><span class=\"c2\"><strong>Le Temps-Agences-Au moins treize personnes ont \u00e9t\u00e9 tu\u00e9es, dont un militaire, dans la nuit de mardi \u00e0 hier dans deux attaques. Elles ont \u00e9t\u00e9 attribu\u00e9es aux membres du groupe arm\u00e9 Forces d\u00e9mocratiques alli\u00e9es (ADF) \u00e0 Beni dans l&rsquo;Est de la R\u00e9publique d\u00e9mocratique du Congo, a-t-on appris de responsables locaux et d&rsquo;experts.<\/strong><\/span><\/p>\n<p class=\"p2 c4\">\u00a0<\/p>\n<p class=\"p3 c5\"><span class=\"c2\">La localit\u00e9 de Kisima \u00ab a \u00e9t\u00e9 attaqu\u00e9e par les ADF hier dans la soir\u00e9e, le bilan est \u00e0 onze morts \u00bb, a d\u00e9clar\u00e9 Bozi Sindiwako, chef de secteur de Rwenzori au Nord-Kivu. Ce \u00ab bilan provisoire \u00bb a \u00e9t\u00e9 confirm\u00e9 par des experts du Barom\u00e8tre s\u00e9curitaire du Kivu (KST). Deux autres personnes ont \u00e9t\u00e9 tu\u00e9es dans une autre attaque la m\u00eame nuit \u00e0 Oicha, selon son bourgmestre Nicolas Kikuku.<\/span><\/p>\n<p class=\"p3 c5\"><span class=\"c2\">Plus de trois millions d&rsquo;enfants \u00ab\u00a0en danger\u00a0\u00bb<span class=\"Apple-converted-space\">\u00a0<\/span><\/span><\/p>\n<p class=\"p3 c5\"><span class=\"c2\">Dans un rapport tout r\u00e9cemment, le Fonds des Nations unies pour l&rsquo;Enfance (Unicef) d\u00e9nonce le silence et l&rsquo;inaction de la communaut\u00e9 internationale face \u00e0 la situation des d\u00e9plac\u00e9s en R\u00e9publique d\u00e9mocratique du Congo (RDC), notamment dans l&rsquo;Est du pays o\u00f9 des dizaines de groupes arm\u00e9s s\u00e8ment la terreur. Les enfants en sont les premi\u00e8res victimes. Une \u00ab\u00a0g\u00e9n\u00e9ration en danger\u00a0\u00bb, comme le souligne l\u2019organisation de l\u2019ONU qui a recueilli plusieurs t\u00e9moignages. Les pr\u00e9noms des enfants ont \u00e9t\u00e9 modifi\u00e9s.<\/span><\/p>\n<p class=\"p3 c5\"><span class=\"c2\">Seul survivant et laiss\u00e9e pour morte<\/span><\/p>\n<p class=\"p3 c5\"><span class=\"c2\">Sami, 14 ans, a fui seul son village dans la province de l\u2019Ituri, \u00e0 l\u2019est de la RDC, en ao\u00fbt 2020, apr\u00e8s le passage de ce que l\u2019on appelle commun\u00e9ment \u00ab\u00a0les hommes arm\u00e9s\u00a0\u00bb. L\u2019attaque perp\u00e9tr\u00e9e dans la nuit a d\u00e9cim\u00e9 sa famille. Ses parents, ainsi que ses deux fr\u00e8res et quatre s\u0153urs, ont \u00e9t\u00e9 tu\u00e9s sous ses yeux. L\u2019adolescent a r\u00e9ussi \u00e0 s\u2019enfuir malgr\u00e9 une grave blessure \u00e0 la jambe droite.<span class=\"Apple-converted-space\">\u00a0<\/span><\/span><\/p>\n<p>Auteur: letemps1<br \/>\n<a href=\"http:\/\/www.letemps.com.tn\/article\/119452\/13-morts-dans-deux-attaques-forces-d%C3%A9mocratiques-alli%C3%A9es\">Cliquez ici pour lire l&rsquo;article depuis sa source.<\/a><\/p>\n","protected":false},"excerpt":{"rendered":"<p>Le Temps-Agences-Au moins treize personnes ont \u00e9t\u00e9 tu\u00e9es, dont un militaire, dans la nuit de mardi \u00e0 hier dans deux attaques. Elles ont \u00e9t\u00e9 attribu\u00e9es aux membres du groupe arm\u00e9 Forces d\u00e9mocratiques alli\u00e9es (ADF) \u00e0 Beni dans l&rsquo;Est de la R\u00e9publique d\u00e9mocratique du Congo, a-t-on appris de responsables locaux et d&rsquo;experts. \u00a0 La localit\u00e9 de [&hellip;]<\/p>\n","protected":false},"author":1773,"featured_media":0,"comment_status":"closed","ping_status":"closed","sticky":false,"template":"","format":"standard","meta":{"fifu_image_url":"","fifu_image_alt":"","footnotes":""},"categories":[73,55],"tags":[],"class_list":["post-112028","post","type-post","status-publish","format-standard","hentry","category-actualite","category-tunisie"],"_links":{"self":[{"href":"https:\/\/linitiative.ca\/International\/wp-json\/wp\/v2\/posts\/112028","targetHints":{"allow":["GET"]}}],"collection":[{"href":"https:\/\/linitiative.ca\/International\/wp-json\/wp\/v2\/posts"}],"about":[{"href":"https:\/\/linitiative.ca\/International\/wp-json\/wp\/v2\/types\/post"}],"author":[{"embeddable":true,"href":"https:\/\/linitiative.ca\/International\/wp-json\/wp\/v2\/users\/1773"}],"replies":[{"embeddable":true,"href":"https:\/\/linitiative.ca\/International\/wp-json\/wp\/v2\/comments?post=112028"}],"version-history":[{"count":0,"href":"https:\/\/linitiative.ca\/International\/wp-json\/wp\/v2\/posts\/112028\/revisions"}],"wp:attachment":[{"href":"https:\/\/linitiative.ca\/International\/wp-json\/wp\/v2\/media?parent=112028"}],"wp:term":[{"taxonomy":"category","embeddable":true,"href":"https:\/\/linitiative.ca\/International\/wp-json\/wp\/v2\/categories?post=112028"},{"taxonomy":"post_tag","embeddable":true,"href":"https:\/\/linitiative.ca\/International\/wp-json\/wp\/v2\/tags?post=112028"}],"curies":[{"name":"wp","href":"https:\/\/api.w.org\/{rel}","templated":true}]}}