{"id":112029,"date":"2021-02-25T11:00:00","date_gmt":"2021-02-25T16:00:00","guid":{"rendered":"https:\/\/linitiative.ca\/International\/la-diplomatie-entre-en-scene-les-manifestations-continuent\/"},"modified":"2021-02-25T11:00:00","modified_gmt":"2021-02-25T16:00:00","slug":"la-diplomatie-entre-en-scene-les-manifestations-continuent","status":"publish","type":"post","link":"https:\/\/linitiative.ca\/International\/la-diplomatie-entre-en-scene-les-manifestations-continuent\/","title":{"rendered":"La diplomatie entre en sc\u00e8ne, les manifestations continuent"},"content":{"rendered":"<p class=\"p1 c3\"><span class=\"c2\"><strong>Le Temps- Agences- Le ministre des Affaires \u00e9trang\u00e8res birman, nomm\u00e9 par la junte, s&rsquo;est rendu \u00e0 Bangkok hier pour des discussions avec les puissances r\u00e9gionales qui tentent de mettre fin \u00e0 trois semaines de manifestations entach\u00e9es de quatre victimes, suite au coup d&rsquo;Etat men\u00e9 par les g\u00e9n\u00e9raux en Birmanie.<\/strong><\/span><\/p>\n<p class=\"p1 c4\"><span class=\"c2\">Wunna Maung Lwin s&rsquo;est entretenu avec ses homologues de Tha\u00eflande et d&rsquo;Indon\u00e9sie au cours de la premi\u00e8re rencontre connue entre un membre de la junte et des repr\u00e9sentants de gouvernements \u00e9trangers.<\/span><\/p>\n<p class=\"p1 c4\"><span class=\"c2\">Cela fait plusieurs semaines que l&rsquo;arm\u00e9e birmane est sous le feu des condamnations internationales pour avoir renvers\u00e9 la cheffe du gouvernement civil Aung San Suu Kyi lors d&rsquo;un putsch le 1er f\u00e9vrier dernier.<\/span><\/p>\n<p class=\"p1 c4\"><span class=\"c2\">Chez elle, la junte fait face \u00e0 des manifestations quotidiennes massives et \u00e0 un mouvement de d\u00e9sob\u00e9issance civique qui touche toutes les composantes de la soci\u00e9t\u00e9 birmane.<\/span><\/p>\n<p class=\"p1 c4\"><span class=\"c2\">Le porte-parole du minist\u00e8re tha\u00eflandais des Affaires \u00e9trang\u00e8res, Tanee Sanrat, a confirm\u00e9 aux journalistes que Mme Marsudi &#8211; actuellement \u00e0 Bangkok &#8211; avait rencontr\u00e9 Wunna Maung Lwin en Tha\u00eflande, ainsi que le chef de la diplomatie du royaume, Don Pramudwinai.<\/span><\/p>\n<p class=\"p1 c4\"><span class=\"c2\">\u00ab\u00a0Nous n&rsquo;avions pas pr\u00e9vu cela, mais oui\u00a0\u00bb, la rencontre a bien eu lieu, a-t-il \u00e9crit.<\/span><\/p>\n<p class=\"p1 c4\"><span class=\"c2\">Une autre source gouvernementale a confirm\u00e9 qu&rsquo;il y avait \u00ab\u00a0une r\u00e9union tripartite entre les ministres de l&rsquo;Indon\u00e9sie, de la Tha\u00eflande et de la Birmanie, propos\u00e9e par la Tha\u00eflande\u00a0\u00bb.<\/span><\/p>\n<p class=\"p1 c4\"><span class=\"c2\">Aucun d\u00e9tail n&rsquo;a \u00e9t\u00e9 divulgu\u00e9 sur la teneur des discussions.<\/span><\/p>\n<p class=\"p1 c4\"><span class=\"c2\">Sans confirmer la rencontre, le Premier ministre tha\u00eflandais Prayut Chan-O-Cha &#8211; arriv\u00e9 au pouvoir \u00e0 la suite d&rsquo;un coup d&rsquo;\u00c9tat en 2014 &#8211; a d\u00e9clar\u00e9 que la question \u00e9tait \u00ab\u00a0trait\u00e9e par le minist\u00e8re des Affaires \u00e9trang\u00e8res\u00a0\u00bb.<\/span><\/p>\n<p class=\"p1 c4\"><span class=\"c2\">\u00ab\u00a0Nous sommes des voisins amicaux qui doivent s&rsquo;\u00e9couter les uns les autres &#8230; nous sommes l&rsquo;un des membres de l&rsquo;ASEAN, nous voulons voir de la coop\u00e9ration et nous envoyons notre soutien moral pour que tout soit pacifique\u00a0\u00bb, a-t-il conclu.<\/span><\/p>\n<p class=\"p1 c4\"><span class=\"c2\">Plus t\u00f4t hier, des centaines de manifestants se sont rassembl\u00e9s pour le deuxi\u00e8me jour cons\u00e9cutif devant l&rsquo;ambassade d&rsquo;Indon\u00e9sie, dans le centre de Rangoun, la plus grande ville birmane.<\/span><\/p>\n<p class=\"p1 c4\"><span class=\"c2\">M\u00e9contents que ce pays voisin envisage de n\u00e9gocier avec la junte &#8211; officiellement nomm\u00e9e Conseil d&rsquo;administration de l&rsquo;Etat -, ils portaient des pancartes disant \u00ab\u00a0Arr\u00eatez de n\u00e9gocier avec eux\u00a0\u00bb et \u00ab\u00a0Indon\u00e9sie, ne soutenez pas le dictateur\u00a0\u00bb.<\/span><\/p>\n<p class=\"p1 c4\"><span class=\"c2\">\u00ab\u00a0Le Conseil d&rsquo;administration de l&rsquo;\u00c9tat militaire n&rsquo;est pas notre gouvernement l\u00e9gitime\u00a0\u00bb, a d\u00e9clar\u00e9 Seinn Lae Maung, une manifestante au drapeau birman peint sur le visage.<\/span><\/p>\n<p class=\"p1 c4\"><span class=\"c2\">Ces trois derni\u00e8res semaines, les g\u00e9n\u00e9raux n&rsquo;ont pas cess\u00e9 d&rsquo;intensifier le recours \u00e0 la force afin d&rsquo;affaiblir la mobilisation en faveur de la d\u00e9mocratie en Birmanie, o\u00f9 des milliers de personnes les ont d\u00e9fi\u00e9s en descendant quotidiennement dans les rues.<\/span><\/p>\n<p class=\"p1 c4\"><span class=\"c2\">Ils ont utilis\u00e9 des gaz lacrymog\u00e8nes, des canons \u00e0 eau et des balles en caoutchouc contre les manifestants, des actions isol\u00e9es \u00e0 balles r\u00e9elles ont \u00e9galement eu lieu.<\/span><\/p>\n<p class=\"p1 c4\"><span class=\"c2\">Jusqu&rsquo;\u00e0 pr\u00e9sent, trois personnes ont \u00e9t\u00e9 tu\u00e9es pendant des manifestations et un homme qui patrouillait pour \u00e9viter des arrestations massives dans son quartier, \u00e0 Rangoun, a \u00e9t\u00e9 abattu.<\/span><\/p>\n<p class=\"p1 c4\"><span class=\"c2\">La famille et les amis de Tin Htut Hein, 30 ans, lui ont rendu un dernier hommage hier lors de ses fun\u00e9railles.<\/span><\/p>\n<p class=\"p1 c4\"><span class=\"c2\">Dans l&rsquo;assistance, certains portaient des T-shirts avec son visage imprim\u00e9 en signe de deuil, tandis que d&rsquo;autres pla\u00e7aient des roses sur une pancarte indiquant \u00ab\u00a0la dictature doit \u00e9chouer\u00a0\u00bb.<\/span><\/p>\n<p class=\"p1 c4\"><span class=\"c2\">Les manifestations se sont poursuivies dans tout le pays hier, de Rangoun &#8211; o\u00f9 des groupes ethniques minoritaires v\u00eatus de leurs tenues traditionnelles ont d\u00e9fil\u00e9 avec leurs drapeaux &#8211; jusqu&rsquo;\u00e0 la deuxi\u00e8me plus grande ville du pays, Mandalay, o\u00f9 des manifestants ont d\u00e9fil\u00e9 \u00e0 dos d&rsquo;\u00e9l\u00e9phants.<\/span><\/p>\n<p class=\"p1 c4\"><span class=\"c2\">Les pachydermes portaient sur leur croupe une inscription disant \u00ab\u00a0\u00c0 bas la dictature militaire\u00a0\u00bb en birman.<\/span><\/p>\n<p class=\"p1 c4\"><span class=\"c2\">Depuis son arrestation au petit matin le 1er f\u00e9vrier, Aung San Suu Kyi n&rsquo;a pas \u00e9t\u00e9 vue en public.<\/span><\/p>\n<p class=\"p1 c3\">\u00a0<\/p>\n<p class=\"p1 c4\"><span class=\"c2\">La laur\u00e9ate du prix Nobel de la paix, 75 ans, tenue au secret depuis son arrestation, est inculp\u00e9e pour des motifs non politiques, accus\u00e9e d&rsquo;avoir import\u00e9 \u00ab\u00a0ill\u00e9galement\u00a0\u00bb des talkies-walkies et d&rsquo;avoir viol\u00e9 une loi sur la gestion des catastrophes naturelles. Une audience est pr\u00e9vue le 1er mars.<\/span><\/p>\n<p>Auteur: letemps1<br \/>\n<a href=\"http:\/\/www.letemps.com.tn\/article\/119453\/la-diplomatie-entre-en-sc%C3%A8ne-les-manifestations-continuent\">Cliquez ici pour lire l&rsquo;article depuis sa source.<\/a><\/p>\n","protected":false},"excerpt":{"rendered":"<p>Le Temps- Agences- Le ministre des Affaires \u00e9trang\u00e8res birman, nomm\u00e9 par la junte, s&rsquo;est rendu \u00e0 Bangkok hier pour des discussions avec les puissances r\u00e9gionales qui tentent de mettre fin \u00e0 trois semaines de manifestations entach\u00e9es de quatre victimes, suite au coup d&rsquo;Etat men\u00e9 par les g\u00e9n\u00e9raux en Birmanie. Wunna Maung Lwin s&rsquo;est entretenu avec [&hellip;]<\/p>\n","protected":false},"author":1773,"featured_media":0,"comment_status":"closed","ping_status":"closed","sticky":false,"template":"","format":"standard","meta":{"fifu_image_url":"","fifu_image_alt":"","footnotes":""},"categories":[73,55],"tags":[],"class_list":["post-112029","post","type-post","status-publish","format-standard","hentry","category-actualite","category-tunisie"],"_links":{"self":[{"href":"https:\/\/linitiative.ca\/International\/wp-json\/wp\/v2\/posts\/112029","targetHints":{"allow":["GET"]}}],"collection":[{"href":"https:\/\/linitiative.ca\/International\/wp-json\/wp\/v2\/posts"}],"about":[{"href":"https:\/\/linitiative.ca\/International\/wp-json\/wp\/v2\/types\/post"}],"author":[{"embeddable":true,"href":"https:\/\/linitiative.ca\/International\/wp-json\/wp\/v2\/users\/1773"}],"replies":[{"embeddable":true,"href":"https:\/\/linitiative.ca\/International\/wp-json\/wp\/v2\/comments?post=112029"}],"version-history":[{"count":0,"href":"https:\/\/linitiative.ca\/International\/wp-json\/wp\/v2\/posts\/112029\/revisions"}],"wp:attachment":[{"href":"https:\/\/linitiative.ca\/International\/wp-json\/wp\/v2\/media?parent=112029"}],"wp:term":[{"taxonomy":"category","embeddable":true,"href":"https:\/\/linitiative.ca\/International\/wp-json\/wp\/v2\/categories?post=112029"},{"taxonomy":"post_tag","embeddable":true,"href":"https:\/\/linitiative.ca\/International\/wp-json\/wp\/v2\/tags?post=112029"}],"curies":[{"name":"wp","href":"https:\/\/api.w.org\/{rel}","templated":true}]}}