{"id":112030,"date":"2021-02-25T11:00:00","date_gmt":"2021-02-25T16:00:00","guid":{"rendered":"https:\/\/linitiative.ca\/International\/la-politique-dendiguement-cherche-a-enchainer-la-russie\/"},"modified":"2021-02-25T11:00:00","modified_gmt":"2021-02-25T16:00:00","slug":"la-politique-dendiguement-cherche-a-enchainer-la-russie","status":"publish","type":"post","link":"https:\/\/linitiative.ca\/International\/la-politique-dendiguement-cherche-a-enchainer-la-russie\/","title":{"rendered":"La politique d\u2019\u00abendiguement\u00bb  cherche \u00e0 \u00abencha\u00eener\u00bb la Russie"},"content":{"rendered":"<p class=\"p1 c3\"><span class=\"c2\"><strong>Le Temps-Agences-Selon le pr\u00e9sident russe Vladimir Poutine, l\u2019Occident essaye d\u2019encha\u00eener son pays avec des sanctions \u00e9conomiques.<\/strong><\/span><\/p>\n<p class=\"p1 c4\"><span class=\"c2\">Le pr\u00e9sident russe Vladimir Poutine a appel\u00e9 hier ses services de s\u00e9curit\u00e9, le FSB, \u00e0 faire face \u00e0 la politique occidentale d\u2019\u00abendiguement\u00bb qui cherche \u00e0 \u00abencha\u00eener\u00bb la Russie avec ses multiples sanctions.<\/span><\/p>\n<p class=\"p1 c4\"><span class=\"c2\">Les relations entre Russes et Occidentaux n\u2019ont cess\u00e9 de se d\u00e9grader ces derni\u00e8res ann\u00e9es et sont au plus bas depuis la fin de la Guerre Froide. Et l\u2019empoisonnement puis l\u2019incarc\u00e9ration de l\u2019opposant russe Alexe\u00ef Navalny ont entra\u00een\u00e9 un regain de tensions et de nouvelles sanctions.<\/span><\/p>\n<p class=\"p2 c5\">\u00a0<\/p>\n<p class=\"p3 c6\"><span class=\"c2\"><strong>Sanctions \u00e9conomiques<\/strong><\/span><\/p>\n<p class=\"p1 c4\"><span class=\"c2\">\u00abNous sommes confront\u00e9s \u00e0 une politique dite d\u2019endiguement de la Russie\u00bb, a l\u00e2ch\u00e9 Vladimir Poutine, reprenant le terme associ\u00e9 \u00e0 la politique \u00e9trang\u00e8re am\u00e9ricaine ayant vis\u00e9 \u00e0 lutter contre l\u2019influence sovi\u00e9tique.<\/span><\/p>\n<p class=\"p1 c4\"><span class=\"c2\">\u00abIl ne s\u2019agit pas seulement d\u2019une concurrence normale dans les relations internationales mais d\u2019une ligne coh\u00e9rente et agressive visant \u00e0 perturber notre d\u00e9veloppement, \u00e0 le ralentir\u00bb, a poursuivi Vladimir Poutine devant le Congr\u00e8s annuel du FSB, l\u2019une des organisations qui ont succ\u00e9d\u00e9 au KGB et qu\u2019il a un temps dirig\u00e9.<\/span><\/p>\n<p class=\"p1 c4\"><span class=\"c2\">Selon lui, l\u2019Occident tente d\u2019\u00abencha\u00eener (la Russie) avec des sanctions \u00e9conomiques\u00bb, de saper sa stabilit\u00e9 et ses valeurs pour \u00abau final affaiblir la Russie et la contr\u00f4ler de l\u2019ext\u00e9rieur\u00bb.<\/span><\/p>\n<p class=\"p1 c4\"><span class=\"c2\">Ces d\u00e9clarations interviennent \u00e0 un moment o\u00f9 les Occidentaux et les Russes sont \u00e0 nouveau \u00e0 couteaux tir\u00e9s sur le dossier de Alexe\u00ef Navalny.<\/span><\/p>\n<p class=\"p2 c5\">\u00a0<\/p>\n<p class=\"p3 c6\"><span class=\"c2\"><strong>\u00abUne approche coercitive\u00bb<\/strong><\/span><\/p>\n<p class=\"p1 c4\"><span class=\"c2\">Lundi, l\u2019Union europ\u00e9enne a annonc\u00e9 sanctionner quatre hauts fonctionnaires russes impliqu\u00e9s dans les proc\u00e9dures judiciaires engag\u00e9es \u00e0 l\u2019encontre d\u2019Alexe\u00ef Navalny et dans la r\u00e9pression de ses partisans.<\/span><\/p>\n<p class=\"p1 c4\"><span class=\"c2\">Plusieurs pays europ\u00e9ens ont \u00e9galement r\u00e9clam\u00e9 l\u2019arr\u00eat de la construction du gazoduc Nord Stream 2 qui doit relier la Russie \u00e0 l\u2019Allemagne et suscite l\u2019opposition des Etats-Unis. Pour l\u2019heure, Berlin s\u2019y refuse. Outre l\u2019affaire Navalny, Moscou et les Occidentaux se sont oppos\u00e9s sur de nombreux dossiers ces derni\u00e8res ann\u00e9es, notamment dans les conflits syrien, ukrainien et libyen, et s\u2019accusent mutuellement d\u2019ing\u00e9rence dans leurs affaires int\u00e9rieures.<\/span><\/p>\n<p class=\"p1 c3\">\u00a0<\/p>\n<p class=\"p1 c4\"><span class=\"c2\">Mercredi, le chef de la diplomatie russe, Sergue\u00ef Lavrov, a \u00e9galement accus\u00e9 \u00abcertains pays occidentaux\u00bb d\u2019opter pour \u00abune approche coercitive\u00bb et d\u2019user de \u00abm\u00e9thodes d\u2019intimidation ill\u00e9gales\u00bb contre la Russie.<\/span><\/p>\n<p>Auteur: letemps1<br \/>\n<a href=\"http:\/\/www.letemps.com.tn\/article\/119454\/la-politique-d%E2%80%99%C2%ABendiguement%C2%BB-cherche-%C3%A0-%C2%ABencha%C3%AEner%C2%BB-la-russie\">Cliquez ici pour lire l&rsquo;article depuis sa source.<\/a><\/p>\n","protected":false},"excerpt":{"rendered":"<p>Le Temps-Agences-Selon le pr\u00e9sident russe Vladimir Poutine, l\u2019Occident essaye d\u2019encha\u00eener son pays avec des sanctions \u00e9conomiques. Le pr\u00e9sident russe Vladimir Poutine a appel\u00e9 hier ses services de s\u00e9curit\u00e9, le FSB, \u00e0 faire face \u00e0 la politique occidentale d\u2019\u00abendiguement\u00bb qui cherche \u00e0 \u00abencha\u00eener\u00bb la Russie avec ses multiples sanctions. Les relations entre Russes et Occidentaux n\u2019ont [&hellip;]<\/p>\n","protected":false},"author":1773,"featured_media":0,"comment_status":"closed","ping_status":"closed","sticky":false,"template":"","format":"standard","meta":{"fifu_image_url":"","fifu_image_alt":"","footnotes":""},"categories":[73,55],"tags":[],"class_list":["post-112030","post","type-post","status-publish","format-standard","hentry","category-actualite","category-tunisie"],"_links":{"self":[{"href":"https:\/\/linitiative.ca\/International\/wp-json\/wp\/v2\/posts\/112030","targetHints":{"allow":["GET"]}}],"collection":[{"href":"https:\/\/linitiative.ca\/International\/wp-json\/wp\/v2\/posts"}],"about":[{"href":"https:\/\/linitiative.ca\/International\/wp-json\/wp\/v2\/types\/post"}],"author":[{"embeddable":true,"href":"https:\/\/linitiative.ca\/International\/wp-json\/wp\/v2\/users\/1773"}],"replies":[{"embeddable":true,"href":"https:\/\/linitiative.ca\/International\/wp-json\/wp\/v2\/comments?post=112030"}],"version-history":[{"count":0,"href":"https:\/\/linitiative.ca\/International\/wp-json\/wp\/v2\/posts\/112030\/revisions"}],"wp:attachment":[{"href":"https:\/\/linitiative.ca\/International\/wp-json\/wp\/v2\/media?parent=112030"}],"wp:term":[{"taxonomy":"category","embeddable":true,"href":"https:\/\/linitiative.ca\/International\/wp-json\/wp\/v2\/categories?post=112030"},{"taxonomy":"post_tag","embeddable":true,"href":"https:\/\/linitiative.ca\/International\/wp-json\/wp\/v2\/tags?post=112030"}],"curies":[{"name":"wp","href":"https:\/\/api.w.org\/{rel}","templated":true}]}}