{"id":112031,"date":"2021-02-25T15:14:23","date_gmt":"2021-02-25T20:14:23","guid":{"rendered":"https:\/\/linitiative.ca\/International\/international-montervino-ex-capitaine-naples-voir-rui-jouer-a-la-place-de-ghoulam-est-inexplicable\/"},"modified":"2021-02-25T15:14:23","modified_gmt":"2021-02-25T20:14:23","slug":"international-montervino-ex-capitaine-naples-voir-rui-jouer-a-la-place-de-ghoulam-est-inexplicable","status":"publish","type":"post","link":"https:\/\/linitiative.ca\/International\/international-montervino-ex-capitaine-naples-voir-rui-jouer-a-la-place-de-ghoulam-est-inexplicable\/","title":{"rendered":"International : Montervino (ex-capitaine, Naples) : \u00abVoir Rui jouer \u00e0 la place de Ghoulam, est inexplicable \u00bb"},"content":{"rendered":"<div readability=\"32\">\n<p>Auteur : <span>Moumen A.<\/span> <span class=\"time\">jeudi 25 f\u00e9vrier 2021 16:07<\/span><\/p>\n<\/div>\n<div id=\"post_core\" readability=\"47\">\n<p>L\u2019ancien capitaine d\u2019\u00e9quipe de Naples SSC Francesco Montervino,\u00a0 ne trouve pas d\u2019excuses pour Gattuso qui continue \u00e0 ne pas donner plus de temps de jeu \u00e0 l&rsquo;international alg\u00e9rien Faouzi Ghoulam \u00ab Je ne sais pas comment ce soit possible que Faouzi Ghoulam soit sur le banc. Peut-\u00eatre qu&rsquo;il n&rsquo;est pas au meilleur de sa condition physique. Mais c&rsquo;est inexplicable que Mario Rui soit titulaire \u00e0 sa place. \u00bb a d\u00e9clar\u00e9 Francesco dans la presse italienne.<\/p>\n<p><strong>Il est convoqu\u00e9 ce soir contre Granada<\/strong><\/p>\n<p>Gennaro Gattuso, l\u2019entraineur italien de\u00a0 Naples SSC, \u00a0annonce le retour \u00a0l\u2019Alg\u00e9rien Faouzi Ghoulam \u00a0ce soir contre Granada\u00a0: \u00ab\u00a0Koulibaly et Ghoulam \u00e9taient d\u00e9j\u00e0 disponibles contre l\u2019Atalanta Bergame (dimanche dernier) et ils seront ce jeudi avec nous. On verra bien ce qui va se passer car Hysaj n\u2019est aussi pas pr\u00eat\u00a0et Mertens devrait \u00eatre sur le banc\u00bb<\/p>\n<p><strong>Moumen A.<\/strong><\/p>\n<p><strong>Publi\u00e9 dans :<\/strong> <span>faouzi ghoulam<\/span> <span>Francesco Montervino<\/span><\/p>\n<\/div>\n<p>Auteur:<br \/>\n<a href=\"http:\/\/www.lebuteur.com\/article\/detail?titre=montervino-ex-capitaine-naples-voir-rui-jouer-a-la-place-de-ghoulam-est-inexplicable&#038;id=99198&#038;utm_source=feedburner&#038;utm_medium=feed&#038;utm_campaign=Feed%3A+GalerieFArtciles+%28Les+derniers+articles++-+lebuteur.com%29\">Cliquez ici pour lire l&rsquo;article depuis sa source.<\/a><\/p>\n","protected":false},"excerpt":{"rendered":"<p>Auteur : Moumen A. jeudi 25 f\u00e9vrier 2021 16:07 L\u2019ancien capitaine d\u2019\u00e9quipe de Naples SSC Francesco Montervino,\u00a0 ne trouve pas d\u2019excuses pour Gattuso qui continue \u00e0 ne pas donner plus de temps de jeu \u00e0 l&rsquo;international alg\u00e9rien Faouzi Ghoulam \u00ab Je ne sais pas comment ce soit possible que Faouzi Ghoulam soit sur le banc. [&hellip;]<\/p>\n","protected":false},"author":1738,"featured_media":0,"comment_status":"closed","ping_status":"closed","sticky":false,"template":"","format":"standard","meta":{"fifu_image_url":"\/\/cdn.lebuteur.com\/data\/images\/article\/thumbs\/large-montervino-ex-capitaine-naples-voir-rui-jouer-a-la-place-de-ghoulam-est-inexplicable-bf2f5.jpg","fifu_image_alt":"International : Montervino (ex-capitaine, Naples) : \u00abVoir Rui jouer \u00e0 la place de Ghoulam, est inexplicable \u00bb","footnotes":""},"categories":[53,75],"tags":[],"class_list":["post-112031","post","type-post","status-publish","format-standard","hentry","category-algerie","category-sport"],"_links":{"self":[{"href":"https:\/\/linitiative.ca\/International\/wp-json\/wp\/v2\/posts\/112031","targetHints":{"allow":["GET"]}}],"collection":[{"href":"https:\/\/linitiative.ca\/International\/wp-json\/wp\/v2\/posts"}],"about":[{"href":"https:\/\/linitiative.ca\/International\/wp-json\/wp\/v2\/types\/post"}],"author":[{"embeddable":true,"href":"https:\/\/linitiative.ca\/International\/wp-json\/wp\/v2\/users\/1738"}],"replies":[{"embeddable":true,"href":"https:\/\/linitiative.ca\/International\/wp-json\/wp\/v2\/comments?post=112031"}],"version-history":[{"count":0,"href":"https:\/\/linitiative.ca\/International\/wp-json\/wp\/v2\/posts\/112031\/revisions"}],"wp:attachment":[{"href":"https:\/\/linitiative.ca\/International\/wp-json\/wp\/v2\/media?parent=112031"}],"wp:term":[{"taxonomy":"category","embeddable":true,"href":"https:\/\/linitiative.ca\/International\/wp-json\/wp\/v2\/categories?post=112031"},{"taxonomy":"post_tag","embeddable":true,"href":"https:\/\/linitiative.ca\/International\/wp-json\/wp\/v2\/tags?post=112031"}],"curies":[{"name":"wp","href":"https:\/\/api.w.org\/{rel}","templated":true}]}}