{"id":112033,"date":"2021-02-25T04:46:15","date_gmt":"2021-02-25T09:46:15","guid":{"rendered":"https:\/\/linitiative.ca\/International\/hirak-edechra-la-sortie-polemique-de-bengrina-stigmatisation-gratuite-et-vocabulaire-qui-divise\/"},"modified":"2021-02-25T04:46:15","modified_gmt":"2021-02-25T09:46:15","slug":"hirak-edechra-la-sortie-polemique-de-bengrina-stigmatisation-gratuite-et-vocabulaire-qui-divise","status":"publish","type":"post","link":"https:\/\/linitiative.ca\/International\/hirak-edechra-la-sortie-polemique-de-bengrina-stigmatisation-gratuite-et-vocabulaire-qui-divise\/","title":{"rendered":"\u00abHirak Edechra\u00bb, la sortie pol\u00e9mique de Bengrina : Stigmatisation gratuite et vocabulaire qui divise"},"content":{"rendered":"<h4 class=\"title-14\"\/>\n<div class=\"featured_image\"><img loading=\"lazy\" decoding=\"async\" width=\"620\" height=\"400\" src=\"https:\/\/www.elwatan.com\/wp-content\/uploads\/2019\/05\/bengrina.jpg\" class=\"attachment-post-thumbnail size-post-thumbnail wp-post-image\" alt=\"\" srcset=\"https:\/\/www.elwatan.com\/wp-content\/uploads\/2019\/05\/bengrina.jpg 620w, https:\/\/www.elwatan.com\/wp-content\/uploads\/2019\/05\/bengrina-300x194.jpg 300w\" sizes=\"auto, (max-width: 620px) 100vw, 620px\"\/><\/div>\n<p class=\"p4\"><em><span class=\"s1\"><strong>M.\u00a0Bengrina sugg\u00e8re que le \u00abhirak originel\u00bb a \u00e9t\u00e9 d\u00e9tourn\u00e9 au profit d\u2019une \u00absecte tribale\u00bb sans la nommer. Dans sa diatribe, l\u2019orateur est revenu \u00e0 la charge en proclamant que \u00able hirak des millions, le hirak authentique, est un hirak politique et n\u2019a jamais \u00e9t\u00e9 un mouvement social\u00bb.<\/strong><\/span><\/em><\/p>\n<p class=\"p4\"><span class=\"s2\"><strong>L<\/strong><\/span><span class=\"s1\"><em>orsqu\u2019un responsable, dans un poste, repr\u00e9sente l\u2019Etat et incarne la confiance plac\u00e9e en lui par le pr\u00e9sident de la R\u00e9publique ou le Premier ministre ou le ministre (de tutelle) ou autre, il ne repr\u00e9sente pas la \u2018\u2018dechra\u2019\u2019<\/em> (le village, ndlr)<em>. Quand un responsable repr\u00e9sente sa dechra, nomme 20 cadres ou plus dans son minist\u00e8re ou dans sa circonscription, tous issus de son patelin, de sa wilaya, au d\u00e9triment des autres wilayas du pays, c\u2019est \u00e7a la catastrophe. Et nous avons alert\u00e9 contre cette attitude en toute franchise, et m\u00eame lors de notre rencontre avec le pr\u00e9sident de la R\u00e9publique, nous avons d\u00e9nonc\u00e9 ces responsables qui repr\u00e9sentent davantage la dechra et ne repr\u00e9sentent pas la patrie, tout comme (nous d\u00e9non\u00e7ons) ceux qui ont voulu transformer le hirak des millions en hirak d\u2019une coterie, en hirak d\u2019une cat\u00e9gorie, en un hirak de dechra et non le hirak de 1541 communes.\u00bb<\/em> Cette d\u00e9claration a \u00e9t\u00e9 faite par Abdelkader Bengrina, pr\u00e9sident du mouvement El Bina, lors d\u2019un meeting qu\u2019il a anim\u00e9 mardi dernier \u00e0 Oran.<\/span><\/p>\n<p class=\"p7\"><span class=\"s1\">Ainsi, M.\u00a0Bengrina sugg\u00e8re que le \u00ab<em>hirak originel<\/em>\u00bb a \u00e9t\u00e9 d\u00e9tourn\u00e9 au profit d\u2019une <em>\u00absecte tribale\u00bb<\/em> sans la nommer. Dans sa diatribe, l\u2019orateur est revenu \u00e0 la charge en proclamant que \u00ab<em>le hirak des millions, le hirak authentique, est un hirak politique et n\u2019a jamais \u00e9t\u00e9 un mouvement social. C\u2019est un hirak contre ceux qui ont voulu l\u2019opposer aux constantes nationales, contre ceux qui ont voulu le r\u00e9duire \u00e0 un hirak villageois apr\u00e8s avoir \u00e9t\u00e9 le hirak d\u2019une nation, et contre ceux qui ont voulu exploiter le hirak et l\u2019instrumentaliser pour briser l\u2019unit\u00e9 nationale<\/em>\u00bb.<\/span><\/p>\n<p class=\"p7\"><span class=\"s1\">Et de rench\u00e9rir\u00a0: <em>\u00abLe hirak authentique s\u2019est \u00e9lev\u00e9 contre ceux qui ont voulu le d\u00e9tourner \u00e0 des fins personnelles ou partisanes ou r\u00e9gionales ou servir un agenda \u00e9tranger, et contre ceux qui ont voulu l\u2019utiliser pour arriver au pouvoir.<\/em>\u00bb<\/span><\/p>\n<p class=\"p7\"><span class=\"s1\">La sortie publique de M.\u00a0Bengrina n\u2019a pas tard\u00e9 \u00e0 faire r\u00e9agir. Sur les r\u00e9seaux sociaux, la formule <em>\u00abhirak edechra\u00bb<\/em> passe mal. La petite phrase malheureuse est v\u00e9cue comme une provocation, <em>\u00abun grave d\u00e9rapage\u00bb<\/em>, comme l\u2019ont qualifi\u00e9e nombre d\u2019internautes. L\u2019historien Amar Mohand-Amer s\u2019interroge, via sa page Facebook\u00a0: <em>\u00abLes propos de Bengrina ne portent-ils pas atteinte \u00e0 l\u2019unit\u00e9 nationale\u00a0?\u00bb<\/em> L\u2019universitaire \u00e9crit dans un autre post\u00a0: \u00ab<em>Le hirak est dans une logique d\u2019unit\u00e9. Les li\u00e8vres du r\u00e9gime, dans la division. Vive l\u2019Alg\u00e9rie plurielle et unie\u00a0!\u00bb<\/em> L\u2019\u00e9crivain Lazhari Labter commente de son c\u00f4t\u00e9\u00a0: <em>\u00abBengrina est l\u2019un des nombreux pitres du syst\u00e8me, utilis\u00e9s pour faire diversion. Gardons le cap sur l\u2019essentiel\u00a0: le changement du syst\u00e8me.\u00bb<\/em> Il y a eu, par ailleurs, de nombreux appels \u00e0 ester en justice le candidat malheureux \u00e0 l\u2019\u00e9lection du \u00ab12\/12\u00bb.<\/span><\/p>\n<p class=\"p7\"><span class=\"s1\">Un facebooker exige l\u2019application \u00e0 son encontre de la<\/span> <span class=\"s3\"><em>\u00abloi 20-05<\/em> <em>du 28 avril 2020 relative \u00e0 la pr\u00e9vention et \u00e0 la lutte<\/em> <em>contre la discrimination<\/em> <em>et le discours de<\/em> <em>haine\u00bb<\/em>. Un utilisateur de Twitter abonde dans le m\u00eame sens\u00a0: <em>\u00abSi les responsables de ce pays et la justice ne r\u00e9agissent pas apr\u00e8s les graves d\u00e9clarations du d\u00e9nomm\u00e9 Bengrina, on peut consid\u00e9rer cela comme une forme de complicit\u00e9 de leur part. Vous pourrez alors dire que le pays est fichu et que nous entrerons dans une profonde discorde.\u00bb<\/em><\/span><\/p>\n<p class=\"p7\"><span class=\"s1\">Notre cons\u0153ur Kenza Khatto a post\u00e9 ce message ironique sur Facebook\u00a0: \u00ab<em>A-t-on demand\u00e9 \u00e0 Bengrina de prendre le si\u00e8ge de Na\u00efma Salhi dans la prochaine APN\u00a0?\u00bb<\/em> De fait, les arguties du leader d\u2019El Bina ne sont pas sans rappeler les billeves\u00e9es hallucinantes de la d\u00e9put\u00e9e, qui s\u2019est fait une sp\u00e9cialit\u00e9 d\u2019accabler les hirakistes en ciblant tout particuli\u00e8rement ceux qu\u2019elle qualifie de <em>\u00abzouaves\u00bb<\/em>. Cela lui avait valu d\u2019ailleurs, elle aussi, une plainte pour \u00abincitation \u00e0 la haine raciale\u00bb.<\/span><\/p>\n<p class=\"p7\"><span class=\"s1\">Si M.\u00a0Bengrina s\u2019\u00e9tait donn\u00e9 la peine de faire un tour ce 22 f\u00e9vrier dans les rues des villes o\u00f9 les citoyens sont sortis, il aurait pu prendre la mesure, sans avoir \u00e0 d\u00e9ployer un outillage sociologique tr\u00e8s sophistiqu\u00e9, de la formidable diversit\u00e9 qui a caract\u00e9ris\u00e9 les marches populaires. Une diversit\u00e9 dont le hirak ne s\u2019est jamais d\u00e9parti, depuis le premier jour. Il aurait alors constat\u00e9 de lui-m\u00eame qu\u2019il n\u2019y a ni MAK, ni Rachad, ni Mossad, ni Daech, ni aucune officine obscure qui aurait fait main basse sur le mouvement.<\/span><\/p>\n<p class=\"p8\"><span class=\"s1\">Et s\u2019il avait pris le soin de discuter avec quelques citoyennes et citoyens pris au hasard, il aurait tout de suite compris que ceux qui se seraient avis\u00e9s de d\u00e9tourner le hirak \u00e0 des fins sectaires ou pour servir des desseins machiav\u00e9liques ou un agenda \u00e9tranger, en seraient pour leurs frais, pour la simple raison que les gens n\u2019ont pas besoin qu\u2019on les tire par l\u2019oreille pour crier leur indignation et exiger un peu de respect de la part de ceux qui tiennent les r\u00eanes de ce magnifique pays.<\/span><\/p>\n<p class=\"p8\"><span class=\"s1\">Au demeurant, et au cas o\u00f9 M.\u00a0Bengrina ne serait pas au courant, lui qui suit visiblement le hirak via les \u00e9crans de t\u00e9l\u00e9vision des cha\u00eenes \u00abentrav\u00e9es\u00bb, le tsunami populaire a balay\u00e9 tous les sigles. Le mouvement a toujours \u00e9t\u00e9 jaloux de son autonomie et il y a fort \u00e0 parier qu\u2019il le restera longtemps encore.<\/span><\/p>\n<p class=\"p8\"><span class=\"s1\">En nous entretenant avec de nombreux manifestants assidus \u00e0 propos de la structuration du hirak, d\u2019aucuns font remarquer que l\u2019absence d\u2019organisation est, pour eux, la meilleure fa\u00e7on de l\u2019immuniser contre toute vell\u00e9it\u00e9 de r\u00e9cup\u00e9ration. Bref, le complotisme aux relents racistes que nous a servis Bengrina, c\u2019est tr\u00e8s exactement le genre de querelles dont<\/span> <span class=\"s4\">on se serait bien pass\u00e9s en ces temps moroses o\u00f9 les Alg\u00e9riens ont surtout besoin de se serrer les coudes.<\/span><\/p>\n<p><span class=\"post-views-label\">Post Views:<\/span> <span class=\"post-views-count\">10\u00a0448<\/span><\/p>\n<p><br class=\"c2\"\/><\/p>\n<div class=\"ichhar-moneytagnative c5\" id=\"ichhar-733435213\">\n<p>Advertisements<\/p>\n<\/div>\n<p><br class=\"c2\"\/><br \/>\n<br class=\"c6\"\/><\/p>\n<p>Auteur: Anis Khecheba<br \/>\n<a href=\"https:\/\/www.elwatan.com\/edition\/actualite\/stigmatisation-gratuite-et-vocabulaire-qui-divise-25-02-2021\">Cliquez ici pour lire l&rsquo;article depuis sa source.<\/a><\/p>\n","protected":false},"excerpt":{"rendered":"<p>M.\u00a0Bengrina sugg\u00e8re que le \u00abhirak originel\u00bb a \u00e9t\u00e9 d\u00e9tourn\u00e9 au profit d\u2019une \u00absecte tribale\u00bb sans la nommer. Dans sa diatribe, l\u2019orateur est revenu \u00e0 la charge en proclamant que \u00able hirak des millions, le hirak authentique, est un hirak politique et n\u2019a jamais \u00e9t\u00e9 un mouvement social\u00bb. Lorsqu\u2019un responsable, dans un poste, repr\u00e9sente l\u2019Etat et [&hellip;]<\/p>\n","protected":false},"author":1743,"featured_media":0,"comment_status":"closed","ping_status":"closed","sticky":false,"template":"","format":"standard","meta":{"fifu_image_url":"https:\/\/www.elwatan.com\/wp-content\/uploads\/2019\/05\/bengrina.jpg","fifu_image_alt":"\u00abHirak Edechra\u00bb, la sortie pol\u00e9mique de Bengrina : Stigmatisation gratuite et vocabulaire qui divise","footnotes":""},"categories":[73,53],"tags":[],"class_list":["post-112033","post","type-post","status-publish","format-standard","hentry","category-actualite","category-algerie"],"_links":{"self":[{"href":"https:\/\/linitiative.ca\/International\/wp-json\/wp\/v2\/posts\/112033","targetHints":{"allow":["GET"]}}],"collection":[{"href":"https:\/\/linitiative.ca\/International\/wp-json\/wp\/v2\/posts"}],"about":[{"href":"https:\/\/linitiative.ca\/International\/wp-json\/wp\/v2\/types\/post"}],"author":[{"embeddable":true,"href":"https:\/\/linitiative.ca\/International\/wp-json\/wp\/v2\/users\/1743"}],"replies":[{"embeddable":true,"href":"https:\/\/linitiative.ca\/International\/wp-json\/wp\/v2\/comments?post=112033"}],"version-history":[{"count":0,"href":"https:\/\/linitiative.ca\/International\/wp-json\/wp\/v2\/posts\/112033\/revisions"}],"wp:attachment":[{"href":"https:\/\/linitiative.ca\/International\/wp-json\/wp\/v2\/media?parent=112033"}],"wp:term":[{"taxonomy":"category","embeddable":true,"href":"https:\/\/linitiative.ca\/International\/wp-json\/wp\/v2\/categories?post=112033"},{"taxonomy":"post_tag","embeddable":true,"href":"https:\/\/linitiative.ca\/International\/wp-json\/wp\/v2\/tags?post=112033"}],"curies":[{"name":"wp","href":"https:\/\/api.w.org\/{rel}","templated":true}]}}