{"id":112034,"date":"2021-02-25T04:47:46","date_gmt":"2021-02-25T09:47:46","guid":{"rendered":"https:\/\/linitiative.ca\/International\/affaire-de-la-raffinerie-augusta-mandat-darret-international-contre-ould-kaddour\/"},"modified":"2021-02-25T04:47:46","modified_gmt":"2021-02-25T09:47:46","slug":"affaire-de-la-raffinerie-augusta-mandat-darret-international-contre-ould-kaddour","status":"publish","type":"post","link":"https:\/\/linitiative.ca\/International\/affaire-de-la-raffinerie-augusta-mandat-darret-international-contre-ould-kaddour\/","title":{"rendered":"Affaire de la raffinerie Augusta : Mandat d\u2019arr\u00eat international contre Ould Kaddour"},"content":{"rendered":"<h4 class=\"title-14\"\/>\n<div class=\"featured_image\"><img loading=\"lazy\" decoding=\"async\" width=\"850\" height=\"557\" src=\"https:\/\/www.elwatan.com\/wp-content\/uploads\/2021\/02\/OULD-KADDOUR-P5-D.-R..gif\" class=\"attachment-post-thumbnail size-post-thumbnail wp-post-image\" alt=\"\"\/><\/div>\n<p class=\"p4\"><em><span class=\"s3\"><strong>Selon les derni\u00e8res informations ayant fuit\u00e9 dans la presse, Abdelmoumen Ould Kaddour m\u00e8nerait une retraite dor\u00e9e, partageant sa vie entre la France et les Emirats arabes unis depuis son limogeage en avril 2019.<\/strong><\/span><\/em><\/p>\n<p class=\"p4\"><span class=\"s3\">U<\/span><span class=\"s3\">n mandat d\u2019arr\u00eat international a \u00e9t\u00e9 \u00e9mis \u00e0 l\u2019encontre de Abdelmoumen Ould Kaddour, ex-PDG de Sonatrach et principal accus\u00e9 dans deux affaires de corruption en instruction au p\u00f4le p\u00e9nal financier de Sidi M\u2019hamed.<\/span><\/p>\n<p class=\"p7\"><span class=\"s3\">C\u2019est ce qu\u2019a annonc\u00e9, hier \u00e0 Hassi R\u2019Mel, le Premier ministre, Abdelaziz Djerad, sans toutefois citer nomm\u00e9ment le coupable pr\u00e9sum\u00e9. <em>\u00abLe p\u00f4le p\u00e9nal \u00e9conomique et financier a ouvert une enqu\u00eate sur l\u2019affaire de la raffinerie d\u2019Augusta, dans laquelle un mandat d\u2019arr\u00eat international a \u00e9t\u00e9 \u00e9mis contre le principal accus\u00e9\u00bb<\/em>, a-t-il d\u00e9clar\u00e9 dans son allocution, \u00e0 l\u2019occasion de la c\u00e9l\u00e9bration du 50<sup>e<\/sup> anniversaire de la nationalisation des hydrocarbures et du 65<sup>e<\/sup> anniversaire de la cr\u00e9ation de l\u2019Union g\u00e9n\u00e9rale des travailleurs alg\u00e9riens (UGTA).<\/span><\/p>\n<p class=\"p7\"><span class=\"s3\">Et de promettre\u00a0: <em>\u00abNous continuerons \u00e0 poursuivre en justice tous les responsables impliqu\u00e9s dans les affaires de corruption et les tentatives d\u2019atteinte \u00e0 l\u2019\u00e9conomie nationale.\u00bb<\/em><\/span><\/p>\n<p class=\"p7\"><span class=\"s3\">Selon les derni\u00e8res informations ayant fuit\u00e9 dans la presse, Abdelmoumen Ould Kaddour m\u00e8nerait une retraite dor\u00e9e, partageant sa vie entre la France et les Emirats arabes unis depuis son limogeage en avril 2019. Il est cit\u00e9 dans deux affaires de corruption ouvertes au niveau du tribunal de Bir Mourad Ra\u00efs puis transf\u00e9r\u00e9es \u00e0 la premi\u00e8re chambre du p\u00f4le financier de Sidi M\u2019hamed pr\u00e8s de la cour d\u2019Alger.<\/span><\/p>\n<p class=\"p7\"><span class=\"s3\">Il s\u2019agit notamment de celle de la raffinerie Augusta (Sicile),\u00a0celle-l\u00e0 m\u00eame cit\u00e9e par le Premier ministre dans son allocution d\u2019hier, et qui a \u00e9t\u00e9 acquise alors que Ould Kaddour \u00e9tait PDG du groupe Sonatrach en 2018, dans des circonstances troubles.<\/span><\/p>\n<p class=\"p7\"><span class=\"s3\">Le fait est que la compagnie alg\u00e9rienne a rachet\u00e9 cette raffinerie vieille de 70 ans, qui appartenait \u00e0 la filiale italienne d\u2019ExxonMobil, \u00e0 hauteur de 725 millions de dollars. Un prix jug\u00e9 exorbitant compte tenu de la v\u00e9tust\u00e9 des installations ainsi que le caract\u00e8re d\u00e9ficitaire de l\u2019usine, qui a pouss\u00e9 la compagnie \u00e0 s\u2019endetter pour un montant de 250 millions de dollars, dont 100 millions de dollars destin\u00e9s aux travaux de maintenance.<\/span><\/p>\n<p class=\"p7\"><span class=\"s3\">Ali Mazighi, ancien collaborateur de l\u2019ex-PDG au moment des faits, a \u00e9t\u00e9 plac\u00e9 en d\u00e9tention provisoire et poursuivi pour \u00abdilapidation de l\u2019argent public\u00bb et \u00ababus de fonction\u00bb dans cette m\u00eame affaire.<\/span><\/p>\n<p class=\"p7\"><span class=\"s3\">L\u2019autre dossier que tra\u00eene Abdelmoumen Ould Kaddour, et qui avait entam\u00e9 sa r\u00e9putation avant m\u00eame qu\u2019il ne soit nomm\u00e9 \u00e0 la t\u00eate de Sonatrach, concerne des march\u00e9s de gr\u00e9 \u00e0 gr\u00e9 octroy\u00e9s dans des conditions suspectes ainsi que des soup\u00e7ons de surfacturations astronomiques r\u00e9v\u00e9l\u00e9es par l\u2019IGF qui entachent sa gestion de la soci\u00e9t\u00e9 BRC (Brown and Roots and Condor), une joint-venture entre Sonatrach et la compagnie am\u00e9ricaine Halliburton. Son nom est cit\u00e9 dans cette affaire aux c\u00f4t\u00e9s de celui de Chakib Khelil.<\/span><\/p>\n<p class=\"p7\"><span class=\"s3\">Il est \u00e0 pr\u00e9ciser que cette affaire avait \u00e9t\u00e9 ouverte en 2006 par le tribunal de Bir Mourad Ra\u00efs avant d\u2019\u00eatre rapidement mise sous le coude des ann\u00e9es durant. Dans un autre volet de cette affaire, Ould Kaddour a \u00e9t\u00e9 accus\u00e9, en novembre 2007, d\u2019\u00abespionnage\u00bb et incarc\u00e9r\u00e9 \u00e0 la prison de Blida avant d\u2019\u00eatre r\u00e9habilit\u00e9 20 mois plus tard et revenir par la grande porte \u00e0 la t\u00eate de Sonatrach, d\u00e9but 2017.<span class=\"Apple-converted-space\">\u00a0<\/span><\/span><\/p>\n<p><span class=\"post-views-label\">Post Views:<\/span> <span class=\"post-views-count\">4\u00a0150<\/span><\/p>\n<p><br class=\"c2\"\/><\/p>\n<div class=\"ichhar-moneytagnative c5\" id=\"ichhar-155590518\">\n<p>Advertisements<\/p>\n<\/div>\n<p><br class=\"c2\"\/><br \/>\n<br class=\"c6\"\/><\/p>\n<p>Auteur: Anis Khecheba<br \/>\n<a href=\"https:\/\/www.elwatan.com\/edition\/actualite\/mandat-darret-international-contre-ould-kaddour-25-02-2021\">Cliquez ici pour lire l&rsquo;article depuis sa source.<\/a><\/p>\n","protected":false},"excerpt":{"rendered":"<p>Selon les derni\u00e8res informations ayant fuit\u00e9 dans la presse, Abdelmoumen Ould Kaddour m\u00e8nerait une retraite dor\u00e9e, partageant sa vie entre la France et les Emirats arabes unis depuis son limogeage en avril 2019. Un mandat d\u2019arr\u00eat international a \u00e9t\u00e9 \u00e9mis \u00e0 l\u2019encontre de Abdelmoumen Ould Kaddour, ex-PDG de Sonatrach et principal accus\u00e9 dans deux affaires [&hellip;]<\/p>\n","protected":false},"author":1743,"featured_media":0,"comment_status":"closed","ping_status":"closed","sticky":false,"template":"","format":"standard","meta":{"fifu_image_url":"https:\/\/www.elwatan.com\/wp-content\/uploads\/2021\/02\/OULD-KADDOUR-P5-D.-R..gif","fifu_image_alt":"Affaire de la raffinerie Augusta : Mandat d\u2019arr\u00eat international contre Ould Kaddour","footnotes":""},"categories":[73,53],"tags":[],"class_list":["post-112034","post","type-post","status-publish","format-standard","hentry","category-actualite","category-algerie"],"_links":{"self":[{"href":"https:\/\/linitiative.ca\/International\/wp-json\/wp\/v2\/posts\/112034","targetHints":{"allow":["GET"]}}],"collection":[{"href":"https:\/\/linitiative.ca\/International\/wp-json\/wp\/v2\/posts"}],"about":[{"href":"https:\/\/linitiative.ca\/International\/wp-json\/wp\/v2\/types\/post"}],"author":[{"embeddable":true,"href":"https:\/\/linitiative.ca\/International\/wp-json\/wp\/v2\/users\/1743"}],"replies":[{"embeddable":true,"href":"https:\/\/linitiative.ca\/International\/wp-json\/wp\/v2\/comments?post=112034"}],"version-history":[{"count":0,"href":"https:\/\/linitiative.ca\/International\/wp-json\/wp\/v2\/posts\/112034\/revisions"}],"wp:attachment":[{"href":"https:\/\/linitiative.ca\/International\/wp-json\/wp\/v2\/media?parent=112034"}],"wp:term":[{"taxonomy":"category","embeddable":true,"href":"https:\/\/linitiative.ca\/International\/wp-json\/wp\/v2\/categories?post=112034"},{"taxonomy":"post_tag","embeddable":true,"href":"https:\/\/linitiative.ca\/International\/wp-json\/wp\/v2\/tags?post=112034"}],"curies":[{"name":"wp","href":"https:\/\/api.w.org\/{rel}","templated":true}]}}