{"id":112035,"date":"2021-02-25T04:48:06","date_gmt":"2021-02-25T09:48:06","guid":{"rendered":"https:\/\/linitiative.ca\/International\/securite-energetique-abdelmadjid-tebboune-fixe-les-priorites\/"},"modified":"2021-02-25T04:48:06","modified_gmt":"2021-02-25T09:48:06","slug":"securite-energetique-abdelmadjid-tebboune-fixe-les-priorites","status":"publish","type":"post","link":"https:\/\/linitiative.ca\/International\/securite-energetique-abdelmadjid-tebboune-fixe-les-priorites\/","title":{"rendered":"S\u00e9curit\u00e9 \u00e9nerg\u00e9tique : Abdelmadjid Tebboune fixe les priorit\u00e9s"},"content":{"rendered":"<h4 class=\"title-14\"\/>\n<p class=\"p3\"><span class=\"s3\"><strong><em>Le Pr\u00e9sident a cit\u00e9, entre autres d\u00e9fis, \u00abl\u2019\u00e9largissement et le d\u00e9veloppement de la prospection et l\u2019exploration\u00bb.<\/em><\/strong><\/span><\/p>\n<p class=\"p5\"><span class=\"s3\"><strong>L<\/strong><\/span><span class=\"s3\">e pr\u00e9sident Tebboune a affirm\u00e9 hier que la transition \u00e9nerg\u00e9tique \u00e9tait l\u2019une des priorit\u00e9s <em>\u00abmajeures\u00bb<\/em> pour consolider la s\u00e9curit\u00e9 \u00e9nerg\u00e9tique, se disant optimiste quant aux perspectives <em>\u00abprometteuses\u00bb<\/em> dans ce domaine.<\/span><\/p>\n<p class=\"p6\"><span class=\"s3\"><em>\u00abEn cette occasion, nous nous rem\u00e9morons, avec solennit\u00e9 et d\u00e9f\u00e9rence, la d\u00e9cision de r\u00e9tablissement de la souverainet\u00e9 nationale sur nos richesses et la d\u00e9termination des fils de l\u2019Alg\u00e9rie parmi les ing\u00e9nieurs et les techniciens \u00e0 relever les d\u00e9fis et \u00e0 gagner le pari (\u2026)\u00bb<\/em>, a d\u00e9clar\u00e9 le pr\u00e9sident Tebboune dans un message \u00e0 l\u2019occasion de la c\u00e9l\u00e9bration du double anniversaire de la cr\u00e9ation de l\u2019UGTA (1956) et de la nationalisation des hydrocarbures (1971).<\/span><\/p>\n<p class=\"p6\"><span class=\"s3\">Et d\u2019ajouter\u00a0: <em>\u00abNous nous enorgueillissons toujours de la d\u00e9termination et de la t\u00e9nacit\u00e9 de ces loyaux nationalistes qui ont permis au secteur de l\u2019\u00e9nergie de maintenir sa production, et aux successeurs desquels, parmi les comp\u00e9tences, les cadres, les travailleurs et travailleuses des hydrocarbures, incombe aujourd\u2019hui la charge de relever les grands d\u00e9fis de l\u2019heure\u00bb.<\/em><\/span><\/p>\n<p class=\"p6\"><span class=\"s3\">Le pr\u00e9sident de la R\u00e9publique a cit\u00e9, entre autres d\u00e9fis, <em>\u00abl\u2019\u00e9largissement et le d\u00e9veloppement de la prospection et l\u2019exploration, le respect des engagements \u00e0 l\u2019\u00e9gard des march\u00e9s \u00e9trangers et l\u2019adaptation aux mutations vers la transition \u00e9nerg\u00e9tique, l\u2019une de nos priorit\u00e9s majeures pour consolider la s\u00e9curit\u00e9 \u00e9nerg\u00e9tique de par les capacit\u00e9s av\u00e9r\u00e9es pour notre pays en mati\u00e8re d\u2019\u00e9nergies non conventionnelles, nouvelles et renouvelables\u00bb. \u00abJe reste convaincu que les perspectives sont prometteuses dans ce domaine, partant du capital exp\u00e9rience et expertise en la mati\u00e8re et la mobilisation des cadres et des travailleuses et travailleurs du secteur pour concr\u00e9tiser la strat\u00e9gie visant \u00e0 renouveler nos r\u00e9serves p\u00e9troli\u00e8res et gazi\u00e8res et \u00e0 d\u00e9velopper les projets de l\u2019industrie manufacturi\u00e8re\u00bb<\/em>, a ajout\u00e9 le pr\u00e9sident de la R\u00e9publique.\u00a0<\/span><\/p>\n<p><span class=\"post-views-label\">Post Views:<\/span> <span class=\"post-views-count\">710<\/span><\/p>\n<p><br class=\"c2\"\/><\/p>\n<div class=\"ichhar-moneytagnative c5\" id=\"ichhar-1004252217\">\n<p>Advertisements<\/p>\n<\/div>\n<p><br class=\"c2\"\/><br \/>\n<br class=\"c6\"\/><\/p>\n<p>Auteur: Anis Khecheba<br \/>\n<a href=\"https:\/\/www.elwatan.com\/edition\/actualite\/securite-energetique-abdelmadjid-tebboune-fixe-les-priorites-25-02-2021\">Cliquez ici pour lire l&rsquo;article depuis sa source.<\/a><\/p>\n","protected":false},"excerpt":{"rendered":"<p>Le Pr\u00e9sident a cit\u00e9, entre autres d\u00e9fis, \u00abl\u2019\u00e9largissement et le d\u00e9veloppement de la prospection et l\u2019exploration\u00bb. Le pr\u00e9sident Tebboune a affirm\u00e9 hier que la transition \u00e9nerg\u00e9tique \u00e9tait l\u2019une des priorit\u00e9s \u00abmajeures\u00bb pour consolider la s\u00e9curit\u00e9 \u00e9nerg\u00e9tique, se disant optimiste quant aux perspectives \u00abprometteuses\u00bb dans ce domaine. \u00abEn cette occasion, nous nous rem\u00e9morons, avec solennit\u00e9 et [&hellip;]<\/p>\n","protected":false},"author":1743,"featured_media":0,"comment_status":"closed","ping_status":"closed","sticky":false,"template":"","format":"standard","meta":{"fifu_image_url":"","fifu_image_alt":"","footnotes":""},"categories":[73,53],"tags":[],"class_list":["post-112035","post","type-post","status-publish","format-standard","hentry","category-actualite","category-algerie"],"_links":{"self":[{"href":"https:\/\/linitiative.ca\/International\/wp-json\/wp\/v2\/posts\/112035","targetHints":{"allow":["GET"]}}],"collection":[{"href":"https:\/\/linitiative.ca\/International\/wp-json\/wp\/v2\/posts"}],"about":[{"href":"https:\/\/linitiative.ca\/International\/wp-json\/wp\/v2\/types\/post"}],"author":[{"embeddable":true,"href":"https:\/\/linitiative.ca\/International\/wp-json\/wp\/v2\/users\/1743"}],"replies":[{"embeddable":true,"href":"https:\/\/linitiative.ca\/International\/wp-json\/wp\/v2\/comments?post=112035"}],"version-history":[{"count":0,"href":"https:\/\/linitiative.ca\/International\/wp-json\/wp\/v2\/posts\/112035\/revisions"}],"wp:attachment":[{"href":"https:\/\/linitiative.ca\/International\/wp-json\/wp\/v2\/media?parent=112035"}],"wp:term":[{"taxonomy":"category","embeddable":true,"href":"https:\/\/linitiative.ca\/International\/wp-json\/wp\/v2\/categories?post=112035"},{"taxonomy":"post_tag","embeddable":true,"href":"https:\/\/linitiative.ca\/International\/wp-json\/wp\/v2\/tags?post=112035"}],"curies":[{"name":"wp","href":"https:\/\/api.w.org\/{rel}","templated":true}]}}