{"id":112036,"date":"2021-02-25T04:49:58","date_gmt":"2021-02-25T09:49:58","guid":{"rendered":"https:\/\/linitiative.ca\/International\/non-respect-du-port-du-masque-et-des-mesures-barrieres-les-specialistes-appellent-a-la-plus-grande-vigilance\/"},"modified":"2021-02-25T04:49:58","modified_gmt":"2021-02-25T09:49:58","slug":"non-respect-du-port-du-masque-et-des-mesures-barrieres-les-specialistes-appellent-a-la-plus-grande-vigilance","status":"publish","type":"post","link":"https:\/\/linitiative.ca\/International\/non-respect-du-port-du-masque-et-des-mesures-barrieres-les-specialistes-appellent-a-la-plus-grande-vigilance\/","title":{"rendered":"Non-respect du port du masque et des mesures barri\u00e8res : Les sp\u00e9cialistes appellent \u00e0 la plus grande vigilance"},"content":{"rendered":"<h4 class=\"title-14\"\/>\n<p class=\"p3\"><em><span class=\"s1\"><strong>Depuis quelques jours, la baisse des contaminations aidant, le port du masque et la distanciation sociale ne sont plus respect\u00e9s dans les regroupements, march\u00e9s, transports publics, les lieux de loisirs. Le P<sup>r<\/sup> Idir Bitam et le D<sup>r<\/sup> Ilyes Akhamokh mettent en garde contre les cons\u00e9quences du non-respect des mesures barri\u00e8res, seuls moyens de lutter contre le virus, toujours en circulation.<\/strong><\/span><\/em><\/p>\n<p class=\"p3\"><span class=\"s2\"><strong>S<\/strong><\/span><span class=\"s2\">i pour le D<sup>r<\/sup> Ilyes Akhamokh, membre du comit\u00e9 scientifique de suivi de la pand\u00e9mie Covid-19, <em>\u00ables rassemblements et regroupements sans respect des mesures barri\u00e8res sont contre-indiqu\u00e9s et risquent de provoquer des milliers de clusters aux cons\u00e9quences sanitaires catastrophiques\u00bb<\/em>, pour le P<sup>r<\/sup> Idir Bitam, expert des maladies transmissibles et pathologies tropicales \u00e0 la direction g\u00e9n\u00e9rale de la recherche scientifique et du d\u00e9veloppement technologique, au minist\u00e8re de l\u2019Enseignement sup\u00e9rieur, <em>\u00abil est tr\u00e8s dangereux de baisser la garde alors que le virus est toujours en circulation. Si la situation d\u2019indiscipline se poursuit, nous allons droit vers une catastrophe\u00bb<\/em>.<\/span><\/p>\n<p class=\"p5\"><span class=\"s2\">Les deux experts s\u2019accordent \u00e0 mettre en garde contre le non-respect du port du masque et de la distanciation sociale. <em>\u00abLa vaccination ne conna\u00eetra pas la cadence des pays europ\u00e9ens. Le nombre de doses est d\u00e9risoire par rapport \u00e0 celui des pays europ\u00e9ens. Si la situation d\u2019indiscipline se poursuit, il faut s\u2019attendre \u00e0 une flamb\u00e9e des contaminations dans une dizaine de jours\u00bb<\/em>, ajoute le professeur Idir Bitam.<\/span><\/p>\n<p class=\"p5\"><span class=\"s2\">Cette crainte est l\u00e9gitime. Depuis, le d\u00e9confinement op\u00e9r\u00e9 il y a quelques jours par les autorit\u00e9s, \u00e0 travers la r\u00e9ouverture des restaurants, des grandes surfaces, des espaces de loisirs, etc., co\u00efncidant avec la baisse du nombre des contaminations et des d\u00e9c\u00e8s, les Alg\u00e9riens ont vite laiss\u00e9 tomber le port du masque et la distanciation sociale. Dans les bus, les march\u00e9s, les magasins, les centres et les aires de loisirs, rares sont les personnes qui portent le masque, alors que les regroupements se sont multipli\u00e9s aussi bien dans les espaces ferm\u00e9s qu\u2019ouverts.<\/span><\/p>\n<p class=\"p5\"><span class=\"s2\">Pour le professeur, <em>\u00abavec ce rel\u00e2chement perceptible, dans une dizaine de jours ou moins, il faut s\u2019attendre \u00e0 une hausse des chiffres. Le virus est encore parmi nous. Les plus vuln\u00e9rables, comme les malades chroniques, les personnes \u00e2g\u00e9es et autres, seront les premi\u00e8res victimes. Nous copions ce qui se fait en Europe, mais il faut prendre en consid\u00e9ration que dans ce continent, la population est disciplin\u00e9e, le taux de vaccination est tr\u00e8s \u00e9lev\u00e9, alors que ce n\u2019est pas le cas chez nous, o\u00f9 le nombre de vaccin\u00e9s reste d\u00e9risoire. Il n\u2019atteindra m\u00eame pas les 10% de la population. Si l\u2019on continue \u00e0 ne pas respecter les mesures barri\u00e8res, il faut s\u2019attendre \u00e0 une catastrophe\u00bb<\/em>.<\/span><\/p>\n<p class=\"p6\"><strong><span class=\"s1\">\u00abGare aux variants\u00bb<\/span><\/strong><\/p>\n<p class=\"p5\"><span class=\"s2\">Le professeur insiste sur le port du masque et la distanciation pour lutter contre le virus, surtout, dit-il, que la souche qui circule encore en Alg\u00e9rie, n\u2019est pas virulente.<\/span><\/p>\n<p class=\"p5\"><span class=\"s2\">Il explique que <em>\u00abla fermeture des fronti\u00e8res a permis d\u2019\u00e9viter l\u2019arriv\u00e9e des nouveaux variants, qui sont d\u00e9j\u00e0 chez nos voisins, notamment la Tunisie, o\u00f9 le nombre de morts par jour a atteint les 70. Mais cela ne veut pas dire que nous sommes \u00e0 l\u2019abri\u00bb<\/em>. <em>\u00abIl nous faut imp\u00e9rativement un centre de surveillance de ces variants o\u00f9 on effectue le s\u00e9quen\u00e7age des souches, qui actuellement se fait en France, parce que nous n\u2019avons pas de laboratoires type P3. A Marseille, o\u00f9 travaille le professeur Raoul, chaque malade hospitalis\u00e9 est d\u00e9pist\u00e9 et la souche est s\u00e9quenc\u00e9e. La seule indication que nous avons actuellement chez nous est l\u2019observation des<\/em> <em>signes cliniques.<\/em><\/span><\/p>\n<p class=\"p5\"><span class=\"s2\"><em>Nous ne pouvons pas \u00eatre \u00e0 l\u2019abri des variants. Nous avons des fronti\u00e8res terrestres ouvertes. Pour preuve, nous avons eu un millier de cas de paludisme et heureusement que la souche africaine de la Covid-19 n\u2019est pas virulente comme l\u2019europ\u00e9enne\u00bb<\/em>, r\u00e9v\u00e8le le P<sup>r<\/sup> Bitam, qui rappelle que la derni\u00e8re vague, qui a fait monter le nombre de contaminations \u00e0 plus d\u2019un millier, a \u00e9t\u00e9 provoqu\u00e9e par une souche import\u00e9e de Turquie par des voyageurs qui sont rentr\u00e9s en Alg\u00e9rie par la Tunisie, par voie terrestre.<\/span><\/p>\n<p class=\"p5\"><span class=\"s2\">Il conclut\u00a0: <em>\u00abIl ne faut jamais enlever le masque, continuer \u00e0 se laver les mains r\u00e9guli\u00e8rement et se dire qu\u2019avec le vaccin, nous sommes de simples cobayes, parce que nous ne savons pas encore comment notre corps r\u00e9agira.\u00bb<\/em><\/span><\/p>\n<p class=\"p6\"><strong><span class=\"s1\">l\u2019importance du port du masque<\/span><\/strong><\/p>\n<p class=\"p5\"><span class=\"s2\">Abondant dans le m\u00eame sens, le D<sup>r<\/sup> Ilyes Akhamokh, membre du comit\u00e9 scientifique de suivi de la pand\u00e9mie de Covid-19, rappelle lui aussi <em>\u00abl\u2019importance\u00bb<\/em> du respect du port du masque et de la distanciation.<\/span><\/p>\n<p class=\"p5\"><span class=\"s2\">Tout en constatant une baisse de vigilance, notamment dans les regroupements, il explique toutefois que <em>\u00abla strat\u00e9gie du comit\u00e9 est d\u2019aller graduellement vers le r\u00e9tr\u00e9cissement ou l\u2019all\u00e9gement des mesures de confinement. Les gens oublient qu\u2019il y a une dizaine de wilayas o\u00f9 le confinement nocturne est maintenu. Il n\u2019y a donc pas eu de rel\u00e2chement total. Le confinement a eu un lourd tribut au niveau \u00e9conomique, social et psychologique. Nous<\/em> <em>sommes oblig\u00e9s d\u2019aller graduellement vers le d\u00e9confinement, mais avec le strict respect du port du masque et la distanciation\u00bb<\/em>.<\/span><\/p>\n<p class=\"p5\"><span class=\"s2\">Le D<sup>r<\/sup> Akhamokh rel\u00e8ve, par ailleurs, que la population r\u00e9agit selon la situation. <em>\u00abNous avions remarqu\u00e9 que lorsque la courbe des contaminations et des d\u00e9c\u00e8s \u00e9tait importante, les gens portaient majoritairement des masques. Mais d\u00e8s que cette courbe a baiss\u00e9, il y a eu un rel\u00e2chement. Nous constatons, aujourd\u2019hui, le non-respect du port de la bavette mais aussi de la distanciation, particuli\u00e8rement dans les lieux de regroupement. Cette situation est tr\u00e8s dangereuse. Il faut que les citoyens sachent que ce virus est toujours pr\u00e9sent et nous r\u00e9serve beaucoup de surprises, notamment avec les variants. Notre but n\u2019est pas d\u2019emp\u00eacher son entr\u00e9e, mais de le retarder au maximum, le temps que l\u2019immunit\u00e9 collective et les vaccins<\/em> au<em>ront fait leur effet sur la population\u00bb<\/em>, souligne le D<sup>r<\/sup> Akhamokh.<\/span><\/p>\n<p class=\"p5\"><span class=\"s2\">Il met en garde les citoyens contre les rassemblements sans respect du port du masque et de la distanciation sociale en disant\u00a0: <em>\u00abLes rassemblements sans mesures barri\u00e8res sont contre-indiqu\u00e9s et risquent de provoquer des milliers de clusters, avec comme cons\u00e9quences la saturation des \u00e9tablissements hospitaliers par des formes graves de contamination. Il n\u2019est pas question d\u2019interdire les rassemblements, mais d\u2019inciter les gens \u00e0 se prot\u00e9ger et \u00e0 prot\u00e9ger leurs familles, notamment les personnes \u00e2g\u00e9es et vuln\u00e9rables, par le port des masques, le lavage des mains et la distanciation sociale.\u00bb<\/em><\/span><\/p>\n<p><span class=\"post-views-label\">Post Views:<\/span> <span class=\"post-views-count\">474<\/span><\/p>\n<p><br class=\"c2\"\/><\/p>\n<div class=\"ichhar-moneytagnative c5\" id=\"ichhar-35016229\">\n<p>Advertisements<\/p>\n<\/div>\n<p><br class=\"c2\"\/><br \/>\n<br class=\"c6\"\/><\/p>\n<p>Auteur: Anis Khecheba<br \/>\n<a href=\"https:\/\/www.elwatan.com\/edition\/actualite\/les-specialistes-appellent-a-la-plus-grande-vigilance-25-02-2021\">Cliquez ici pour lire l&rsquo;article depuis sa source.<\/a><\/p>\n","protected":false},"excerpt":{"rendered":"<p>Depuis quelques jours, la baisse des contaminations aidant, le port du masque et la distanciation sociale ne sont plus respect\u00e9s dans les regroupements, march\u00e9s, transports publics, les lieux de loisirs. Le Pr Idir Bitam et le Dr Ilyes Akhamokh mettent en garde contre les cons\u00e9quences du non-respect des mesures barri\u00e8res, seuls moyens de lutter contre [&hellip;]<\/p>\n","protected":false},"author":1743,"featured_media":0,"comment_status":"closed","ping_status":"closed","sticky":false,"template":"","format":"standard","meta":{"fifu_image_url":"","fifu_image_alt":"","footnotes":""},"categories":[73,53],"tags":[],"class_list":["post-112036","post","type-post","status-publish","format-standard","hentry","category-actualite","category-algerie"],"_links":{"self":[{"href":"https:\/\/linitiative.ca\/International\/wp-json\/wp\/v2\/posts\/112036","targetHints":{"allow":["GET"]}}],"collection":[{"href":"https:\/\/linitiative.ca\/International\/wp-json\/wp\/v2\/posts"}],"about":[{"href":"https:\/\/linitiative.ca\/International\/wp-json\/wp\/v2\/types\/post"}],"author":[{"embeddable":true,"href":"https:\/\/linitiative.ca\/International\/wp-json\/wp\/v2\/users\/1743"}],"replies":[{"embeddable":true,"href":"https:\/\/linitiative.ca\/International\/wp-json\/wp\/v2\/comments?post=112036"}],"version-history":[{"count":0,"href":"https:\/\/linitiative.ca\/International\/wp-json\/wp\/v2\/posts\/112036\/revisions"}],"wp:attachment":[{"href":"https:\/\/linitiative.ca\/International\/wp-json\/wp\/v2\/media?parent=112036"}],"wp:term":[{"taxonomy":"category","embeddable":true,"href":"https:\/\/linitiative.ca\/International\/wp-json\/wp\/v2\/categories?post=112036"},{"taxonomy":"post_tag","embeddable":true,"href":"https:\/\/linitiative.ca\/International\/wp-json\/wp\/v2\/tags?post=112036"}],"curies":[{"name":"wp","href":"https:\/\/api.w.org\/{rel}","templated":true}]}}