{"id":112037,"date":"2021-02-25T04:50:56","date_gmt":"2021-02-25T09:50:56","guid":{"rendered":"https:\/\/linitiative.ca\/International\/deux-cas-ont-ete-enregistres-a-alger-le-variant-britannique-detecte-en-algerie\/"},"modified":"2021-02-25T04:50:56","modified_gmt":"2021-02-25T09:50:56","slug":"deux-cas-ont-ete-enregistres-a-alger-le-variant-britannique-detecte-en-algerie","status":"publish","type":"post","link":"https:\/\/linitiative.ca\/International\/deux-cas-ont-ete-enregistres-a-alger-le-variant-britannique-detecte-en-algerie\/","title":{"rendered":"Deux cas ont \u00e9t\u00e9 enregistr\u00e9s \u00e0 Alger : Le variant britannique d\u00e9tect\u00e9 en Alg\u00e9rie"},"content":{"rendered":"<h4 class=\"title-14\">COVID-19<\/h4>\n<div class=\"featured_image\"><img loading=\"lazy\" decoding=\"async\" width=\"600\" height=\"400\" src=\"https:\/\/www.elwatan.com\/wp-content\/uploads\/2020\/11\/Test-PCR-Covid-19.jpg\" class=\"attachment-post-thumbnail size-post-thumbnail wp-post-image\" alt=\"\" srcset=\"https:\/\/www.elwatan.com\/wp-content\/uploads\/2020\/11\/Test-PCR-Covid-19.jpg 600w, https:\/\/www.elwatan.com\/wp-content\/uploads\/2020\/11\/Test-PCR-Covid-19-300x200.jpg 300w\" sizes=\"auto, (max-width: 600px) 100vw, 600px\"\/><\/div>\n<p class=\"p1\"><span class=\"s1\"><strong>Les cas positifs au variant mutant du Sars-Cov-2 ont \u00e9t\u00e9 identifi\u00e9s \u00e0 Alger.<\/strong><\/span><\/p>\n<p class=\"p3\"><span class=\"s2\"><strong>C<\/strong><\/span><span class=\"s1\">omme il fallait s\u2019y attendre, le variant anglais du virus Sars-CoV-2 a \u00e9t\u00e9 d\u00e9tect\u00e9, le week-end dernier par l\u2019Institut Pasteur d\u2019Alg\u00e9rie (IPA), chez deux personnes test\u00e9es positives \u00e0 la Covid-19 \u00e0 travers les tests RT\/PCR. Une d\u00e9tection faite \u00e0 l\u2019issue des nombreux s\u00e9quen\u00e7ages des \u00e9chantillons lanc\u00e9s dans le cadre des investigations et de la surveillance du virus au niveau de l\u2019unit\u00e9 \u00e0 Sidi Fredj, qui dispose de deux s\u00e9quenceurs.<\/span><\/p>\n<p class=\"p4\"><span class=\"s1\">Il s\u2019agit d\u2019une jeune infirmi\u00e8re exer\u00e7ant \u00e0 l\u2019h\u00f4pital psychiatrique de Ch\u00e9raga, \u00e0 Alger, test\u00e9e positive au variant anglais, actuellement en isolement, et d\u2019un jeune homme qui a \u00e9t\u00e9 pr\u00e9lev\u00e9 au niveau de l\u2019IPA, o\u00f9 il s\u2019est rendu pour faire son test PCR. Ces deux cas, indique-t-on, ont pu avoir le temps de contaminer des personnes de leur entourage.<\/span><\/p>\n<p class=\"p4\"><span class=\"s1\">Les r\u00e9sultats des analyses ont confirm\u00e9 la pr\u00e9sence du variant britannique chez ces deux personnes.<\/span><\/p>\n<p class=\"p4\"><strong><span class=\"s1\">L\u2019information confirm\u00e9e<\/span><\/strong><\/p>\n<p class=\"p4\"><span class=\"s1\">La confirmation est tomb\u00e9e il y a deux jours, selon une source bien inform\u00e9e. \u00ab<em>Le s\u00e9quen\u00e7age g\u00e9nomique a \u00e9t\u00e9 effectu\u00e9 sur plusieurs tests PCR positifs qui pr\u00e9sentaient des doutes. Des analyses sont toujours en cours\u00bb,<\/em> affirme notre source pour justement identifier d\u2019\u00e9ventuels autres cas du variant britannique, qui est plus contagieux et qui inqui\u00e8te s\u00e9rieusement les sp\u00e9cialistes.<\/span><\/p>\n<p class=\"p4\"><span class=\"s1\">Selon toujours la m\u00eame source, l\u2019origine de ces contaminations au variant anglais n\u2019est pas encore identifi\u00e9e. \u00ab<em>D\u2019apr\u00e8s les premiers \u00e9l\u00e9ments en notre possession, l\u2019infirmi\u00e8re de l\u2019h\u00f4pital de Ch\u00e9raga n\u2019aurait pas voyag\u00e9 ces derniers temps dans les pays o\u00f9 le variant anglais est en progression. Une enqu\u00eate \u00e9pid\u00e9miologique est men\u00e9e par le service d\u2019\u00e9pid\u00e9miologie et de m\u00e9decine pr\u00e9ventive (Semep) de l\u2019h\u00f4pital pour identifier les cas contacts, isoler et rechercher le cas z\u00e9ro. Concernant le deuxi\u00e8me cas, aucune information pr\u00e9cise n\u2019est encore disponible pour le moment<\/em>\u00bb, signale notre source, qui appr\u00e9hende une progression massive des contaminations dans les prochains jours avec ce nouveau variant tr\u00e8s contagieux.<\/span><\/p>\n<p class=\"p4\"><span class=\"s1\">Effectivement, la situation \u00e9pid\u00e9miologique est actuellement favorable, avec notamment l\u2019all\u00e9gement de toutes les mesures de restriction dans les diff\u00e9rents secteurs d\u2019activit\u00e9 il y a une dizaine de jours, et le grand rel\u00e2chement des citoyens concernant les mesures barri\u00e8res, notamment le port du masque et la distanciation physique. Le retour au confinement et \u00e0 plus de restrictions, notamment sur les voyages, ne sont pas \u00e0 \u00e9carter pour briser la dynamique d\u2019un \u00e9ventuel rebond de l\u2019\u00e9pid\u00e9mie. D\u2019ailleurs, la suspension des vols d\u2019Air Alg\u00e9rie assurant le rapatriement, d\u00e8s le 1<sup>er<\/sup>\u00a0mars, serait justement li\u00e9e \u00e0 cette mutation d\u00e9tect\u00e9e en Alg\u00e9rie.<\/span><\/p>\n<p class=\"p4\"><strong><span class=\"s1\">L\u2019heure est \u00e0 la vigilance<\/span><\/strong><\/p>\n<p class=\"p4\"><span class=\"s1\">Malgr\u00e9 la stabilisation du nombre de cas de Covid-19, l\u2019heure est \u00e0 la vigilance et au respect strict des mesures barri\u00e8res pour emp\u00eacher une prolif\u00e9ration du virus, dont \u00ab<em>l\u2019ancienne souche s\u2019est fortement affaiblie<\/em>\u00bb, avait d\u00e9clar\u00e9, la semaine derni\u00e8re, \u00e0 <em>El Watan,<\/em> le D<sup>r<\/sup> Fawzi Derrar, virologue et directeur de l\u2019IPA. Rappelons que l\u2019Institut Pasteur d\u2019Alg\u00e9rie a commenc\u00e9 a effectu\u00e9 le s\u00e9quen\u00e7age g\u00e9nomique depuis quelques mois.<\/span><\/p>\n<p class=\"p4\"><span class=\"s1\">Des mutations du virus sans impact sur sa circulation ont \u00e9t\u00e9 identifi\u00e9es sur plusieurs \u00e9chantillons test\u00e9s positifs \u00e0 la Covid-19. Ce qui a d\u2019ailleurs pouss\u00e9 les \u00e9quipes de l\u2019IPA \u00e0 intensifier la surveillance et multiplier les analyses des mutations particuli\u00e8res sur des RT\/PCR positives.<\/span><\/p>\n<p class=\"p4\"><span class=\"s1\">A noter que le variant britannique continue d\u2019\u00e9voluer dans de nombreuses r\u00e9gions du monde avec de nouvelles mutations qui risquent de relancer l\u2019\u00e9pid\u00e9mie. Pour rappel,<\/span> <span class=\"s2\">cette mutation du virus, baptis\u00e9e VOC-202012\/ou B.1.1.7, est apparue mi-septembre \u00e0 Londres ou dans le comt\u00e9 du Kent.<\/span><\/p>\n<p class=\"p4\"><span class=\"s2\">Les premi\u00e8res estimations indiquaient que la mutation aurait \u00e9t\u00e9 \u00e0 l\u2019origine de 62% des contaminations survenues \u00e0 Londres en d\u00e9cembre et de 43% dans le Sud-Est. Le Royaume-Uni a depuis \u00e9t\u00e9 confront\u00e9 \u00e0 de grosses difficult\u00e9s dans ses h\u00f4pitaux, qui ont enregistr\u00e9 des pics de 1500 \u00e0 1800 d\u00e9c\u00e8s quotidiennement.<\/span><\/p>\n<p class=\"p4\"><span class=\"s2\">A tel point qu\u2019un reconfinement strict du pays a finalement \u00e9t\u00e9 d\u00e9cid\u00e9. L\u2019Organisation mondiale de la sant\u00e9 (OMS) a plusieurs fois appel\u00e9 les gouvernements \u00e0 \u00e9tendre le s\u00e9quen\u00e7age du g\u00e9nome, tout en acc\u00e9l\u00e9rant les campagnes de vaccination pour prendre de vitesse ces nouvelles souches, tout en redoutant d\u2019autres mutations dans le monde.<\/span><\/p>\n<p><span class=\"post-views-label\">Post Views:<\/span> <span class=\"post-views-count\">17\u00a0060<\/span><\/p>\n<p><br class=\"c2\"\/><\/p>\n<div class=\"ichhar-moneytagnative c5\" id=\"ichhar-1731110249\">\n<p>Advertisements<\/p>\n<\/div>\n<p><br class=\"c2\"\/><br \/>\n<br class=\"c6\"\/><\/p>\n<p>Auteur: Anis Khecheba<br \/>\n<a href=\"https:\/\/www.elwatan.com\/edition\/actualite\/le-variant-britannique-detecte-en-algerie-25-02-2021\">Cliquez ici pour lire l&rsquo;article depuis sa source.<\/a><\/p>\n","protected":false},"excerpt":{"rendered":"<p>COVID-19 Les cas positifs au variant mutant du Sars-Cov-2 ont \u00e9t\u00e9 identifi\u00e9s \u00e0 Alger. Comme il fallait s\u2019y attendre, le variant anglais du virus Sars-CoV-2 a \u00e9t\u00e9 d\u00e9tect\u00e9, le week-end dernier par l\u2019Institut Pasteur d\u2019Alg\u00e9rie (IPA), chez deux personnes test\u00e9es positives \u00e0 la Covid-19 \u00e0 travers les tests RT\/PCR. Une d\u00e9tection faite \u00e0 l\u2019issue des [&hellip;]<\/p>\n","protected":false},"author":1743,"featured_media":0,"comment_status":"closed","ping_status":"closed","sticky":false,"template":"","format":"standard","meta":{"fifu_image_url":"https:\/\/www.elwatan.com\/wp-content\/uploads\/2020\/11\/Test-PCR-Covid-19.jpg","fifu_image_alt":"Deux cas ont \u00e9t\u00e9 enregistr\u00e9s \u00e0 Alger : Le variant britannique d\u00e9tect\u00e9 en Alg\u00e9rie","footnotes":""},"categories":[73,53],"tags":[],"class_list":["post-112037","post","type-post","status-publish","format-standard","hentry","category-actualite","category-algerie"],"_links":{"self":[{"href":"https:\/\/linitiative.ca\/International\/wp-json\/wp\/v2\/posts\/112037","targetHints":{"allow":["GET"]}}],"collection":[{"href":"https:\/\/linitiative.ca\/International\/wp-json\/wp\/v2\/posts"}],"about":[{"href":"https:\/\/linitiative.ca\/International\/wp-json\/wp\/v2\/types\/post"}],"author":[{"embeddable":true,"href":"https:\/\/linitiative.ca\/International\/wp-json\/wp\/v2\/users\/1743"}],"replies":[{"embeddable":true,"href":"https:\/\/linitiative.ca\/International\/wp-json\/wp\/v2\/comments?post=112037"}],"version-history":[{"count":0,"href":"https:\/\/linitiative.ca\/International\/wp-json\/wp\/v2\/posts\/112037\/revisions"}],"wp:attachment":[{"href":"https:\/\/linitiative.ca\/International\/wp-json\/wp\/v2\/media?parent=112037"}],"wp:term":[{"taxonomy":"category","embeddable":true,"href":"https:\/\/linitiative.ca\/International\/wp-json\/wp\/v2\/categories?post=112037"},{"taxonomy":"post_tag","embeddable":true,"href":"https:\/\/linitiative.ca\/International\/wp-json\/wp\/v2\/tags?post=112037"}],"curies":[{"name":"wp","href":"https:\/\/api.w.org\/{rel}","templated":true}]}}